{"id":65551,"date":"2026-09-01T11:59:30","date_gmt":"2026-09-01T11:59:30","guid":{"rendered":"https:\/\/mycielewo.pl\/?p=65551"},"modified":"2026-09-01T11:59:31","modified_gmt":"2026-09-01T11:59:31","slug":"dowozy-w-roku-szkolnym-2026-2027","status":"publish","type":"post","link":"https:\/\/mycielewo.pl\/?p=65551","title":{"rendered":"Dowozy w roku szkolnym 2026\/2027"},"content":{"rendered":"\n<p class=\"wp-block-paragraph\">Poni\u017cej zamieszczamy plan dowoz\u00f3w obowi\u0105zuj\u0105cy od 2.09.2026 r.<\/p>\n\n\n\n<p class=\"wp-block-paragraph\"><strong>TRASA NR 3<\/strong><\/p>\n\n\n\n<p class=\"wp-block-paragraph\"><strong>Dow\u00f3z<\/strong><\/p>\n\n\n\n<figure class=\"wp-block-table\"><table class=\"has-fixed-layout\"><tbody><tr><td><strong>Miejscowo\u015b\u0107<\/strong><\/td><td><strong>Dow\u00f3z<\/strong><\/td><\/tr><tr><td>Kcynia<\/td><td>7.30<\/td><\/tr><tr><td>Malice PKS<\/td><td>7.35<\/td><\/tr><tr><td>Malice II\/Rzemieniewice<\/td><td>7.37<\/td><\/tr><tr><td>Suchor\u0119cz PKS<\/td><td>7.38<\/td><\/tr><tr><td>Suchor\u0119cz PKS<\/td><td>7.42<\/td><\/tr><tr><td><\/td><td><\/td><\/tr><tr><td><\/td><td><\/td><\/tr><tr><td>S\u0142onawy PKS<\/td><td>7.47<\/td><\/tr><tr><td><\/td><td><\/td><\/tr><tr><td>S\u0142onawy<\/td><td>7.53<\/td><\/tr><tr><td>Szaradowo<\/td><td>7.56<\/td><\/tr><tr><td><\/td><td><\/td><\/tr><tr><td>SP Mycielewo<\/td><td>7.59<\/td><\/tr><tr><td>Zalesie Szaradowo<\/td><td>8.04 8.08<\/td><\/tr><tr><td>Ameryczka<\/td><td>8.11<\/td><\/tr><tr><td>Ameryczka PKS<\/td><td>8.13<\/td><\/tr><tr><td>Zalesie, ul. Kr\u00f3likowska PKS<\/td><td>8.15<\/td><\/tr><tr><td><\/td><td><\/td><\/tr><tr><td>SP Mycielewo<\/td><td>8.17<\/td><\/tr><\/tbody><\/table><\/figure>\n\n\n\n<p class=\"wp-block-paragraph\"><strong>TRASA NR 5<\/strong><\/p>\n\n\n\n<figure class=\"wp-block-table\"><table class=\"has-fixed-layout\"><tbody><tr><td><strong>Miejscowo\u015b\u0107<\/strong><\/td><td><strong>Dow\u00f3z<\/strong><\/td><\/tr><tr><td>Kcynia, ul. Wyrzyska 12<\/td><td>7.33<\/td><\/tr><tr><td>Tupad\u0142y<\/td><td>7.45<\/td><\/tr><tr><td>Rozstrz\u0119bowo<\/td><td>7.51<\/td><\/tr><tr><td>Szczepice PKS<\/td><td>7.53<\/td><\/tr><tr><td>Zab\u0142ocie<\/td><td>7.55<\/td><\/tr><tr><td>Zab\u0142ocie<\/td><td>7.56<\/td><\/tr><tr><td>Szczepice<\/td><td>7.58<\/td><\/tr><tr><td>Suchor\u0119czek<\/td><td>8.00<\/td><\/tr><tr><td>Elizewo PKS<\/td><td>8.03<\/td><\/tr><tr><td>Elizewo PKS<\/td><td>8.05<\/td><\/tr><tr><td>S\u0142onawy<\/td><td>8.07<\/td><\/tr><tr><td>Szaradowo<\/td><td>8.10<\/td><\/tr><tr><td>Zalesie<\/td><td>8.12<\/td><\/tr><tr><td>SP Mycielewo<\/td><td>8.15<\/td><\/tr><\/tbody><\/table><\/figure>\n\n\n\n<figure class=\"wp-block-table\"><table class=\"has-fixed-layout\"><tbody><tr><td><strong>Odw\u00f3z<\/strong><\/td><td>&nbsp;<\/td><\/tr><tr><td>SP Mycielewo<\/td><td>13.05<\/td><\/tr><tr><td>Zalesie<\/td><td>13.10<\/td><\/tr><tr><td>Zalesie, ul. Kr\u00f3likowska PKS<\/td><td>13.15<\/td><\/tr><tr><td><\/td><td><\/td><\/tr><tr><td><\/td><td><\/td><\/tr><tr><td>Ameryczka<\/td><td>13.20<\/td><\/tr><tr><td>Ameryczka (las)<\/td><td>13.22<\/td><\/tr><tr><td>Szaradowo<\/td><td>13.25<\/td><\/tr><tr><td>&nbsp;S\u0142onawy<\/td><td>13.20<\/td><\/tr><tr><td><\/td><td><\/td><\/tr><tr><td>S\u0142onawy PKS<\/td><td>13.35<\/td><\/tr><tr><td>Suchor\u0119cz<\/td><td>13.40<\/td><\/tr><tr><td>Rzemieniewice<\/td><td>13.42<\/td><\/tr><tr><td>Suchor\u0119czek<\/td><td>13.45<\/td><\/tr><tr><td>Szczepice<\/td><td>13.50<\/td><\/tr><tr><td><\/td><td><\/td><\/tr><tr><td><\/td><td><\/td><\/tr><tr><td>Rozstrz\u0119bowo<\/td><td>13.53<\/td><\/tr><tr><td><\/td><td><\/td><\/tr><tr><td>Tupad\u0142y<\/td><td>13.58<\/td><\/tr><tr><td>SP Kcynia, ul. Pobo\u017cnego PKS<\/td><td>14.05<\/td><\/tr><tr><td>SP Kcynia, ul. Wyrzyska<\/td><td>14.16<\/td><\/tr><tr><td>Malice<\/td><td>14.26<\/td><\/tr><tr><td>Mycielewo<\/td><td>14.25<\/td><\/tr><tr><td>Suchor\u0119cz PKS<\/td><td>14.24<\/td><\/tr><tr><td>Suchor\u0119cz PKS<\/td><td>14.25<\/td><\/tr><tr><td>SP Mycielewo<\/td><td>14.37<\/td><\/tr><tr><td>SP Mycielewo<\/td><td>15.00<\/td><\/tr><tr><td>Zalesie PKS<\/td><td>15.03<\/td><\/tr><tr><td>Zalesie, ul. Kr\u00f3likowska<\/td><td>15.06<\/td><\/tr><tr><td>Ameryczka PKS<\/td><td>15.09<\/td><\/tr><tr><td>Ameryczka PKS<\/td><td>15.11<\/td><\/tr><tr><td>Szaradowo<\/td><td>15.14<\/td><\/tr><tr><td>S\u0142onawy<\/td><td>15.17<\/td><\/tr><tr><td><\/td><td><\/td><\/tr><tr><td>S\u0142onawy PKS<\/td><td>15.22<\/td><\/tr><tr><td><\/td><td><\/td><\/tr><tr><td>Suchor\u0119cz<\/td><td>15.25<\/td><\/tr><tr><td><\/td><td><\/td><\/tr><tr><td>Rzemieniewice<\/td><td>15.26<\/td><\/tr><tr><td><\/td><td><\/td><\/tr><tr><td>Malice PKS<\/td><td>15.31<\/td><\/tr><tr><td>Kcynia<\/td><td>15.33<\/td><\/tr><tr><td>Tupad\u0142y<\/td><td>15.38<\/td><\/tr><tr><td>Rozstrz\u0119bowo<\/td><td>15.40<\/td><\/tr><tr><td>Szczepice<\/td><td>15.43<\/td><\/tr><tr><td>Suchor\u0119czek<\/td><td>15.16<\/td><\/tr><tr><td>Szczepice PKS<\/td><td>15.45<\/td><\/tr><tr><td>Mycielewo<\/td><td>15.50<\/td><\/tr><tr><td><\/td><td><\/td><\/tr><\/tbody><\/table><\/figure>\n\n\n\n<p class=\"wp-block-paragraph\"><strong>Uwaga! Na pocz\u0105tku wrze\u015bnia godziny dowoz\u00f3w i odwoz\u00f3w mog\u0105 nieznacznie ulec zmianie<\/strong>,\u00a0<strong>prosz\u0119 zatem by\u0107 na przystankach ok. 5 minut wcze\u015bniej<\/strong>,<strong>\u00a0prosimy te\u017c o cierpliwo\u015b\u0107 w sytuacji ewentualnego op\u00f3\u017anienia autobusu<\/strong>.<\/p>\n","protected":false},"excerpt":{"rendered":"<p>Poni\u017cej zamieszczamy plan dowoz\u00f3w obowi\u0105zuj\u0105cy od 2.09.2026 r. TRASA NR 3 Dow\u00f3z Miejscowo\u015b\u0107 Dow\u00f3z Kcynia 7.30 Malice PKS 7.35 Malice II\/Rzemieniewice 7.37 Suchor\u0119cz PKS 7.38 Suchor\u0119cz PKS 7.42 S\u0142onawy PKS 7.47 S\u0142onawy 7.53 Szaradowo 7.56 SP Mycielewo 7.59 Zalesie Szaradowo 8.04 8.08 Ameryczka 8.11 Ameryczka PKS 8.13 Zalesie, ul. Kr\u00f3likowska PKS 8.15 SP Mycielewo 8.17&hellip; <a class=\"continue\" href=\"https:\/\/mycielewo.pl\/?p=65551\">Kontynuuj czytanie<span> Dowozy w roku szkolnym 2026\/2027<\/span><\/a><\/p>\n","protected":false},"author":4,"featured_media":0,"comment_status":"open","ping_status":"closed","sticky":false,"template":"","format":"standard","meta":{"footnotes":""},"categories":[1],"tags":[],"class_list":["post-65551","post","type-post","status-publish","format-standard","hentry","category-bez-kategorii"],"_links":{"self":[{"href":"https:\/\/mycielewo.pl\/index.php?rest_route=\/wp\/v2\/posts\/65551","targetHints":{"allow":["GET"]}}],"collection":[{"href":"https:\/\/mycielewo.pl\/index.php?rest_route=\/wp\/v2\/posts"}],"about":[{"href":"https:\/\/mycielewo.pl\/index.php?rest_route=\/wp\/v2\/types\/post"}],"author":[{"embeddable":true,"href":"https:\/\/mycielewo.pl\/index.php?rest_route=\/wp\/v2\/users\/4"}],"replies":[{"embeddable":true,"href":"https:\/\/mycielewo.pl\/index.php?rest_route=%2Fwp%2Fv2%2Fcomments&post=65551"}],"version-history":[{"count":1,"href":"https:\/\/mycielewo.pl\/index.php?rest_route=\/wp\/v2\/posts\/65551\/revisions"}],"predecessor-version":[{"id":65564,"href":"https:\/\/mycielewo.pl\/index.php?rest_route=\/wp\/v2\/posts\/65551\/revisions\/65564"}],"wp:attachment":[{"href":"https:\/\/mycielewo.pl\/index.php?rest_route=%2Fwp%2Fv2%2Fmedia&parent=65551"}],"wp:term":[{"taxonomy":"category","embeddable":true,"href":"https:\/\/mycielewo.pl\/index.php?rest_route=%2Fwp%2Fv2%2Fcategories&post=65551"},{"taxonomy":"post_tag","embeddable":true,"href":"https:\/\/mycielewo.pl\/index.php?rest_route=%2Fwp%2Fv2%2Ftags&post=65551"}],"curies":[{"name":"wp","href":"https:\/\/api.w.org\/{rel}","templated":true}]}}