{"id":65549,"date":"2026-09-01T11:48:54","date_gmt":"2026-09-01T11:48:54","guid":{"rendered":"https:\/\/mycielewo.pl\/?p=65549"},"modified":"2026-09-01T12:01:24","modified_gmt":"2026-09-01T12:01:24","slug":"pierwszy-dzwonek-za-nami-inauguracja-roku-szkolnego-2026-2027","status":"publish","type":"post","link":"https:\/\/mycielewo.pl\/?p=65549","title":{"rendered":"Pierwszy dzwonek za nami! Inauguracja roku szkolnego 2026\/2027"},"content":{"rendered":"\n<p class=\"wp-block-paragraph\"><strong>Dzisiaj w Szko\u0142y Podstawowej w Mycielewie odby\u0142a si\u0119 uroczysta inauguracja nowego roku szkolnego 2026\/2027. <\/strong><\/p>\n\n\n\n<p class=\"wp-block-paragraph\">Uczni\u00f3w, rodzic\u00f3w oraz grono pedagogiczne powita\u0142a dyrektor <strong>Katarzyna Walasiewicz<\/strong>, \u017cycz\u0105c wszystkim wytrwa\u0142o\u015bci i licznych sukces\u00f3w w nadchodz\u0105cych miesi\u0105cach. Ca\u0142\u0105 uroczysto\u015b\u0107 poprowadzi\u0142a <strong>Agnieszka Koralewska-Hak<\/strong>. <br>Zgromadzeni na apelu uczniowie z entuzjazmem rozpocz\u0119li kolejny rok nauki, pe\u0142en nowych wyzwa\u0144, wiedzy i radosnych chwil.<\/p>\n\n\n\n<figure class=\"wp-block-gallery has-nested-images columns-5 is-cropped wp-block-gallery-2 is-layout-flex wp-block-gallery-is-layout-flex\">\n<figure class=\"wp-block-image size-full\"><img loading=\"lazy\" decoding=\"async\" width=\"2274\" height=\"1008\" data-id=\"65562\" src=\"https:\/\/mycielewo.pl\/wp-content\/uploads\/2026\/09\/imagr010.jpg\" alt=\"\" class=\"wp-image-65562\" srcset=\"https:\/\/mycielewo.pl\/wp-content\/uploads\/2026\/09\/imagr010.jpg 2274w, https:\/\/mycielewo.pl\/wp-content\/uploads\/2026\/09\/imagr010-767x340.jpg 767w, https:\/\/mycielewo.pl\/wp-content\/uploads\/2026\/09\/imagr010-1536x681.jpg 1536w, https:\/\/mycielewo.pl\/wp-content\/uploads\/2026\/09\/imagr010-2048x908.jpg 2048w\" sizes=\"auto, (max-width: 2274px) 100vw, 2274px\" \/><\/figure>\n\n\n\n<figure class=\"wp-block-image size-full\"><img loading=\"lazy\" decoding=\"async\" width=\"2274\" height=\"1008\" data-id=\"65560\" src=\"https:\/\/mycielewo.pl\/wp-content\/uploads\/2026\/09\/imagr007.jpg\" alt=\"\" class=\"wp-image-65560\" srcset=\"https:\/\/mycielewo.pl\/wp-content\/uploads\/2026\/09\/imagr007.jpg 2274w, https:\/\/mycielewo.pl\/wp-content\/uploads\/2026\/09\/imagr007-767x340.jpg 767w, https:\/\/mycielewo.pl\/wp-content\/uploads\/2026\/09\/imagr007-1536x681.jpg 1536w, https:\/\/mycielewo.pl\/wp-content\/uploads\/2026\/09\/imagr007-2048x908.jpg 2048w\" sizes=\"auto, (max-width: 2274px) 100vw, 2274px\" \/><\/figure>\n\n\n\n<figure class=\"wp-block-image size-full\"><img loading=\"lazy\" decoding=\"async\" width=\"2274\" height=\"1008\" data-id=\"65561\" src=\"https:\/\/mycielewo.pl\/wp-content\/uploads\/2026\/09\/imagr008.jpg\" alt=\"\" class=\"wp-image-65561\" srcset=\"https:\/\/mycielewo.pl\/wp-content\/uploads\/2026\/09\/imagr008.jpg 2274w, https:\/\/mycielewo.pl\/wp-content\/uploads\/2026\/09\/imagr008-767x340.jpg 767w, https:\/\/mycielewo.pl\/wp-content\/uploads\/2026\/09\/imagr008-1536x681.jpg 1536w, https:\/\/mycielewo.pl\/wp-content\/uploads\/2026\/09\/imagr008-2048x908.jpg 2048w\" sizes=\"auto, (max-width: 2274px) 100vw, 2274px\" \/><\/figure>\n\n\n\n<figure class=\"wp-block-image size-full\"><img loading=\"lazy\" decoding=\"async\" width=\"2274\" height=\"1008\" data-id=\"65558\" src=\"https:\/\/mycielewo.pl\/wp-content\/uploads\/2026\/09\/imagr002.jpg\" alt=\"\" class=\"wp-image-65558\" srcset=\"https:\/\/mycielewo.pl\/wp-content\/uploads\/2026\/09\/imagr002.jpg 2274w, https:\/\/mycielewo.pl\/wp-content\/uploads\/2026\/09\/imagr002-767x340.jpg 767w, https:\/\/mycielewo.pl\/wp-content\/uploads\/2026\/09\/imagr002-1536x681.jpg 1536w, https:\/\/mycielewo.pl\/wp-content\/uploads\/2026\/09\/imagr002-2048x908.jpg 2048w\" sizes=\"auto, (max-width: 2274px) 100vw, 2274px\" \/><\/figure>\n\n\n\n<figure class=\"wp-block-image size-full\"><img loading=\"lazy\" decoding=\"async\" width=\"2274\" height=\"1008\" data-id=\"65557\" src=\"https:\/\/mycielewo.pl\/wp-content\/uploads\/2026\/09\/imagr006.jpg\" alt=\"\" class=\"wp-image-65557\" srcset=\"https:\/\/mycielewo.pl\/wp-content\/uploads\/2026\/09\/imagr006.jpg 2274w, https:\/\/mycielewo.pl\/wp-content\/uploads\/2026\/09\/imagr006-767x340.jpg 767w, https:\/\/mycielewo.pl\/wp-content\/uploads\/2026\/09\/imagr006-1536x681.jpg 1536w, https:\/\/mycielewo.pl\/wp-content\/uploads\/2026\/09\/imagr006-2048x908.jpg 2048w\" sizes=\"auto, (max-width: 2274px) 100vw, 2274px\" \/><\/figure>\n\n\n\n<figure class=\"wp-block-image size-full\"><img loading=\"lazy\" decoding=\"async\" width=\"2274\" height=\"1008\" data-id=\"65556\" src=\"https:\/\/mycielewo.pl\/wp-content\/uploads\/2026\/09\/imagr004.jpg\" alt=\"\" class=\"wp-image-65556\" srcset=\"https:\/\/mycielewo.pl\/wp-content\/uploads\/2026\/09\/imagr004.jpg 2274w, https:\/\/mycielewo.pl\/wp-content\/uploads\/2026\/09\/imagr004-767x340.jpg 767w, https:\/\/mycielewo.pl\/wp-content\/uploads\/2026\/09\/imagr004-1536x681.jpg 1536w, https:\/\/mycielewo.pl\/wp-content\/uploads\/2026\/09\/imagr004-2048x908.jpg 2048w\" sizes=\"auto, (max-width: 2274px) 100vw, 2274px\" \/><\/figure>\n\n\n\n<figure class=\"wp-block-image size-full\"><img loading=\"lazy\" decoding=\"async\" width=\"2274\" height=\"1008\" data-id=\"65559\" src=\"https:\/\/mycielewo.pl\/wp-content\/uploads\/2026\/09\/imagr009.jpg\" alt=\"\" class=\"wp-image-65559\" srcset=\"https:\/\/mycielewo.pl\/wp-content\/uploads\/2026\/09\/imagr009.jpg 2274w, https:\/\/mycielewo.pl\/wp-content\/uploads\/2026\/09\/imagr009-767x340.jpg 767w, https:\/\/mycielewo.pl\/wp-content\/uploads\/2026\/09\/imagr009-1536x681.jpg 1536w, https:\/\/mycielewo.pl\/wp-content\/uploads\/2026\/09\/imagr009-2048x908.jpg 2048w\" sizes=\"auto, (max-width: 2274px) 100vw, 2274px\" \/><\/figure>\n\n\n\n<figure class=\"wp-block-image size-full\"><img loading=\"lazy\" decoding=\"async\" width=\"2274\" height=\"1008\" data-id=\"65554\" src=\"https:\/\/mycielewo.pl\/wp-content\/uploads\/2026\/09\/imagr003.jpg\" alt=\"\" class=\"wp-image-65554\" srcset=\"https:\/\/mycielewo.pl\/wp-content\/uploads\/2026\/09\/imagr003.jpg 2274w, https:\/\/mycielewo.pl\/wp-content\/uploads\/2026\/09\/imagr003-767x340.jpg 767w, https:\/\/mycielewo.pl\/wp-content\/uploads\/2026\/09\/imagr003-1536x681.jpg 1536w, https:\/\/mycielewo.pl\/wp-content\/uploads\/2026\/09\/imagr003-2048x908.jpg 2048w\" sizes=\"auto, (max-width: 2274px) 100vw, 2274px\" \/><\/figure>\n\n\n\n<figure class=\"wp-block-image size-full\"><img loading=\"lazy\" decoding=\"async\" width=\"2274\" height=\"1008\" data-id=\"65555\" src=\"https:\/\/mycielewo.pl\/wp-content\/uploads\/2026\/09\/imagr005.jpg\" alt=\"\" class=\"wp-image-65555\" srcset=\"https:\/\/mycielewo.pl\/wp-content\/uploads\/2026\/09\/imagr005.jpg 2274w, https:\/\/mycielewo.pl\/wp-content\/uploads\/2026\/09\/imagr005-767x340.jpg 767w, https:\/\/mycielewo.pl\/wp-content\/uploads\/2026\/09\/imagr005-1536x681.jpg 1536w, https:\/\/mycielewo.pl\/wp-content\/uploads\/2026\/09\/imagr005-2048x908.jpg 2048w\" sizes=\"auto, (max-width: 2274px) 100vw, 2274px\" \/><\/figure>\n\n\n\n<figure class=\"wp-block-image size-full\"><img loading=\"lazy\" decoding=\"async\" width=\"2274\" height=\"1008\" data-id=\"65553\" src=\"https:\/\/mycielewo.pl\/wp-content\/uploads\/2026\/09\/imagr001.jpg\" alt=\"\" class=\"wp-image-65553\" srcset=\"https:\/\/mycielewo.pl\/wp-content\/uploads\/2026\/09\/imagr001.jpg 2274w, https:\/\/mycielewo.pl\/wp-content\/uploads\/2026\/09\/imagr001-1536x681.jpg 1536w, https:\/\/mycielewo.pl\/wp-content\/uploads\/2026\/09\/imagr001-2048x908.jpg 2048w, https:\/\/mycielewo.pl\/wp-content\/uploads\/2026\/09\/imagr001-767x340.jpg 767w\" sizes=\"auto, (max-width: 2274px) 100vw, 2274px\" \/><\/figure>\n<\/figure>\n","protected":false},"excerpt":{"rendered":"<p>Dzisiaj w Szko\u0142y Podstawowej w Mycielewie odby\u0142a si\u0119 uroczysta inauguracja nowego roku szkolnego 2026\/2027. Uczni\u00f3w, rodzic\u00f3w oraz grono pedagogiczne powita\u0142a dyrektor Katarzyna Walasiewicz, \u017cycz\u0105c wszystkim wytrwa\u0142o\u015bci i licznych sukces\u00f3w w nadchodz\u0105cych miesi\u0105cach. Ca\u0142\u0105 uroczysto\u015b\u0107 poprowadzi\u0142a Agnieszka Koralewska-Hak. Zgromadzeni na apelu uczniowie z entuzjazmem rozpocz\u0119li kolejny rok nauki, pe\u0142en nowych wyzwa\u0144, wiedzy i radosnych chwil.<\/p>\n","protected":false},"author":9,"featured_media":0,"comment_status":"open","ping_status":"closed","sticky":false,"template":"","format":"standard","meta":{"footnotes":""},"categories":[1],"tags":[],"class_list":["post-65549","post","type-post","status-publish","format-standard","hentry","category-bez-kategorii"],"_links":{"self":[{"href":"https:\/\/mycielewo.pl\/index.php?rest_route=\/wp\/v2\/posts\/65549","targetHints":{"allow":["GET"]}}],"collection":[{"href":"https:\/\/mycielewo.pl\/index.php?rest_route=\/wp\/v2\/posts"}],"about":[{"href":"https:\/\/mycielewo.pl\/index.php?rest_route=\/wp\/v2\/types\/post"}],"author":[{"embeddable":true,"href":"https:\/\/mycielewo.pl\/index.php?rest_route=\/wp\/v2\/users\/9"}],"replies":[{"embeddable":true,"href":"https:\/\/mycielewo.pl\/index.php?rest_route=%2Fwp%2Fv2%2Fcomments&post=65549"}],"version-history":[{"count":3,"href":"https:\/\/mycielewo.pl\/index.php?rest_route=\/wp\/v2\/posts\/65549\/revisions"}],"predecessor-version":[{"id":65566,"href":"https:\/\/mycielewo.pl\/index.php?rest_route=\/wp\/v2\/posts\/65549\/revisions\/65566"}],"wp:attachment":[{"href":"https:\/\/mycielewo.pl\/index.php?rest_route=%2Fwp%2Fv2%2Fmedia&parent=65549"}],"wp:term":[{"taxonomy":"category","embeddable":true,"href":"https:\/\/mycielewo.pl\/index.php?rest_route=%2Fwp%2Fv2%2Fcategories&post=65549"},{"taxonomy":"post_tag","embeddable":true,"href":"https:\/\/mycielewo.pl\/index.php?rest_route=%2Fwp%2Fv2%2Ftags&post=65549"}],"curies":[{"name":"wp","href":"https:\/\/api.w.org\/{rel}","templated":true}]}}