{"id":62982,"date":"2026-04-23T09:48:49","date_gmt":"2026-04-23T09:48:49","guid":{"rendered":"https:\/\/mycielewo.pl\/?p=62982"},"modified":"2026-04-23T09:49:54","modified_gmt":"2026-04-23T09:49:54","slug":"62982","status":"publish","type":"post","link":"https:\/\/mycielewo.pl\/?p=62982","title":{"rendered":"Klasa IV z wizyt\u0105 w bydgoskich M\u0142ynach Rothera"},"content":{"rendered":"\n<p><strong>21 kwietnia 2025 r. czwartoklasi\u015bci, wraz z pani\u0105 Ma\u0142gorzat\u0105 Kwiatkowsk\u0105 i pani\u0105 Mart\u0105 Bernas, wzi\u0119li udzia\u0142 w wyj\u0105tkowej wycieczce edukacyjnej do Bydgoszczy. Celem wyjazdu by\u0142y M\u0142yny Rothera \u2013 nowoczesne centrum nauki i kultury, kt\u00f3re \u0142\u0105czy histori\u0119 z interaktywn\u0105 edukacj\u0105.<\/strong><\/p>\n\n\n\n<p>G\u0142\u00f3wnym punktem programu by\u0142a wizyta na wystawie SOWA (Strefa Odkrywania, Wyobra\u017ani i Aktywno\u015bci). Uczniowie mieli okazj\u0119 samodzielnie eksperymentowa\u0107, odkrywa\u0107 prawa nauki oraz rozwija\u0107 swoj\u0105 ciekawo\u015b\u0107 \u015bwiata. Interaktywne stanowiska pozwala\u0142y na nauk\u0119 poprzez zabaw\u0119 \u2013 dzieci mog\u0142y sprawdzi\u0107, jak dzia\u0142aj\u0105 r\u00f3\u017cne mechanizmy, do\u015bwiadczy\u0107 zjawisk fizycznych i rozwi\u0105zywa\u0107 kreatywne zadania.<\/p>\n\n\n\n<p>Po zwiedzaniu wystawy uczniowie wzi\u0119li udzia\u0142 w warsztatach edukacyjnych, podczas kt\u00f3rych rozwijali swoje umiej\u0119tno\u015bci wsp\u00f3\u0142pracy, logicznego my\u015blenia oraz kreatywno\u015bci.<\/p>\n\n\n\n<p>Wyjazd by\u0142 nie tylko doskona\u0142\u0105 okazj\u0105 do zdobycia nowej wiedzy, ale r\u00f3wnie\u017c do integracji klasy i wsp\u00f3lnego sp\u0119dzania czasu poza szko\u0142\u0105. Uczniowie wr\u00f3cili zadowoleni, pe\u0142ni wra\u017ce\u0144 i nowych do\u015bwiadcze\u0144.<\/p>\n\n\n\n<p class=\"has-text-align-right\"><em>Marta Bernas<\/em><\/p>\n\n\n\n<figure class=\"wp-block-gallery has-nested-images columns-6 is-cropped wp-block-gallery-2 is-layout-flex wp-block-gallery-is-layout-flex\">\n<figure class=\"wp-block-image size-full\"><img loading=\"lazy\" decoding=\"async\" width=\"2560\" height=\"1927\" data-id=\"62986\" src=\"https:\/\/mycielewo.pl\/wp-content\/uploads\/2026\/04\/imagxe01-3-scaled.jpg\" alt=\"\" class=\"wp-image-62986\" srcset=\"https:\/\/mycielewo.pl\/wp-content\/uploads\/2026\/04\/imagxe01-3-scaled.jpg 2560w, https:\/\/mycielewo.pl\/wp-content\/uploads\/2026\/04\/imagxe01-3-768x578.jpg 768w, https:\/\/mycielewo.pl\/wp-content\/uploads\/2026\/04\/imagxe01-3-1536x1156.jpg 1536w, https:\/\/mycielewo.pl\/wp-content\/uploads\/2026\/04\/imagxe01-3-2048x1542.jpg 2048w\" sizes=\"auto, (max-width: 2560px) 100vw, 2560px\" \/><\/figure>\n\n\n\n<figure class=\"wp-block-image size-full\"><img loading=\"lazy\" decoding=\"async\" width=\"2560\" height=\"1927\" data-id=\"62988\" src=\"https:\/\/mycielewo.pl\/wp-content\/uploads\/2026\/04\/imagxe02-3-scaled.jpg\" alt=\"\" class=\"wp-image-62988\" srcset=\"https:\/\/mycielewo.pl\/wp-content\/uploads\/2026\/04\/imagxe02-3-scaled.jpg 2560w, https:\/\/mycielewo.pl\/wp-content\/uploads\/2026\/04\/imagxe02-3-768x578.jpg 768w, https:\/\/mycielewo.pl\/wp-content\/uploads\/2026\/04\/imagxe02-3-1536x1156.jpg 1536w, https:\/\/mycielewo.pl\/wp-content\/uploads\/2026\/04\/imagxe02-3-2048x1542.jpg 2048w\" sizes=\"auto, (max-width: 2560px) 100vw, 2560px\" \/><\/figure>\n\n\n\n<figure class=\"wp-block-image size-full\"><img loading=\"lazy\" decoding=\"async\" width=\"1434\" height=\"1075\" data-id=\"62985\" src=\"https:\/\/mycielewo.pl\/wp-content\/uploads\/2026\/04\/imagxe03-3.jpg\" alt=\"\" class=\"wp-image-62985\" srcset=\"https:\/\/mycielewo.pl\/wp-content\/uploads\/2026\/04\/imagxe03-3.jpg 1434w, https:\/\/mycielewo.pl\/wp-content\/uploads\/2026\/04\/imagxe03-3-768x576.jpg 768w\" sizes=\"auto, (max-width: 1434px) 100vw, 1434px\" \/><\/figure>\n\n\n\n<figure class=\"wp-block-image size-full\"><img loading=\"lazy\" decoding=\"async\" width=\"2560\" height=\"1927\" data-id=\"62987\" src=\"https:\/\/mycielewo.pl\/wp-content\/uploads\/2026\/04\/imagxe04-3-scaled.jpg\" alt=\"\" class=\"wp-image-62987\" srcset=\"https:\/\/mycielewo.pl\/wp-content\/uploads\/2026\/04\/imagxe04-3-scaled.jpg 2560w, https:\/\/mycielewo.pl\/wp-content\/uploads\/2026\/04\/imagxe04-3-768x578.jpg 768w, https:\/\/mycielewo.pl\/wp-content\/uploads\/2026\/04\/imagxe04-3-1536x1156.jpg 1536w, https:\/\/mycielewo.pl\/wp-content\/uploads\/2026\/04\/imagxe04-3-2048x1542.jpg 2048w\" sizes=\"auto, (max-width: 2560px) 100vw, 2560px\" \/><\/figure>\n\n\n\n<figure class=\"wp-block-image size-full\"><img loading=\"lazy\" decoding=\"async\" width=\"2560\" height=\"1927\" data-id=\"62990\" src=\"https:\/\/mycielewo.pl\/wp-content\/uploads\/2026\/04\/imagxe05-3-scaled.jpg\" alt=\"\" class=\"wp-image-62990\" srcset=\"https:\/\/mycielewo.pl\/wp-content\/uploads\/2026\/04\/imagxe05-3-scaled.jpg 2560w, https:\/\/mycielewo.pl\/wp-content\/uploads\/2026\/04\/imagxe05-3-768x578.jpg 768w, https:\/\/mycielewo.pl\/wp-content\/uploads\/2026\/04\/imagxe05-3-1536x1156.jpg 1536w, https:\/\/mycielewo.pl\/wp-content\/uploads\/2026\/04\/imagxe05-3-2048x1542.jpg 2048w\" sizes=\"auto, (max-width: 2560px) 100vw, 2560px\" \/><\/figure>\n\n\n\n<figure class=\"wp-block-image size-full\"><img loading=\"lazy\" decoding=\"async\" width=\"2560\" height=\"1927\" data-id=\"62989\" src=\"https:\/\/mycielewo.pl\/wp-content\/uploads\/2026\/04\/imagxe06-3-scaled.jpg\" alt=\"\" class=\"wp-image-62989\" srcset=\"https:\/\/mycielewo.pl\/wp-content\/uploads\/2026\/04\/imagxe06-3-scaled.jpg 2560w, https:\/\/mycielewo.pl\/wp-content\/uploads\/2026\/04\/imagxe06-3-768x578.jpg 768w, https:\/\/mycielewo.pl\/wp-content\/uploads\/2026\/04\/imagxe06-3-1536x1156.jpg 1536w, https:\/\/mycielewo.pl\/wp-content\/uploads\/2026\/04\/imagxe06-3-2048x1542.jpg 2048w\" sizes=\"auto, (max-width: 2560px) 100vw, 2560px\" \/><\/figure>\n<\/figure>\n","protected":false},"excerpt":{"rendered":"<p>21 kwietnia 2025 r. czwartoklasi\u015bci, wraz z pani\u0105 Ma\u0142gorzat\u0105 Kwiatkowsk\u0105 i pani\u0105 Mart\u0105 Bernas, wzi\u0119li udzia\u0142 w wyj\u0105tkowej wycieczce edukacyjnej do Bydgoszczy. Celem wyjazdu by\u0142y M\u0142yny Rothera \u2013 nowoczesne centrum nauki i kultury, kt\u00f3re \u0142\u0105czy histori\u0119 z interaktywn\u0105 edukacj\u0105. G\u0142\u00f3wnym punktem programu by\u0142a wizyta na wystawie SOWA (Strefa Odkrywania, Wyobra\u017ani i Aktywno\u015bci). Uczniowie mieli okazj\u0119&hellip; <a class=\"continue\" href=\"https:\/\/mycielewo.pl\/?p=62982\">Kontynuuj czytanie<span> Klasa IV z wizyt\u0105 w bydgoskich M\u0142ynach Rothera<\/span><\/a><\/p>\n","protected":false},"author":1,"featured_media":0,"comment_status":"open","ping_status":"open","sticky":false,"template":"","format":"standard","meta":{"footnotes":""},"categories":[1],"tags":[],"class_list":["post-62982","post","type-post","status-publish","format-standard","hentry","category-bez-kategorii"],"_links":{"self":[{"href":"https:\/\/mycielewo.pl\/index.php?rest_route=\/wp\/v2\/posts\/62982","targetHints":{"allow":["GET"]}}],"collection":[{"href":"https:\/\/mycielewo.pl\/index.php?rest_route=\/wp\/v2\/posts"}],"about":[{"href":"https:\/\/mycielewo.pl\/index.php?rest_route=\/wp\/v2\/types\/post"}],"author":[{"embeddable":true,"href":"https:\/\/mycielewo.pl\/index.php?rest_route=\/wp\/v2\/users\/1"}],"replies":[{"embeddable":true,"href":"https:\/\/mycielewo.pl\/index.php?rest_route=%2Fwp%2Fv2%2Fcomments&post=62982"}],"version-history":[{"count":2,"href":"https:\/\/mycielewo.pl\/index.php?rest_route=\/wp\/v2\/posts\/62982\/revisions"}],"predecessor-version":[{"id":62991,"href":"https:\/\/mycielewo.pl\/index.php?rest_route=\/wp\/v2\/posts\/62982\/revisions\/62991"}],"wp:attachment":[{"href":"https:\/\/mycielewo.pl\/index.php?rest_route=%2Fwp%2Fv2%2Fmedia&parent=62982"}],"wp:term":[{"taxonomy":"category","embeddable":true,"href":"https:\/\/mycielewo.pl\/index.php?rest_route=%2Fwp%2Fv2%2Fcategories&post=62982"},{"taxonomy":"post_tag","embeddable":true,"href":"https:\/\/mycielewo.pl\/index.php?rest_route=%2Fwp%2Fv2%2Ftags&post=62982"}],"curies":[{"name":"wp","href":"https:\/\/api.w.org\/{rel}","templated":true}]}}