{"id":61494,"date":"2026-03-12T11:36:57","date_gmt":"2026-03-12T11:36:57","guid":{"rendered":"https:\/\/mycielewo.pl\/?p=61494"},"modified":"2026-03-14T11:55:50","modified_gmt":"2026-03-14T11:55:50","slug":"kulturalna-sroda-w-nakle","status":"publish","type":"post","link":"https:\/\/mycielewo.pl\/?p=61494","title":{"rendered":"Kulturalna \u015broda w Nakle: Szko\u0142a z Mycielewa w \u201ePodr\u00f3\u017cy w czasie\u201d"},"content":{"rendered":"\n<p>W ubieg\u0142\u0105 \u015brod\u0119, <strong>11 marca 2026 r.<\/strong>, uczniowie i nauczyciele ze <strong>szko\u0142y w Mycielewie<\/strong> wybrali si\u0119 na kulturaln\u0105 wypraw\u0119 do Nak\u0142a. Celem wyjazdu by\u0142 spektakl <strong>\u201ePodr\u00f3\u017c w czasie\u201d<\/strong> w wykonaniu <strong>Teatru Nowoczesnego z Krakowa<\/strong>.<\/p>\n\n\n\n<p>Wyjazd by\u0142 niezwykle udany \u2013 krakowscy aktorzy porwali widowni\u0119 dynamicznym widowiskiem, a dla spo\u0142eczno\u015bci szkolnej by\u0142a to idealna okazja do <strong>wsp\u00f3lnej integracji<\/strong> poza \u0142awkami. Nowoczesna forma sztuki i wsp\u00f3lne prze\u017cywanie emocji sprawi\u0142y, \u017ce ta \u201ekulturalna \u015broda\u201d na d\u0142ugo zapadnie wszystkim w pami\u0119\u0107.<\/p>\n\n\n\n<figure class=\"wp-block-gallery has-nested-images columns-4 is-cropped wp-block-gallery-2 is-layout-flex wp-block-gallery-is-layout-flex\">\n<figure class=\"wp-block-image size-full\"><img loading=\"lazy\" decoding=\"async\" width=\"2048\" height=\"907\" data-id=\"61497\" src=\"https:\/\/mycielewo.pl\/wp-content\/uploads\/2026\/03\/img001-13.jpg\" alt=\"\" class=\"wp-image-61497\" srcset=\"https:\/\/mycielewo.pl\/wp-content\/uploads\/2026\/03\/img001-13.jpg 2048w, https:\/\/mycielewo.pl\/wp-content\/uploads\/2026\/03\/img001-13-768x340.jpg 768w, https:\/\/mycielewo.pl\/wp-content\/uploads\/2026\/03\/img001-13-1536x680.jpg 1536w\" sizes=\"auto, (max-width: 2048px) 100vw, 2048px\" \/><\/figure>\n\n\n\n<figure class=\"wp-block-image size-full\"><img loading=\"lazy\" decoding=\"async\" width=\"2048\" height=\"907\" data-id=\"61495\" src=\"https:\/\/mycielewo.pl\/wp-content\/uploads\/2026\/03\/img002-11.jpg\" alt=\"\" class=\"wp-image-61495\" srcset=\"https:\/\/mycielewo.pl\/wp-content\/uploads\/2026\/03\/img002-11.jpg 2048w, https:\/\/mycielewo.pl\/wp-content\/uploads\/2026\/03\/img002-11-768x340.jpg 768w, https:\/\/mycielewo.pl\/wp-content\/uploads\/2026\/03\/img002-11-1536x680.jpg 1536w\" sizes=\"auto, (max-width: 2048px) 100vw, 2048px\" \/><\/figure>\n\n\n\n<figure class=\"wp-block-image size-full\"><img loading=\"lazy\" decoding=\"async\" width=\"2048\" height=\"907\" data-id=\"61498\" src=\"https:\/\/mycielewo.pl\/wp-content\/uploads\/2026\/03\/img003-12.jpg\" alt=\"\" class=\"wp-image-61498\" srcset=\"https:\/\/mycielewo.pl\/wp-content\/uploads\/2026\/03\/img003-12.jpg 2048w, https:\/\/mycielewo.pl\/wp-content\/uploads\/2026\/03\/img003-12-768x340.jpg 768w, https:\/\/mycielewo.pl\/wp-content\/uploads\/2026\/03\/img003-12-1536x680.jpg 1536w\" sizes=\"auto, (max-width: 2048px) 100vw, 2048px\" \/><\/figure>\n\n\n\n<figure class=\"wp-block-image size-full\"><img loading=\"lazy\" decoding=\"async\" width=\"2048\" height=\"907\" data-id=\"61496\" src=\"https:\/\/mycielewo.pl\/wp-content\/uploads\/2026\/03\/img004-11.jpg\" alt=\"\" class=\"wp-image-61496\" srcset=\"https:\/\/mycielewo.pl\/wp-content\/uploads\/2026\/03\/img004-11.jpg 2048w, https:\/\/mycielewo.pl\/wp-content\/uploads\/2026\/03\/img004-11-768x340.jpg 768w, https:\/\/mycielewo.pl\/wp-content\/uploads\/2026\/03\/img004-11-1536x680.jpg 1536w\" sizes=\"auto, (max-width: 2048px) 100vw, 2048px\" \/><\/figure>\n<\/figure>\n\n\n\n<p><\/p>\n","protected":false},"excerpt":{"rendered":"<p>W ubieg\u0142\u0105 \u015brod\u0119, 11 marca 2026 r., uczniowie i nauczyciele ze szko\u0142y w Mycielewie wybrali si\u0119 na kulturaln\u0105 wypraw\u0119 do Nak\u0142a. Celem wyjazdu by\u0142 spektakl \u201ePodr\u00f3\u017c w czasie\u201d w wykonaniu Teatru Nowoczesnego z Krakowa. Wyjazd by\u0142 niezwykle udany \u2013 krakowscy aktorzy porwali widowni\u0119 dynamicznym widowiskiem, a dla spo\u0142eczno\u015bci szkolnej by\u0142a to idealna okazja do wsp\u00f3lnej&hellip; <a class=\"continue\" href=\"https:\/\/mycielewo.pl\/?p=61494\">Kontynuuj czytanie<span> Kulturalna \u015broda w Nakle: Szko\u0142a z Mycielewa w \u201ePodr\u00f3\u017cy w czasie\u201d<\/span><\/a><\/p>\n","protected":false},"author":1,"featured_media":0,"comment_status":"open","ping_status":"open","sticky":false,"template":"","format":"standard","meta":{"footnotes":""},"categories":[1],"tags":[],"class_list":["post-61494","post","type-post","status-publish","format-standard","hentry","category-bez-kategorii"],"_links":{"self":[{"href":"https:\/\/mycielewo.pl\/index.php?rest_route=\/wp\/v2\/posts\/61494","targetHints":{"allow":["GET"]}}],"collection":[{"href":"https:\/\/mycielewo.pl\/index.php?rest_route=\/wp\/v2\/posts"}],"about":[{"href":"https:\/\/mycielewo.pl\/index.php?rest_route=\/wp\/v2\/types\/post"}],"author":[{"embeddable":true,"href":"https:\/\/mycielewo.pl\/index.php?rest_route=\/wp\/v2\/users\/1"}],"replies":[{"embeddable":true,"href":"https:\/\/mycielewo.pl\/index.php?rest_route=%2Fwp%2Fv2%2Fcomments&post=61494"}],"version-history":[{"count":3,"href":"https:\/\/mycielewo.pl\/index.php?rest_route=\/wp\/v2\/posts\/61494\/revisions"}],"predecessor-version":[{"id":61512,"href":"https:\/\/mycielewo.pl\/index.php?rest_route=\/wp\/v2\/posts\/61494\/revisions\/61512"}],"wp:attachment":[{"href":"https:\/\/mycielewo.pl\/index.php?rest_route=%2Fwp%2Fv2%2Fmedia&parent=61494"}],"wp:term":[{"taxonomy":"category","embeddable":true,"href":"https:\/\/mycielewo.pl\/index.php?rest_route=%2Fwp%2Fv2%2Fcategories&post=61494"},{"taxonomy":"post_tag","embeddable":true,"href":"https:\/\/mycielewo.pl\/index.php?rest_route=%2Fwp%2Fv2%2Ftags&post=61494"}],"curies":[{"name":"wp","href":"https:\/\/api.w.org\/{rel}","templated":true}]}}