{"id":61385,"date":"2026-03-12T09:22:10","date_gmt":"2026-03-12T09:22:10","guid":{"rendered":"https:\/\/mycielewo.pl\/?p=61385"},"modified":"2026-03-12T09:24:53","modified_gmt":"2026-03-12T09:24:53","slug":"nasze-szczypiornistki-na-gminnym-turnieju-w-mycielewie","status":"publish","type":"post","link":"https:\/\/mycielewo.pl\/?p=61385","title":{"rendered":"Nasze szczypiornistki na gminnym turnieju w Mycielewie"},"content":{"rendered":"\n<p><strong>W Szkole Podstawowej w Mycielewie odby\u0142 si\u0119 gminny turniej pi\u0142ki r\u0119cznej dziewcz\u0105t w kategorii dzieci. Nasza dru\u017cyna sk\u0142ada\u0142a si\u0119 w wi\u0119kszo\u015bci z uczennic klas 4 i 5. W zawodach zadebiutowa\u0142a r\u00f3wnie\u017c uczennica klasy 2 \u2013 Lena Buksa.<\/strong><\/p>\n\n\n\n<p><strong>Klasyfikacja ko\u0144cowa:<\/strong><\/p>\n\n\n\n<ol class=\"wp-block-list\">\n<li>SP Kcynia<\/li>\n\n\n\n<li>SP Dziewierzewo<\/li>\n\n\n\n<li>SP Mycielewo<\/li>\n<\/ol>\n\n\n\n<p><strong>Sk\u0142ad dru\u017cyny SP Mycielewo:<\/strong><\/p>\n\n\n\n<ul class=\"wp-block-list\">\n<li>kl. 2 \u2013 Lena Buksa<\/li>\n\n\n\n<li>kl. 4 \u2013 Olga Chojnacka, Aleksandra Sojka, Julia Czaja, Lena Kluj<\/li>\n\n\n\n<li>kl. 5 \u2013 Lena Maksymiak, Amelia Pietrzakowska, Marcela Go\u0142\u0105b<\/li>\n\n\n\n<li>kl. 6 \u2013 Michalina Pikul, Maria Kurtysiak<\/li>\n<\/ul>\n\n\n\n<p class=\"has-text-align-right\"><em>Andrzej Kulczy\u0144ski<\/em><\/p>\n\n\n\n<figure class=\"wp-block-gallery has-nested-images columns-8 is-cropped wp-block-gallery-2 is-layout-flex wp-block-gallery-is-layout-flex\">\n<figure class=\"wp-block-image size-full\"><img loading=\"lazy\" decoding=\"async\" width=\"2400\" height=\"1800\" data-id=\"61387\" src=\"https:\/\/mycielewo.pl\/wp-content\/uploads\/2026\/03\/image01-7.jpg\" alt=\"\" class=\"wp-image-61387\" srcset=\"https:\/\/mycielewo.pl\/wp-content\/uploads\/2026\/03\/image01-7.jpg 2400w, https:\/\/mycielewo.pl\/wp-content\/uploads\/2026\/03\/image01-7-768x576.jpg 768w, https:\/\/mycielewo.pl\/wp-content\/uploads\/2026\/03\/image01-7-1536x1152.jpg 1536w, https:\/\/mycielewo.pl\/wp-content\/uploads\/2026\/03\/image01-7-2048x1536.jpg 2048w\" sizes=\"auto, (max-width: 2400px) 100vw, 2400px\" \/><\/figure>\n\n\n\n<figure class=\"wp-block-image size-full\"><img loading=\"lazy\" decoding=\"async\" width=\"2400\" height=\"1800\" data-id=\"61388\" src=\"https:\/\/mycielewo.pl\/wp-content\/uploads\/2026\/03\/image02-6.jpg\" alt=\"\" class=\"wp-image-61388\" srcset=\"https:\/\/mycielewo.pl\/wp-content\/uploads\/2026\/03\/image02-6.jpg 2400w, https:\/\/mycielewo.pl\/wp-content\/uploads\/2026\/03\/image02-6-768x576.jpg 768w, https:\/\/mycielewo.pl\/wp-content\/uploads\/2026\/03\/image02-6-1536x1152.jpg 1536w, https:\/\/mycielewo.pl\/wp-content\/uploads\/2026\/03\/image02-6-2048x1536.jpg 2048w\" sizes=\"auto, (max-width: 2400px) 100vw, 2400px\" \/><\/figure>\n\n\n\n<figure class=\"wp-block-image size-full\"><img loading=\"lazy\" decoding=\"async\" width=\"2400\" height=\"1800\" data-id=\"61389\" src=\"https:\/\/mycielewo.pl\/wp-content\/uploads\/2026\/03\/image03-5.jpg\" alt=\"\" class=\"wp-image-61389\" srcset=\"https:\/\/mycielewo.pl\/wp-content\/uploads\/2026\/03\/image03-5.jpg 2400w, https:\/\/mycielewo.pl\/wp-content\/uploads\/2026\/03\/image03-5-768x576.jpg 768w, https:\/\/mycielewo.pl\/wp-content\/uploads\/2026\/03\/image03-5-1536x1152.jpg 1536w, https:\/\/mycielewo.pl\/wp-content\/uploads\/2026\/03\/image03-5-2048x1536.jpg 2048w\" sizes=\"auto, (max-width: 2400px) 100vw, 2400px\" \/><\/figure>\n\n\n\n<figure class=\"wp-block-image size-full\"><img loading=\"lazy\" decoding=\"async\" width=\"2400\" height=\"1800\" data-id=\"61393\" src=\"https:\/\/mycielewo.pl\/wp-content\/uploads\/2026\/03\/image04-5.jpg\" alt=\"\" class=\"wp-image-61393\" srcset=\"https:\/\/mycielewo.pl\/wp-content\/uploads\/2026\/03\/image04-5.jpg 2400w, https:\/\/mycielewo.pl\/wp-content\/uploads\/2026\/03\/image04-5-768x576.jpg 768w, https:\/\/mycielewo.pl\/wp-content\/uploads\/2026\/03\/image04-5-1536x1152.jpg 1536w, https:\/\/mycielewo.pl\/wp-content\/uploads\/2026\/03\/image04-5-2048x1536.jpg 2048w\" sizes=\"auto, (max-width: 2400px) 100vw, 2400px\" \/><\/figure>\n\n\n\n<figure class=\"wp-block-image size-full\"><img loading=\"lazy\" decoding=\"async\" width=\"2400\" height=\"1800\" data-id=\"61394\" src=\"https:\/\/mycielewo.pl\/wp-content\/uploads\/2026\/03\/image05-4.jpg\" alt=\"\" class=\"wp-image-61394\" srcset=\"https:\/\/mycielewo.pl\/wp-content\/uploads\/2026\/03\/image05-4.jpg 2400w, https:\/\/mycielewo.pl\/wp-content\/uploads\/2026\/03\/image05-4-768x576.jpg 768w, https:\/\/mycielewo.pl\/wp-content\/uploads\/2026\/03\/image05-4-1536x1152.jpg 1536w, https:\/\/mycielewo.pl\/wp-content\/uploads\/2026\/03\/image05-4-2048x1536.jpg 2048w\" sizes=\"auto, (max-width: 2400px) 100vw, 2400px\" \/><\/figure>\n\n\n\n<figure class=\"wp-block-image size-full\"><img loading=\"lazy\" decoding=\"async\" width=\"2400\" height=\"1800\" data-id=\"61392\" src=\"https:\/\/mycielewo.pl\/wp-content\/uploads\/2026\/03\/image06-4.jpg\" alt=\"\" class=\"wp-image-61392\" srcset=\"https:\/\/mycielewo.pl\/wp-content\/uploads\/2026\/03\/image06-4.jpg 2400w, https:\/\/mycielewo.pl\/wp-content\/uploads\/2026\/03\/image06-4-768x576.jpg 768w, https:\/\/mycielewo.pl\/wp-content\/uploads\/2026\/03\/image06-4-1536x1152.jpg 1536w, https:\/\/mycielewo.pl\/wp-content\/uploads\/2026\/03\/image06-4-2048x1536.jpg 2048w\" sizes=\"auto, (max-width: 2400px) 100vw, 2400px\" \/><\/figure>\n\n\n\n<figure class=\"wp-block-image size-full\"><img loading=\"lazy\" decoding=\"async\" width=\"2400\" height=\"1800\" data-id=\"61390\" src=\"https:\/\/mycielewo.pl\/wp-content\/uploads\/2026\/03\/image07-4.jpg\" alt=\"\" class=\"wp-image-61390\" srcset=\"https:\/\/mycielewo.pl\/wp-content\/uploads\/2026\/03\/image07-4.jpg 2400w, https:\/\/mycielewo.pl\/wp-content\/uploads\/2026\/03\/image07-4-768x576.jpg 768w, https:\/\/mycielewo.pl\/wp-content\/uploads\/2026\/03\/image07-4-1536x1152.jpg 1536w, https:\/\/mycielewo.pl\/wp-content\/uploads\/2026\/03\/image07-4-2048x1536.jpg 2048w\" sizes=\"auto, (max-width: 2400px) 100vw, 2400px\" \/><\/figure>\n\n\n\n<figure class=\"wp-block-image size-full\"><img loading=\"lazy\" decoding=\"async\" width=\"2400\" height=\"1800\" data-id=\"61391\" src=\"https:\/\/mycielewo.pl\/wp-content\/uploads\/2026\/03\/image08-4.jpg\" alt=\"\" class=\"wp-image-61391\" srcset=\"https:\/\/mycielewo.pl\/wp-content\/uploads\/2026\/03\/image08-4.jpg 2400w, https:\/\/mycielewo.pl\/wp-content\/uploads\/2026\/03\/image08-4-768x576.jpg 768w, https:\/\/mycielewo.pl\/wp-content\/uploads\/2026\/03\/image08-4-1536x1152.jpg 1536w, https:\/\/mycielewo.pl\/wp-content\/uploads\/2026\/03\/image08-4-2048x1536.jpg 2048w\" sizes=\"auto, (max-width: 2400px) 100vw, 2400px\" \/><\/figure>\n<\/figure>\n","protected":false},"excerpt":{"rendered":"<p>W Szkole Podstawowej w Mycielewie odby\u0142 si\u0119 gminny turniej pi\u0142ki r\u0119cznej dziewcz\u0105t w kategorii dzieci. Nasza dru\u017cyna sk\u0142ada\u0142a si\u0119 w wi\u0119kszo\u015bci z uczennic klas 4 i 5. W zawodach zadebiutowa\u0142a r\u00f3wnie\u017c uczennica klasy 2 \u2013 Lena Buksa. Klasyfikacja ko\u0144cowa: Sk\u0142ad dru\u017cyny SP Mycielewo: Andrzej Kulczy\u0144ski<\/p>\n","protected":false},"author":1,"featured_media":0,"comment_status":"open","ping_status":"open","sticky":false,"template":"","format":"standard","meta":{"footnotes":""},"categories":[1],"tags":[],"class_list":["post-61385","post","type-post","status-publish","format-standard","hentry","category-bez-kategorii"],"_links":{"self":[{"href":"https:\/\/mycielewo.pl\/index.php?rest_route=\/wp\/v2\/posts\/61385","targetHints":{"allow":["GET"]}}],"collection":[{"href":"https:\/\/mycielewo.pl\/index.php?rest_route=\/wp\/v2\/posts"}],"about":[{"href":"https:\/\/mycielewo.pl\/index.php?rest_route=\/wp\/v2\/types\/post"}],"author":[{"embeddable":true,"href":"https:\/\/mycielewo.pl\/index.php?rest_route=\/wp\/v2\/users\/1"}],"replies":[{"embeddable":true,"href":"https:\/\/mycielewo.pl\/index.php?rest_route=%2Fwp%2Fv2%2Fcomments&post=61385"}],"version-history":[{"count":2,"href":"https:\/\/mycielewo.pl\/index.php?rest_route=\/wp\/v2\/posts\/61385\/revisions"}],"predecessor-version":[{"id":61396,"href":"https:\/\/mycielewo.pl\/index.php?rest_route=\/wp\/v2\/posts\/61385\/revisions\/61396"}],"wp:attachment":[{"href":"https:\/\/mycielewo.pl\/index.php?rest_route=%2Fwp%2Fv2%2Fmedia&parent=61385"}],"wp:term":[{"taxonomy":"category","embeddable":true,"href":"https:\/\/mycielewo.pl\/index.php?rest_route=%2Fwp%2Fv2%2Fcategories&post=61385"},{"taxonomy":"post_tag","embeddable":true,"href":"https:\/\/mycielewo.pl\/index.php?rest_route=%2Fwp%2Fv2%2Ftags&post=61385"}],"curies":[{"name":"wp","href":"https:\/\/api.w.org\/{rel}","templated":true}]}}