{"id":61373,"date":"2026-03-11T07:35:15","date_gmt":"2026-03-11T07:35:15","guid":{"rendered":"https:\/\/mycielewo.pl\/?p=61373"},"modified":"2026-03-11T07:35:16","modified_gmt":"2026-03-11T07:35:16","slug":"powiatowy-przeglad-talentow-w-szubinie","status":"publish","type":"post","link":"https:\/\/mycielewo.pl\/?p=61373","title":{"rendered":"Powiatowy Przegl\u0105d Talent\u00f3w w Szubinie"},"content":{"rendered":"\n<p><strong>10 marca 2026 roku trzecioklasi\u015bci udali si\u0119 na II Powiatowy Przegl\u0105d Talent\u00f3w, zorganizowany przez Zesp\u00f3\u0142 Szk\u00f3\u0142 Specjalnych w Szubinie. Wydarzenie zgromadzi\u0142o uczni\u00f3w z r\u00f3\u017cnych szk\u00f3\u0142 z terenu powiatu, kt\u00f3rzy mieli okazj\u0119 zaprezentowa\u0107 swoje zdolno\u015bci wokalne, muzyczne, taneczne oraz recytatorskie. Na scenie Szubi\u0144skiego Domu Kultury wyst\u0105pili tak\u017ce nasi uczniowie.<\/strong><\/p>\n\n\n\n<p>Pola Kami\u0144ska zaprezentowa\u0142a uk\u0142ad taneczny, Mieszko Wojtysiak zagra\u0142 na fortepianie utw\u00f3r \u201eWeso\u0142y pajac \u2013 piosenka o konikach polnych\u201d, a Laura Bagnerowska i Agata Ga\u0142ga\u0144ska za\u015bpiewa\u0142y w duecie piosenk\u0119 pt. \u201eWszystkie oczy na mnie\u201d.<\/p>\n\n\n\n<p>Celem przegl\u0105du by\u0142o przede wszystkim wspieranie rozwoju talent\u00f3w dzieci i m\u0142odzie\u017cy, kszta\u0142towanie poczucia integracji \u015brodowiska szkolnego oraz budowanie wiary we w\u0142asne mo\u017cliwo\u015bci.<\/p>\n\n\n\n<p>Publiczno\u015b\u0107 mog\u0142a podziwia\u0107 ogromne zaanga\u017cowanie m\u0142odych artyst\u00f3w. Ka\u017cdy wyst\u0119p nagradzany by\u0142 gromkimi brawami, a atmosfera wydarzenia by\u0142a niezwykle ciep\u0142a i pe\u0142na \u017cyczliwo\u015bci. Jury doceni\u0142o kreatywno\u015b\u0107, odwag\u0119 oraz pasj\u0119 uczestnik\u00f3w, podkre\u015blaj\u0105c wysoki poziom przygotowania.<\/p>\n\n\n\n<p>Organizatorzy zadbali tak\u017ce o s\u0142odki pocz\u0119stunek oraz wsp\u00f3lne rozmowy po zako\u0144czeniu wyst\u0119p\u00f3w, co sprzyja\u0142o integracji uczni\u00f3w, nauczycieli i opiekun\u00f3w. Na zako\u0144czenie wszyscy uczestnicy otrzymali pami\u0105tkowe medale i upominki.<\/p>\n\n\n\n<p>Powiatowy Przegl\u0105d Talent\u00f3w w Szubinie pokaza\u0142, jak wiele talentu, rado\u015bci i energii drzemie w m\u0142odych ludziach. Gospodarze wydarzenia wielokrotnie podkre\u015blali, \u017ce \u201eka\u017cdy jest wyj\u0105tkowy\u201d.<\/p>\n\n\n\n<p>Ogromne gratulacje dla naszych uczestnik\u00f3w \u2013 brawa za odwag\u0119 i profesjonalne przygotowanie.<br>Serdecznie dzi\u0119kujemy organizatorom z Zespo\u0142u Szk\u00f3\u0142 Specjalnych za mo\u017cliwo\u015b\u0107 uczestnictwa po raz drugi w tym przedsi\u0119wzi\u0119ciu.<\/p>\n\n\n\n<p class=\"has-text-align-right\"><em>Beata Mrotek<\/em><\/p>\n\n\n\n<figure class=\"wp-block-gallery has-nested-images columns-5 is-cropped wp-block-gallery-2 is-layout-flex wp-block-gallery-is-layout-flex\">\n<figure class=\"wp-block-image size-full\"><img loading=\"lazy\" decoding=\"async\" width=\"1536\" height=\"2048\" data-id=\"61374\" src=\"https:\/\/mycielewo.pl\/wp-content\/uploads\/2026\/03\/image01-6.jpg\" alt=\"\" class=\"wp-image-61374\" srcset=\"https:\/\/mycielewo.pl\/wp-content\/uploads\/2026\/03\/image01-6.jpg 1536w, https:\/\/mycielewo.pl\/wp-content\/uploads\/2026\/03\/image01-6-768x1024.jpg 768w, https:\/\/mycielewo.pl\/wp-content\/uploads\/2026\/03\/image01-6-1152x1536.jpg 1152w\" sizes=\"auto, (max-width: 1536px) 100vw, 1536px\" \/><\/figure>\n\n\n\n<figure class=\"wp-block-image size-full\"><img loading=\"lazy\" decoding=\"async\" width=\"1536\" height=\"2048\" data-id=\"61376\" src=\"https:\/\/mycielewo.pl\/wp-content\/uploads\/2026\/03\/image02-5.jpg\" alt=\"\" class=\"wp-image-61376\" srcset=\"https:\/\/mycielewo.pl\/wp-content\/uploads\/2026\/03\/image02-5.jpg 1536w, https:\/\/mycielewo.pl\/wp-content\/uploads\/2026\/03\/image02-5-768x1024.jpg 768w, https:\/\/mycielewo.pl\/wp-content\/uploads\/2026\/03\/image02-5-1152x1536.jpg 1152w\" sizes=\"auto, (max-width: 1536px) 100vw, 1536px\" \/><\/figure>\n\n\n\n<figure class=\"wp-block-image size-full\"><img loading=\"lazy\" decoding=\"async\" width=\"2048\" height=\"1536\" data-id=\"61378\" src=\"https:\/\/mycielewo.pl\/wp-content\/uploads\/2026\/03\/image03-4.jpg\" alt=\"\" class=\"wp-image-61378\" srcset=\"https:\/\/mycielewo.pl\/wp-content\/uploads\/2026\/03\/image03-4.jpg 2048w, https:\/\/mycielewo.pl\/wp-content\/uploads\/2026\/03\/image03-4-768x576.jpg 768w, https:\/\/mycielewo.pl\/wp-content\/uploads\/2026\/03\/image03-4-1536x1152.jpg 1536w\" sizes=\"auto, (max-width: 2048px) 100vw, 2048px\" \/><\/figure>\n\n\n\n<figure class=\"wp-block-image size-full\"><img loading=\"lazy\" decoding=\"async\" width=\"1536\" height=\"2048\" data-id=\"61379\" src=\"https:\/\/mycielewo.pl\/wp-content\/uploads\/2026\/03\/image04-4.jpg\" alt=\"\" class=\"wp-image-61379\" srcset=\"https:\/\/mycielewo.pl\/wp-content\/uploads\/2026\/03\/image04-4.jpg 1536w, https:\/\/mycielewo.pl\/wp-content\/uploads\/2026\/03\/image04-4-768x1024.jpg 768w, https:\/\/mycielewo.pl\/wp-content\/uploads\/2026\/03\/image04-4-1152x1536.jpg 1152w\" sizes=\"auto, (max-width: 1536px) 100vw, 1536px\" \/><\/figure>\n\n\n\n<figure class=\"wp-block-image size-full\"><img loading=\"lazy\" decoding=\"async\" width=\"1536\" height=\"2048\" data-id=\"61377\" src=\"https:\/\/mycielewo.pl\/wp-content\/uploads\/2026\/03\/image05-3.jpg\" alt=\"\" class=\"wp-image-61377\" srcset=\"https:\/\/mycielewo.pl\/wp-content\/uploads\/2026\/03\/image05-3.jpg 1536w, https:\/\/mycielewo.pl\/wp-content\/uploads\/2026\/03\/image05-3-768x1024.jpg 768w, https:\/\/mycielewo.pl\/wp-content\/uploads\/2026\/03\/image05-3-1152x1536.jpg 1152w\" sizes=\"auto, (max-width: 1536px) 100vw, 1536px\" \/><\/figure>\n\n\n\n<figure class=\"wp-block-image size-full\"><img loading=\"lazy\" decoding=\"async\" width=\"1536\" height=\"2048\" data-id=\"61380\" src=\"https:\/\/mycielewo.pl\/wp-content\/uploads\/2026\/03\/image06-3.jpg\" alt=\"\" class=\"wp-image-61380\" srcset=\"https:\/\/mycielewo.pl\/wp-content\/uploads\/2026\/03\/image06-3.jpg 1536w, https:\/\/mycielewo.pl\/wp-content\/uploads\/2026\/03\/image06-3-768x1024.jpg 768w, https:\/\/mycielewo.pl\/wp-content\/uploads\/2026\/03\/image06-3-1152x1536.jpg 1152w\" sizes=\"auto, (max-width: 1536px) 100vw, 1536px\" \/><\/figure>\n\n\n\n<figure class=\"wp-block-image size-full\"><img loading=\"lazy\" decoding=\"async\" width=\"1536\" height=\"2048\" data-id=\"61375\" src=\"https:\/\/mycielewo.pl\/wp-content\/uploads\/2026\/03\/image07-3.jpg\" alt=\"\" class=\"wp-image-61375\" srcset=\"https:\/\/mycielewo.pl\/wp-content\/uploads\/2026\/03\/image07-3.jpg 1536w, https:\/\/mycielewo.pl\/wp-content\/uploads\/2026\/03\/image07-3-768x1024.jpg 768w, https:\/\/mycielewo.pl\/wp-content\/uploads\/2026\/03\/image07-3-1152x1536.jpg 1152w\" sizes=\"auto, (max-width: 1536px) 100vw, 1536px\" \/><\/figure>\n\n\n\n<figure class=\"wp-block-image size-full\"><img loading=\"lazy\" decoding=\"async\" width=\"2048\" height=\"1536\" data-id=\"61381\" src=\"https:\/\/mycielewo.pl\/wp-content\/uploads\/2026\/03\/image08-3.jpg\" alt=\"\" class=\"wp-image-61381\" srcset=\"https:\/\/mycielewo.pl\/wp-content\/uploads\/2026\/03\/image08-3.jpg 2048w, https:\/\/mycielewo.pl\/wp-content\/uploads\/2026\/03\/image08-3-768x576.jpg 768w, https:\/\/mycielewo.pl\/wp-content\/uploads\/2026\/03\/image08-3-1536x1152.jpg 1536w\" sizes=\"auto, (max-width: 2048px) 100vw, 2048px\" \/><\/figure>\n\n\n\n<figure class=\"wp-block-image size-full\"><img loading=\"lazy\" decoding=\"async\" width=\"2048\" height=\"1536\" data-id=\"61382\" src=\"https:\/\/mycielewo.pl\/wp-content\/uploads\/2026\/03\/image09-3.jpg\" alt=\"\" class=\"wp-image-61382\" srcset=\"https:\/\/mycielewo.pl\/wp-content\/uploads\/2026\/03\/image09-3.jpg 2048w, https:\/\/mycielewo.pl\/wp-content\/uploads\/2026\/03\/image09-3-768x576.jpg 768w, https:\/\/mycielewo.pl\/wp-content\/uploads\/2026\/03\/image09-3-1536x1152.jpg 1536w\" sizes=\"auto, (max-width: 2048px) 100vw, 2048px\" \/><\/figure>\n<\/figure>\n","protected":false},"excerpt":{"rendered":"<p>10 marca 2026 roku trzecioklasi\u015bci udali si\u0119 na II Powiatowy Przegl\u0105d Talent\u00f3w, zorganizowany przez Zesp\u00f3\u0142 Szk\u00f3\u0142 Specjalnych w Szubinie. Wydarzenie zgromadzi\u0142o uczni\u00f3w z r\u00f3\u017cnych szk\u00f3\u0142 z terenu powiatu, kt\u00f3rzy mieli okazj\u0119 zaprezentowa\u0107 swoje zdolno\u015bci wokalne, muzyczne, taneczne oraz recytatorskie. Na scenie Szubi\u0144skiego Domu Kultury wyst\u0105pili tak\u017ce nasi uczniowie. Pola Kami\u0144ska zaprezentowa\u0142a uk\u0142ad taneczny, Mieszko Wojtysiak&hellip; <a class=\"continue\" href=\"https:\/\/mycielewo.pl\/?p=61373\">Kontynuuj czytanie<span> Powiatowy Przegl\u0105d Talent\u00f3w w Szubinie<\/span><\/a><\/p>\n","protected":false},"author":1,"featured_media":0,"comment_status":"open","ping_status":"open","sticky":false,"template":"","format":"standard","meta":{"footnotes":""},"categories":[1],"tags":[],"class_list":["post-61373","post","type-post","status-publish","format-standard","hentry","category-bez-kategorii"],"_links":{"self":[{"href":"https:\/\/mycielewo.pl\/index.php?rest_route=\/wp\/v2\/posts\/61373","targetHints":{"allow":["GET"]}}],"collection":[{"href":"https:\/\/mycielewo.pl\/index.php?rest_route=\/wp\/v2\/posts"}],"about":[{"href":"https:\/\/mycielewo.pl\/index.php?rest_route=\/wp\/v2\/types\/post"}],"author":[{"embeddable":true,"href":"https:\/\/mycielewo.pl\/index.php?rest_route=\/wp\/v2\/users\/1"}],"replies":[{"embeddable":true,"href":"https:\/\/mycielewo.pl\/index.php?rest_route=%2Fwp%2Fv2%2Fcomments&post=61373"}],"version-history":[{"count":1,"href":"https:\/\/mycielewo.pl\/index.php?rest_route=\/wp\/v2\/posts\/61373\/revisions"}],"predecessor-version":[{"id":61383,"href":"https:\/\/mycielewo.pl\/index.php?rest_route=\/wp\/v2\/posts\/61373\/revisions\/61383"}],"wp:attachment":[{"href":"https:\/\/mycielewo.pl\/index.php?rest_route=%2Fwp%2Fv2%2Fmedia&parent=61373"}],"wp:term":[{"taxonomy":"category","embeddable":true,"href":"https:\/\/mycielewo.pl\/index.php?rest_route=%2Fwp%2Fv2%2Fcategories&post=61373"},{"taxonomy":"post_tag","embeddable":true,"href":"https:\/\/mycielewo.pl\/index.php?rest_route=%2Fwp%2Fv2%2Ftags&post=61373"}],"curies":[{"name":"wp","href":"https:\/\/api.w.org\/{rel}","templated":true}]}}