{"id":60461,"date":"2026-01-26T12:26:04","date_gmt":"2026-01-26T12:26:04","guid":{"rendered":"https:\/\/mycielewo.pl\/?p=60461"},"modified":"2026-01-26T13:13:19","modified_gmt":"2026-01-26T13:13:19","slug":"uwaga-komunikat-4","status":"publish","type":"post","link":"https:\/\/mycielewo.pl\/?p=60461","title":{"rendered":"Uwaga! Komunikat"},"content":{"rendered":"<div class=\"wp-block-image\">\n<figure class=\"alignright size-full is-resized\"><img loading=\"lazy\" decoding=\"async\" width=\"1024\" height=\"1024\" src=\"https:\/\/mycielewo.pl\/wp-content\/uploads\/2026\/01\/pilne1.jpg\" alt=\"\" class=\"wp-image-60466\" style=\"width:372px;height:auto\" srcset=\"https:\/\/mycielewo.pl\/wp-content\/uploads\/2026\/01\/pilne1.jpg 1024w, https:\/\/mycielewo.pl\/wp-content\/uploads\/2026\/01\/pilne1-768x768.jpg 768w\" sizes=\"auto, (max-width: 1024px) 100vw, 1024px\" \/><\/figure>\n<\/div>\n\n\n<p class=\"has-vivid-red-color has-text-color has-link-color wp-elements-94a108cfe5a717ef39db6d686ae356aa\">W zwi\u0105zku z prognozowan\u0105 go\u0142oledzi\u0105 w dniu jutrzejszym, tj. 27.01.2026 r. (wtorek) Gmina Kcynia odwo\u0142uje dowozy do szk\u00f3\u0142. <\/p>\n\n\n\n<p class=\"has-vivid-red-color has-text-color has-link-color wp-elements-74d6438ed628e39d22d8fff459e0d6c5\">Uczniowie, kt\u00f3rzy dojad\u0105 do szko\u0142y we w\u0142asnym zakresie, b\u0119d\u0105 mie\u0107 lekcje lub zaj\u0119cia opieku\u0144cze (w zale\u017cno\u015bci od frekwencji).<\/p>\n","protected":false},"excerpt":{"rendered":"<p>W zwi\u0105zku z prognozowan\u0105 go\u0142oledzi\u0105 w dniu jutrzejszym, tj. 27.01.2026 r. (wtorek) Gmina Kcynia odwo\u0142uje dowozy do szk\u00f3\u0142. Uczniowie, kt\u00f3rzy dojad\u0105 do szko\u0142y we w\u0142asnym zakresie, b\u0119d\u0105 mie\u0107 lekcje lub zaj\u0119cia opieku\u0144cze (w zale\u017cno\u015bci od frekwencji).<\/p>\n","protected":false},"author":4,"featured_media":0,"comment_status":"open","ping_status":"open","sticky":false,"template":"","format":"standard","meta":{"footnotes":""},"categories":[1],"tags":[],"class_list":["post-60461","post","type-post","status-publish","format-standard","hentry","category-bez-kategorii"],"_links":{"self":[{"href":"https:\/\/mycielewo.pl\/index.php?rest_route=\/wp\/v2\/posts\/60461","targetHints":{"allow":["GET"]}}],"collection":[{"href":"https:\/\/mycielewo.pl\/index.php?rest_route=\/wp\/v2\/posts"}],"about":[{"href":"https:\/\/mycielewo.pl\/index.php?rest_route=\/wp\/v2\/types\/post"}],"author":[{"embeddable":true,"href":"https:\/\/mycielewo.pl\/index.php?rest_route=\/wp\/v2\/users\/4"}],"replies":[{"embeddable":true,"href":"https:\/\/mycielewo.pl\/index.php?rest_route=%2Fwp%2Fv2%2Fcomments&post=60461"}],"version-history":[{"count":2,"href":"https:\/\/mycielewo.pl\/index.php?rest_route=\/wp\/v2\/posts\/60461\/revisions"}],"predecessor-version":[{"id":60468,"href":"https:\/\/mycielewo.pl\/index.php?rest_route=\/wp\/v2\/posts\/60461\/revisions\/60468"}],"wp:attachment":[{"href":"https:\/\/mycielewo.pl\/index.php?rest_route=%2Fwp%2Fv2%2Fmedia&parent=60461"}],"wp:term":[{"taxonomy":"category","embeddable":true,"href":"https:\/\/mycielewo.pl\/index.php?rest_route=%2Fwp%2Fv2%2Fcategories&post=60461"},{"taxonomy":"post_tag","embeddable":true,"href":"https:\/\/mycielewo.pl\/index.php?rest_route=%2Fwp%2Fv2%2Ftags&post=60461"}],"curies":[{"name":"wp","href":"https:\/\/api.w.org\/{rel}","templated":true}]}}