{"id":60454,"date":"2026-01-26T06:33:43","date_gmt":"2026-01-26T06:33:43","guid":{"rendered":"https:\/\/mycielewo.pl\/?p=60454"},"modified":"2026-01-26T13:04:54","modified_gmt":"2026-01-26T13:04:54","slug":"pilne","status":"publish","type":"post","link":"https:\/\/mycielewo.pl\/?p=60454","title":{"rendered":"PILNE!"},"content":{"rendered":"<div class=\"wp-block-image\">\n<figure class=\"alignright size-full is-resized\"><img loading=\"lazy\" decoding=\"async\" width=\"1024\" height=\"1024\" src=\"https:\/\/mycielewo.pl\/wp-content\/uploads\/2026\/01\/uwaga1.jpg\" alt=\"\" class=\"wp-image-60463\" style=\"width:323px;height:auto\" srcset=\"https:\/\/mycielewo.pl\/wp-content\/uploads\/2026\/01\/uwaga1.jpg 1024w, https:\/\/mycielewo.pl\/wp-content\/uploads\/2026\/01\/uwaga1-768x768.jpg 768w\" sizes=\"auto, (max-width: 1024px) 100vw, 1024px\" \/><\/figure>\n<\/div>\n\n\n<p class=\"has-vivid-red-color has-text-color has-link-color has-medium-font-size wp-elements-897a01a257f5cbba938c1317792b5e54\"><strong>W zwi\u0105zku z go\u0142oledzi\u0105 (26.01.2026 r.) autobus szkolny nie wyjedzie w tras\u0119. <\/strong><\/p>\n\n\n\n<p class=\"has-vivid-red-color has-text-color has-link-color has-medium-font-size wp-elements-4c36bea8fa787139c3bad3447f929b5c\"><strong>Dla uczni\u00f3w, kt\u00f3rzy przyjad\u0105 do szko\u0142y we w\u0142asnym zakresie, b\u0119d\u0105 zorganizowane zaj\u0119cia opieku\u0144cze.<\/strong><\/p>\n","protected":false},"excerpt":{"rendered":"<p>W zwi\u0105zku z go\u0142oledzi\u0105 (26.01.2026 r.) autobus szkolny nie wyjedzie w tras\u0119. Dla uczni\u00f3w, kt\u00f3rzy przyjad\u0105 do szko\u0142y we w\u0142asnym zakresie, b\u0119d\u0105 zorganizowane zaj\u0119cia opieku\u0144cze.<\/p>\n","protected":false},"author":1,"featured_media":0,"comment_status":"open","ping_status":"open","sticky":false,"template":"","format":"standard","meta":{"footnotes":""},"categories":[1],"tags":[],"class_list":["post-60454","post","type-post","status-publish","format-standard","hentry","category-bez-kategorii"],"_links":{"self":[{"href":"https:\/\/mycielewo.pl\/index.php?rest_route=\/wp\/v2\/posts\/60454","targetHints":{"allow":["GET"]}}],"collection":[{"href":"https:\/\/mycielewo.pl\/index.php?rest_route=\/wp\/v2\/posts"}],"about":[{"href":"https:\/\/mycielewo.pl\/index.php?rest_route=\/wp\/v2\/types\/post"}],"author":[{"embeddable":true,"href":"https:\/\/mycielewo.pl\/index.php?rest_route=\/wp\/v2\/users\/1"}],"replies":[{"embeddable":true,"href":"https:\/\/mycielewo.pl\/index.php?rest_route=%2Fwp%2Fv2%2Fcomments&post=60454"}],"version-history":[{"count":4,"href":"https:\/\/mycielewo.pl\/index.php?rest_route=\/wp\/v2\/posts\/60454\/revisions"}],"predecessor-version":[{"id":60465,"href":"https:\/\/mycielewo.pl\/index.php?rest_route=\/wp\/v2\/posts\/60454\/revisions\/60465"}],"wp:attachment":[{"href":"https:\/\/mycielewo.pl\/index.php?rest_route=%2Fwp%2Fv2%2Fmedia&parent=60454"}],"wp:term":[{"taxonomy":"category","embeddable":true,"href":"https:\/\/mycielewo.pl\/index.php?rest_route=%2Fwp%2Fv2%2Fcategories&post=60454"},{"taxonomy":"post_tag","embeddable":true,"href":"https:\/\/mycielewo.pl\/index.php?rest_route=%2Fwp%2Fv2%2Ftags&post=60454"}],"curies":[{"name":"wp","href":"https:\/\/api.w.org\/{rel}","templated":true}]}}