{"id":59769,"date":"2025-12-06T09:33:03","date_gmt":"2025-12-06T09:33:03","guid":{"rendered":"https:\/\/mycielewo.pl\/?p=59769"},"modified":"2025-12-06T09:33:05","modified_gmt":"2025-12-06T09:33:05","slug":"dzis-w-naszej-szkole-zagoscil-kolor-czerwony","status":"publish","type":"post","link":"https:\/\/mycielewo.pl\/?p=59769","title":{"rendered":"Dzi\u015b w naszej szkole zago\u015bci\u0142 kolor czerwony!"},"content":{"rendered":"\n<p>5 grudnia 2025 r. od rana panowa\u0142 wyj\u0105tkowy, miko\u0142ajkowy nastr\u00f3j. Korytarze wype\u0142ni\u0142y si\u0119 kolorem czerwonym \u2013 symbolicznym kolorem <strong>\u015awi\u0119tego Miko\u0142aja<\/strong>. Nie zabrak\u0142o r\u00f3wnie\u017c miko\u0142ajkowych akcent\u00f3w w strojach uczni\u00f3w i nauczycieli, kt\u00f3re wprowadzi\u0142y wszystkich w radosny klimat.<\/p>\n\n\n\n<p>Ka\u017cde dziecko otrzyma\u0142o s\u0142odki upominek ufundowany przez Rad\u0119 Rodzic\u00f3w.<br>Serdecznie dzi\u0119kujemy za ten mi\u0142y gest, kt\u00f3ry sprawi\u0142 uczniom ogromn\u0105 rado\u015b\u0107!<\/p>\n\n\n\n<p class=\"has-text-align-right\"><em>Julia Czechowska<\/em><\/p>\n\n\n\n<figure class=\"wp-block-gallery has-nested-images columns-6 is-cropped wp-block-gallery-2 is-layout-flex wp-block-gallery-is-layout-flex\">\n<figure class=\"wp-block-image size-full\"><img loading=\"lazy\" decoding=\"async\" width=\"1894\" height=\"1282\" data-id=\"59777\" src=\"https:\/\/mycielewo.pl\/wp-content\/uploads\/2025\/12\/img001-4.jpg\" alt=\"\" class=\"wp-image-59777\" srcset=\"https:\/\/mycielewo.pl\/wp-content\/uploads\/2025\/12\/img001-4.jpg 1894w, https:\/\/mycielewo.pl\/wp-content\/uploads\/2025\/12\/img001-4-768x520.jpg 768w, https:\/\/mycielewo.pl\/wp-content\/uploads\/2025\/12\/img001-4-1536x1040.jpg 1536w\" sizes=\"auto, (max-width: 1894px) 100vw, 1894px\" \/><\/figure>\n\n\n\n<figure class=\"wp-block-image size-full\"><img loading=\"lazy\" decoding=\"async\" width=\"1660\" height=\"874\" data-id=\"59775\" src=\"https:\/\/mycielewo.pl\/wp-content\/uploads\/2025\/12\/img002-4.jpg\" alt=\"\" class=\"wp-image-59775\" srcset=\"https:\/\/mycielewo.pl\/wp-content\/uploads\/2025\/12\/img002-4.jpg 1660w, https:\/\/mycielewo.pl\/wp-content\/uploads\/2025\/12\/img002-4-768x404.jpg 768w, https:\/\/mycielewo.pl\/wp-content\/uploads\/2025\/12\/img002-4-1536x809.jpg 1536w\" sizes=\"auto, (max-width: 1660px) 100vw, 1660px\" \/><\/figure>\n\n\n\n<figure class=\"wp-block-image size-full\"><img loading=\"lazy\" decoding=\"async\" width=\"2048\" height=\"889\" data-id=\"59773\" src=\"https:\/\/mycielewo.pl\/wp-content\/uploads\/2025\/12\/img003-4.jpg\" alt=\"\" class=\"wp-image-59773\" srcset=\"https:\/\/mycielewo.pl\/wp-content\/uploads\/2025\/12\/img003-4.jpg 2048w, https:\/\/mycielewo.pl\/wp-content\/uploads\/2025\/12\/img003-4-768x333.jpg 768w, https:\/\/mycielewo.pl\/wp-content\/uploads\/2025\/12\/img003-4-1536x667.jpg 1536w\" sizes=\"auto, (max-width: 2048px) 100vw, 2048px\" \/><\/figure>\n\n\n\n<figure class=\"wp-block-image size-full\"><img loading=\"lazy\" decoding=\"async\" width=\"2048\" height=\"755\" data-id=\"59776\" src=\"https:\/\/mycielewo.pl\/wp-content\/uploads\/2025\/12\/img004-4.jpg\" alt=\"\" class=\"wp-image-59776\" srcset=\"https:\/\/mycielewo.pl\/wp-content\/uploads\/2025\/12\/img004-4.jpg 2048w, https:\/\/mycielewo.pl\/wp-content\/uploads\/2025\/12\/img004-4-768x283.jpg 768w, https:\/\/mycielewo.pl\/wp-content\/uploads\/2025\/12\/img004-4-1536x566.jpg 1536w\" sizes=\"auto, (max-width: 2048px) 100vw, 2048px\" \/><\/figure>\n\n\n\n<figure class=\"wp-block-image size-full\"><img loading=\"lazy\" decoding=\"async\" width=\"1536\" height=\"2048\" data-id=\"59770\" src=\"https:\/\/mycielewo.pl\/wp-content\/uploads\/2025\/12\/img005-4.jpg\" alt=\"\" class=\"wp-image-59770\" srcset=\"https:\/\/mycielewo.pl\/wp-content\/uploads\/2025\/12\/img005-4.jpg 1536w, https:\/\/mycielewo.pl\/wp-content\/uploads\/2025\/12\/img005-4-768x1024.jpg 768w, https:\/\/mycielewo.pl\/wp-content\/uploads\/2025\/12\/img005-4-1152x1536.jpg 1152w\" sizes=\"auto, (max-width: 1536px) 100vw, 1536px\" \/><\/figure>\n\n\n\n<figure class=\"wp-block-image size-full\"><img loading=\"lazy\" decoding=\"async\" width=\"1927\" height=\"1048\" data-id=\"59778\" src=\"https:\/\/mycielewo.pl\/wp-content\/uploads\/2025\/12\/img006-4.jpg\" alt=\"\" class=\"wp-image-59778\" srcset=\"https:\/\/mycielewo.pl\/wp-content\/uploads\/2025\/12\/img006-4.jpg 1927w, https:\/\/mycielewo.pl\/wp-content\/uploads\/2025\/12\/img006-4-768x418.jpg 768w, https:\/\/mycielewo.pl\/wp-content\/uploads\/2025\/12\/img006-4-1536x835.jpg 1536w\" sizes=\"auto, (max-width: 1927px) 100vw, 1927px\" \/><\/figure>\n\n\n\n<figure class=\"wp-block-image size-full\"><img loading=\"lazy\" decoding=\"async\" width=\"1188\" height=\"840\" data-id=\"59771\" src=\"https:\/\/mycielewo.pl\/wp-content\/uploads\/2025\/12\/img007-3.jpg\" alt=\"\" class=\"wp-image-59771\" srcset=\"https:\/\/mycielewo.pl\/wp-content\/uploads\/2025\/12\/img007-3.jpg 1188w, https:\/\/mycielewo.pl\/wp-content\/uploads\/2025\/12\/img007-3-768x543.jpg 768w\" sizes=\"auto, (max-width: 1188px) 100vw, 1188px\" \/><\/figure>\n\n\n\n<figure class=\"wp-block-image size-full\"><img loading=\"lazy\" decoding=\"async\" width=\"1938\" height=\"842\" data-id=\"59772\" src=\"https:\/\/mycielewo.pl\/wp-content\/uploads\/2025\/12\/img008-3.jpg\" alt=\"\" class=\"wp-image-59772\" srcset=\"https:\/\/mycielewo.pl\/wp-content\/uploads\/2025\/12\/img008-3.jpg 1938w, https:\/\/mycielewo.pl\/wp-content\/uploads\/2025\/12\/img008-3-768x334.jpg 768w, https:\/\/mycielewo.pl\/wp-content\/uploads\/2025\/12\/img008-3-1536x667.jpg 1536w\" sizes=\"auto, (max-width: 1938px) 100vw, 1938px\" \/><\/figure>\n\n\n\n<figure class=\"wp-block-image size-full\"><img loading=\"lazy\" decoding=\"async\" width=\"1634\" height=\"935\" data-id=\"59779\" src=\"https:\/\/mycielewo.pl\/wp-content\/uploads\/2025\/12\/img009-3.jpg\" alt=\"\" class=\"wp-image-59779\" srcset=\"https:\/\/mycielewo.pl\/wp-content\/uploads\/2025\/12\/img009-3.jpg 1634w, https:\/\/mycielewo.pl\/wp-content\/uploads\/2025\/12\/img009-3-768x439.jpg 768w, https:\/\/mycielewo.pl\/wp-content\/uploads\/2025\/12\/img009-3-1536x879.jpg 1536w\" sizes=\"auto, (max-width: 1634px) 100vw, 1634px\" \/><\/figure>\n\n\n\n<figure class=\"wp-block-image size-full\"><img loading=\"lazy\" decoding=\"async\" width=\"1763\" height=\"788\" data-id=\"59774\" src=\"https:\/\/mycielewo.pl\/wp-content\/uploads\/2025\/12\/img010-2.jpg\" alt=\"\" class=\"wp-image-59774\" srcset=\"https:\/\/mycielewo.pl\/wp-content\/uploads\/2025\/12\/img010-2.jpg 1763w, https:\/\/mycielewo.pl\/wp-content\/uploads\/2025\/12\/img010-2-768x343.jpg 768w, https:\/\/mycielewo.pl\/wp-content\/uploads\/2025\/12\/img010-2-1536x687.jpg 1536w\" sizes=\"auto, (max-width: 1763px) 100vw, 1763px\" \/><\/figure>\n<\/figure>\n","protected":false},"excerpt":{"rendered":"<p>5 grudnia 2025 r. od rana panowa\u0142 wyj\u0105tkowy, miko\u0142ajkowy nastr\u00f3j. Korytarze wype\u0142ni\u0142y si\u0119 kolorem czerwonym \u2013 symbolicznym kolorem \u015awi\u0119tego Miko\u0142aja. Nie zabrak\u0142o r\u00f3wnie\u017c miko\u0142ajkowych akcent\u00f3w w strojach uczni\u00f3w i nauczycieli, kt\u00f3re wprowadzi\u0142y wszystkich w radosny klimat. Ka\u017cde dziecko otrzyma\u0142o s\u0142odki upominek ufundowany przez Rad\u0119 Rodzic\u00f3w.Serdecznie dzi\u0119kujemy za ten mi\u0142y gest, kt\u00f3ry sprawi\u0142 uczniom ogromn\u0105 rado\u015b\u0107!&hellip; <a class=\"continue\" href=\"https:\/\/mycielewo.pl\/?p=59769\">Kontynuuj czytanie<span> Dzi\u015b w naszej szkole zago\u015bci\u0142 kolor czerwony!<\/span><\/a><\/p>\n","protected":false},"author":1,"featured_media":0,"comment_status":"open","ping_status":"open","sticky":false,"template":"","format":"standard","meta":{"footnotes":""},"categories":[1],"tags":[],"class_list":["post-59769","post","type-post","status-publish","format-standard","hentry","category-bez-kategorii"],"_links":{"self":[{"href":"https:\/\/mycielewo.pl\/index.php?rest_route=\/wp\/v2\/posts\/59769","targetHints":{"allow":["GET"]}}],"collection":[{"href":"https:\/\/mycielewo.pl\/index.php?rest_route=\/wp\/v2\/posts"}],"about":[{"href":"https:\/\/mycielewo.pl\/index.php?rest_route=\/wp\/v2\/types\/post"}],"author":[{"embeddable":true,"href":"https:\/\/mycielewo.pl\/index.php?rest_route=\/wp\/v2\/users\/1"}],"replies":[{"embeddable":true,"href":"https:\/\/mycielewo.pl\/index.php?rest_route=%2Fwp%2Fv2%2Fcomments&post=59769"}],"version-history":[{"count":1,"href":"https:\/\/mycielewo.pl\/index.php?rest_route=\/wp\/v2\/posts\/59769\/revisions"}],"predecessor-version":[{"id":59780,"href":"https:\/\/mycielewo.pl\/index.php?rest_route=\/wp\/v2\/posts\/59769\/revisions\/59780"}],"wp:attachment":[{"href":"https:\/\/mycielewo.pl\/index.php?rest_route=%2Fwp%2Fv2%2Fmedia&parent=59769"}],"wp:term":[{"taxonomy":"category","embeddable":true,"href":"https:\/\/mycielewo.pl\/index.php?rest_route=%2Fwp%2Fv2%2Fcategories&post=59769"},{"taxonomy":"post_tag","embeddable":true,"href":"https:\/\/mycielewo.pl\/index.php?rest_route=%2Fwp%2Fv2%2Ftags&post=59769"}],"curies":[{"name":"wp","href":"https:\/\/api.w.org\/{rel}","templated":true}]}}