{"id":59694,"date":"2025-12-04T09:02:24","date_gmt":"2025-12-04T09:02:24","guid":{"rendered":"https:\/\/mycielewo.pl\/?p=59694"},"modified":"2025-12-04T09:08:24","modified_gmt":"2025-12-04T09:08:24","slug":"%f0%9f%8e%84-ogloszenie-swiateczne-%f0%9f%8e%85","status":"publish","type":"post","link":"https:\/\/mycielewo.pl\/?p=59694","title":{"rendered":"\ud83c\udf84 OG\u0141OSZENIE \u015aWI\u0104TECZNE \ud83c\udf85"},"content":{"rendered":"\n<p>Drodzy Uczniowie!<\/p>\n\n\n\n<p>\ud83d\udcc5 <strong>5 grudnia<\/strong> zapraszamy wszystkich do szko\u0142y <strong>w Miko\u0142ajkowym stroju<\/strong>!<br>Czerwone czapki, rogi renifera, \u015bwi\u0105teczne swetry \u2013 pe\u0142na dowolno\u015b\u0107, byle by\u0142o \u015bwi\u0105tecznie!<\/p>\n\n\n\n<p>\u2728 <strong>15 grudnia<\/strong> odb\u0119dzie si\u0119 <strong>rozstrzygni\u0119cie konkursu na najpi\u0119kniej przystrojon\u0105 klas\u0119<\/strong>.<br>Przygotujcie si\u0119 \u2013 komisja oceni pomys\u0142owo\u015b\u0107, estetyk\u0119 i \u015bwi\u0105teczny klimat dekoracji.<\/p>\n\n\n\n<p>Do zobaczenia i \u017cyczymy \u015bwietnej zabawy! \ud83c\udf81\ud83c\udf84<\/p>\n\n\n\n<p class=\"has-text-align-right\"><em>Samorz\u0105d Uczniowski<\/em><\/p>\n\n\n\n<figure class=\"wp-block-image size-full\"><img loading=\"lazy\" decoding=\"async\" width=\"846\" height=\"395\" src=\"https:\/\/mycielewo.pl\/wp-content\/uploads\/2025\/12\/image.png\" alt=\"\" class=\"wp-image-59696\" srcset=\"https:\/\/mycielewo.pl\/wp-content\/uploads\/2025\/12\/image.png 846w, https:\/\/mycielewo.pl\/wp-content\/uploads\/2025\/12\/image-768x359.png 768w\" sizes=\"auto, (max-width: 846px) 100vw, 846px\" \/><\/figure>\n","protected":false},"excerpt":{"rendered":"<p>Drodzy Uczniowie! \ud83d\udcc5 5 grudnia zapraszamy wszystkich do szko\u0142y w Miko\u0142ajkowym stroju!Czerwone czapki, rogi renifera, \u015bwi\u0105teczne swetry \u2013 pe\u0142na dowolno\u015b\u0107, byle by\u0142o \u015bwi\u0105tecznie! \u2728 15 grudnia odb\u0119dzie si\u0119 rozstrzygni\u0119cie konkursu na najpi\u0119kniej przystrojon\u0105 klas\u0119.Przygotujcie si\u0119 \u2013 komisja oceni pomys\u0142owo\u015b\u0107, estetyk\u0119 i \u015bwi\u0105teczny klimat dekoracji. Do zobaczenia i \u017cyczymy \u015bwietnej zabawy! \ud83c\udf81\ud83c\udf84 Samorz\u0105d Uczniowski<\/p>\n","protected":false},"author":1,"featured_media":0,"comment_status":"open","ping_status":"open","sticky":false,"template":"","format":"standard","meta":{"footnotes":""},"categories":[1],"tags":[],"class_list":["post-59694","post","type-post","status-publish","format-standard","hentry","category-bez-kategorii"],"_links":{"self":[{"href":"https:\/\/mycielewo.pl\/index.php?rest_route=\/wp\/v2\/posts\/59694","targetHints":{"allow":["GET"]}}],"collection":[{"href":"https:\/\/mycielewo.pl\/index.php?rest_route=\/wp\/v2\/posts"}],"about":[{"href":"https:\/\/mycielewo.pl\/index.php?rest_route=\/wp\/v2\/types\/post"}],"author":[{"embeddable":true,"href":"https:\/\/mycielewo.pl\/index.php?rest_route=\/wp\/v2\/users\/1"}],"replies":[{"embeddable":true,"href":"https:\/\/mycielewo.pl\/index.php?rest_route=%2Fwp%2Fv2%2Fcomments&post=59694"}],"version-history":[{"count":2,"href":"https:\/\/mycielewo.pl\/index.php?rest_route=\/wp\/v2\/posts\/59694\/revisions"}],"predecessor-version":[{"id":59697,"href":"https:\/\/mycielewo.pl\/index.php?rest_route=\/wp\/v2\/posts\/59694\/revisions\/59697"}],"wp:attachment":[{"href":"https:\/\/mycielewo.pl\/index.php?rest_route=%2Fwp%2Fv2%2Fmedia&parent=59694"}],"wp:term":[{"taxonomy":"category","embeddable":true,"href":"https:\/\/mycielewo.pl\/index.php?rest_route=%2Fwp%2Fv2%2Fcategories&post=59694"},{"taxonomy":"post_tag","embeddable":true,"href":"https:\/\/mycielewo.pl\/index.php?rest_route=%2Fwp%2Fv2%2Ftags&post=59694"}],"curies":[{"name":"wp","href":"https:\/\/api.w.org\/{rel}","templated":true}]}}