{"id":59636,"date":"2025-12-02T20:47:48","date_gmt":"2025-12-02T20:47:48","guid":{"rendered":"https:\/\/mycielewo.pl\/?p=59636"},"modified":"2025-12-03T11:40:54","modified_gmt":"2025-12-03T11:40:54","slug":"wyroznienia-dla-naszych-uczniow-w-konkursach-drugie-zycie-plastikowej-butelki-oraz-ekobaner","status":"publish","type":"post","link":"https:\/\/mycielewo.pl\/?p=59636","title":{"rendered":"Wyr\u00f3\u017cnienia dla naszych uczni\u00f3w w konkursach \u201eDrugie \u017cycie plastikowej butelki\u201d oraz \u201eEkobaner\u201d"},"content":{"rendered":"\n<p><strong>Uczniowie naszej szko\u0142y po raz kolejny udowodnili, \u017ce kreatywno\u015b\u0107 mo\u017ce i\u015b\u0107 w parze z trosk\u0105 o \u015brodowisko. Nina Jarecka z oddzia\u0142u przedszkolnego, Zuzanna Go\u0142\u0105b z klasy I oraz Igor Tworek z klasy IV zdobyli wyr\u00f3\u017cnienia w konkursie \u201eDrugie \u017cycie plastikowej butelki\u201d, organizowanym przez Urz\u0105d Miejski w Kcyni.<\/strong><\/p>\n\n\n\n<p>Podczas uroczystego wr\u0119czenia nagr\u00f3d, kt\u00f3re odby\u0142o si\u0119 1 grudnia, m\u0142odzi tw\u00f3rcy otrzymali podzi\u0119kowania oraz upominki za wyj\u0105tkowe prace wykonane z plastikowych odpad\u00f3w. Ich projekty zachwyci\u0142y komisj\u0119 oryginalno\u015bci\u0105, dba\u0142o\u015bci\u0105 o szczeg\u00f3\u0142y oraz przede wszystkim \u2013 proekologicznym przes\u0142aniem.<\/p>\n\n\n\n<p>W ramach tego samego wydarzenia Dyrektor Katarzyna Walasiewicz oraz Pani Agnieszka Magdziarz wraz z uczennic\u0105 Mari\u0105 Kurtysiak odebra\u0142y nagrod\u0119 laureat\u00f3w konkursu na szkolny ekobaner. Uhonorowana praca promowa\u0142a ekologiczne postawy podczas akcji \u201eDzie\u0144 Czystego Powietrza\u201d (V edycja) i zachwyci\u0142a jury estetyk\u0105 oraz jasnym przekazem. Autorami banera byli uczniowie klasy VI, pracuj\u0105cy pod kierunkiem nauczycielek plastyki \u2013 <strong>Agnieszki Koralewskiej-Hak<\/strong> i <strong>Agnieszki Magdziarz<\/strong>. W powstawanie projektu zaanga\u017cowa\u0142y si\u0119 r\u00f3wnie\u017c dyrektor <strong>Katarzyna Walasiewicz<\/strong> oraz <strong>Joanna Ma\u0107kowska-Wrzyszcz<\/strong>.<\/p>\n\n\n\n<p>Serdecznie gratulujemy wszystkim nagrodzonym i wyr\u00f3\u017cnionym! Wasze zaanga\u017cowanie w dzia\u0142ania na rzecz \u015brodowiska jest wspania\u0142ym przyk\u0142adem dla ca\u0142ej spo\u0142eczno\u015bci szkolnej. \u017byczymy kolejnych sukces\u00f3w i niegasn\u0105cej tw\u00f3rczej energii!<\/p>\n\n\n\n<p class=\"has-text-align-right\"><em>Paulina Dydyszko<\/em><\/p>\n\n\n\n<figure class=\"wp-block-gallery has-nested-images columns-8 is-cropped wp-block-gallery-2 is-layout-flex wp-block-gallery-is-layout-flex\">\n<figure class=\"wp-block-image size-full\"><img loading=\"lazy\" decoding=\"async\" width=\"2560\" height=\"1444\" data-id=\"59642\" src=\"https:\/\/mycielewo.pl\/wp-content\/uploads\/2025\/12\/imag001-2-scaled.jpg\" alt=\"\" class=\"wp-image-59642\" srcset=\"https:\/\/mycielewo.pl\/wp-content\/uploads\/2025\/12\/imag001-2-scaled.jpg 2560w, https:\/\/mycielewo.pl\/wp-content\/uploads\/2025\/12\/imag001-2-850x478.jpg 850w, https:\/\/mycielewo.pl\/wp-content\/uploads\/2025\/12\/imag001-2-250x141.jpg 250w, https:\/\/mycielewo.pl\/wp-content\/uploads\/2025\/12\/imag001-2-768x433.jpg 768w, https:\/\/mycielewo.pl\/wp-content\/uploads\/2025\/12\/imag001-2-1536x867.jpg 1536w, https:\/\/mycielewo.pl\/wp-content\/uploads\/2025\/12\/imag001-2-2048x1155.jpg 2048w\" sizes=\"auto, (max-width: 2560px) 100vw, 2560px\" \/><\/figure>\n\n\n\n<figure class=\"wp-block-image size-full\"><img loading=\"lazy\" decoding=\"async\" width=\"1109\" height=\"2400\" data-id=\"59650\" src=\"https:\/\/mycielewo.pl\/wp-content\/uploads\/2025\/12\/imag002-1.jpg\" alt=\"\" class=\"wp-image-59650\" srcset=\"https:\/\/mycielewo.pl\/wp-content\/uploads\/2025\/12\/imag002-1.jpg 1109w, https:\/\/mycielewo.pl\/wp-content\/uploads\/2025\/12\/imag002-1-768x1662.jpg 768w, https:\/\/mycielewo.pl\/wp-content\/uploads\/2025\/12\/imag002-1-710x1536.jpg 710w, https:\/\/mycielewo.pl\/wp-content\/uploads\/2025\/12\/imag002-1-946x2048.jpg 946w\" sizes=\"auto, (max-width: 1109px) 100vw, 1109px\" \/><\/figure>\n\n\n\n<figure class=\"wp-block-image size-full\"><img loading=\"lazy\" decoding=\"async\" width=\"2560\" height=\"1444\" data-id=\"59647\" src=\"https:\/\/mycielewo.pl\/wp-content\/uploads\/2025\/12\/imag003-1-scaled.jpg\" alt=\"\" class=\"wp-image-59647\" srcset=\"https:\/\/mycielewo.pl\/wp-content\/uploads\/2025\/12\/imag003-1-scaled.jpg 2560w, https:\/\/mycielewo.pl\/wp-content\/uploads\/2025\/12\/imag003-1-850x478.jpg 850w, https:\/\/mycielewo.pl\/wp-content\/uploads\/2025\/12\/imag003-1-250x141.jpg 250w, https:\/\/mycielewo.pl\/wp-content\/uploads\/2025\/12\/imag003-1-768x433.jpg 768w, https:\/\/mycielewo.pl\/wp-content\/uploads\/2025\/12\/imag003-1-1536x867.jpg 1536w, https:\/\/mycielewo.pl\/wp-content\/uploads\/2025\/12\/imag003-1-2048x1155.jpg 2048w\" sizes=\"auto, (max-width: 2560px) 100vw, 2560px\" \/><\/figure>\n\n\n\n<figure class=\"wp-block-image size-full\"><img loading=\"lazy\" decoding=\"async\" width=\"2560\" height=\"1444\" data-id=\"59648\" src=\"https:\/\/mycielewo.pl\/wp-content\/uploads\/2025\/12\/imag004-1-scaled.jpg\" alt=\"\" class=\"wp-image-59648\" srcset=\"https:\/\/mycielewo.pl\/wp-content\/uploads\/2025\/12\/imag004-1-scaled.jpg 2560w, https:\/\/mycielewo.pl\/wp-content\/uploads\/2025\/12\/imag004-1-850x478.jpg 850w, https:\/\/mycielewo.pl\/wp-content\/uploads\/2025\/12\/imag004-1-250x141.jpg 250w, https:\/\/mycielewo.pl\/wp-content\/uploads\/2025\/12\/imag004-1-768x433.jpg 768w, https:\/\/mycielewo.pl\/wp-content\/uploads\/2025\/12\/imag004-1-1536x867.jpg 1536w, https:\/\/mycielewo.pl\/wp-content\/uploads\/2025\/12\/imag004-1-2048x1155.jpg 2048w\" sizes=\"auto, (max-width: 2560px) 100vw, 2560px\" \/><\/figure>\n\n\n\n<figure class=\"wp-block-image size-full\"><img loading=\"lazy\" decoding=\"async\" width=\"2560\" height=\"1444\" data-id=\"59645\" src=\"https:\/\/mycielewo.pl\/wp-content\/uploads\/2025\/12\/imag005-1-scaled.jpg\" alt=\"\" class=\"wp-image-59645\" srcset=\"https:\/\/mycielewo.pl\/wp-content\/uploads\/2025\/12\/imag005-1-scaled.jpg 2560w, https:\/\/mycielewo.pl\/wp-content\/uploads\/2025\/12\/imag005-1-850x478.jpg 850w, https:\/\/mycielewo.pl\/wp-content\/uploads\/2025\/12\/imag005-1-250x141.jpg 250w, https:\/\/mycielewo.pl\/wp-content\/uploads\/2025\/12\/imag005-1-768x433.jpg 768w, https:\/\/mycielewo.pl\/wp-content\/uploads\/2025\/12\/imag005-1-1536x867.jpg 1536w, https:\/\/mycielewo.pl\/wp-content\/uploads\/2025\/12\/imag005-1-2048x1155.jpg 2048w\" sizes=\"auto, (max-width: 2560px) 100vw, 2560px\" \/><\/figure>\n\n\n\n<figure class=\"wp-block-image size-full\"><img loading=\"lazy\" decoding=\"async\" width=\"1444\" height=\"2560\" data-id=\"59646\" src=\"https:\/\/mycielewo.pl\/wp-content\/uploads\/2025\/12\/imag006-1-scaled.jpg\" alt=\"\" class=\"wp-image-59646\" srcset=\"https:\/\/mycielewo.pl\/wp-content\/uploads\/2025\/12\/imag006-1-scaled.jpg 1444w, https:\/\/mycielewo.pl\/wp-content\/uploads\/2025\/12\/imag006-1-768x1361.jpg 768w, https:\/\/mycielewo.pl\/wp-content\/uploads\/2025\/12\/imag006-1-867x1536.jpg 867w, https:\/\/mycielewo.pl\/wp-content\/uploads\/2025\/12\/imag006-1-1155x2048.jpg 1155w\" sizes=\"auto, (max-width: 1444px) 100vw, 1444px\" \/><\/figure>\n\n\n\n<figure class=\"wp-block-image size-full\"><img loading=\"lazy\" decoding=\"async\" width=\"1444\" height=\"2560\" data-id=\"59649\" src=\"https:\/\/mycielewo.pl\/wp-content\/uploads\/2025\/12\/imag007-1-scaled.jpg\" alt=\"\" class=\"wp-image-59649\" srcset=\"https:\/\/mycielewo.pl\/wp-content\/uploads\/2025\/12\/imag007-1-scaled.jpg 1444w, https:\/\/mycielewo.pl\/wp-content\/uploads\/2025\/12\/imag007-1-768x1361.jpg 768w, https:\/\/mycielewo.pl\/wp-content\/uploads\/2025\/12\/imag007-1-867x1536.jpg 867w, https:\/\/mycielewo.pl\/wp-content\/uploads\/2025\/12\/imag007-1-1155x2048.jpg 1155w\" sizes=\"auto, (max-width: 1444px) 100vw, 1444px\" \/><\/figure>\n\n\n\n<figure class=\"wp-block-image size-full\"><img loading=\"lazy\" decoding=\"async\" width=\"2048\" height=\"1541\" data-id=\"59640\" src=\"https:\/\/mycielewo.pl\/wp-content\/uploads\/2025\/12\/img001.jpg\" alt=\"\" class=\"wp-image-59640\" srcset=\"https:\/\/mycielewo.pl\/wp-content\/uploads\/2025\/12\/img001.jpg 2048w, https:\/\/mycielewo.pl\/wp-content\/uploads\/2025\/12\/img001-768x578.jpg 768w, https:\/\/mycielewo.pl\/wp-content\/uploads\/2025\/12\/img001-1536x1156.jpg 1536w\" sizes=\"auto, (max-width: 2048px) 100vw, 2048px\" \/><\/figure>\n\n\n\n<figure class=\"wp-block-image size-full\"><img loading=\"lazy\" decoding=\"async\" width=\"2048\" height=\"1152\" data-id=\"59643\" src=\"https:\/\/mycielewo.pl\/wp-content\/uploads\/2025\/12\/img002.jpg\" alt=\"\" class=\"wp-image-59643\" srcset=\"https:\/\/mycielewo.pl\/wp-content\/uploads\/2025\/12\/img002.jpg 2048w, https:\/\/mycielewo.pl\/wp-content\/uploads\/2025\/12\/img002-850x478.jpg 850w, https:\/\/mycielewo.pl\/wp-content\/uploads\/2025\/12\/img002-1200x675.jpg 1200w, https:\/\/mycielewo.pl\/wp-content\/uploads\/2025\/12\/img002-250x141.jpg 250w, https:\/\/mycielewo.pl\/wp-content\/uploads\/2025\/12\/img002-768x432.jpg 768w, https:\/\/mycielewo.pl\/wp-content\/uploads\/2025\/12\/img002-1536x864.jpg 1536w\" sizes=\"auto, (max-width: 2048px) 100vw, 2048px\" \/><\/figure>\n\n\n\n<figure class=\"wp-block-image size-full\"><img loading=\"lazy\" decoding=\"async\" width=\"1152\" height=\"2048\" data-id=\"59639\" src=\"https:\/\/mycielewo.pl\/wp-content\/uploads\/2025\/12\/img003.jpg\" alt=\"\" class=\"wp-image-59639\" srcset=\"https:\/\/mycielewo.pl\/wp-content\/uploads\/2025\/12\/img003.jpg 1152w, https:\/\/mycielewo.pl\/wp-content\/uploads\/2025\/12\/img003-768x1365.jpg 768w, https:\/\/mycielewo.pl\/wp-content\/uploads\/2025\/12\/img003-864x1536.jpg 864w\" sizes=\"auto, (max-width: 1152px) 100vw, 1152px\" \/><\/figure>\n\n\n\n<figure class=\"wp-block-image size-full\"><img loading=\"lazy\" decoding=\"async\" width=\"1152\" height=\"2048\" data-id=\"59641\" src=\"https:\/\/mycielewo.pl\/wp-content\/uploads\/2025\/12\/img004.jpg\" alt=\"\" class=\"wp-image-59641\" srcset=\"https:\/\/mycielewo.pl\/wp-content\/uploads\/2025\/12\/img004.jpg 1152w, https:\/\/mycielewo.pl\/wp-content\/uploads\/2025\/12\/img004-768x1365.jpg 768w, https:\/\/mycielewo.pl\/wp-content\/uploads\/2025\/12\/img004-864x1536.jpg 864w\" sizes=\"auto, (max-width: 1152px) 100vw, 1152px\" \/><\/figure>\n\n\n\n<figure class=\"wp-block-image size-full\"><img loading=\"lazy\" decoding=\"async\" width=\"2048\" height=\"1152\" data-id=\"59644\" src=\"https:\/\/mycielewo.pl\/wp-content\/uploads\/2025\/12\/img005.jpg\" alt=\"\" class=\"wp-image-59644\" srcset=\"https:\/\/mycielewo.pl\/wp-content\/uploads\/2025\/12\/img005.jpg 2048w, https:\/\/mycielewo.pl\/wp-content\/uploads\/2025\/12\/img005-850x478.jpg 850w, https:\/\/mycielewo.pl\/wp-content\/uploads\/2025\/12\/img005-1200x675.jpg 1200w, https:\/\/mycielewo.pl\/wp-content\/uploads\/2025\/12\/img005-250x141.jpg 250w, https:\/\/mycielewo.pl\/wp-content\/uploads\/2025\/12\/img005-768x432.jpg 768w, https:\/\/mycielewo.pl\/wp-content\/uploads\/2025\/12\/img005-1536x864.jpg 1536w\" sizes=\"auto, (max-width: 2048px) 100vw, 2048px\" \/><\/figure>\n\n\n\n<figure class=\"wp-block-image size-full\"><img loading=\"lazy\" decoding=\"async\" width=\"1542\" height=\"2048\" data-id=\"59638\" src=\"https:\/\/mycielewo.pl\/wp-content\/uploads\/2025\/12\/img006.jpg\" alt=\"\" class=\"wp-image-59638\" srcset=\"https:\/\/mycielewo.pl\/wp-content\/uploads\/2025\/12\/img006.jpg 1542w, https:\/\/mycielewo.pl\/wp-content\/uploads\/2025\/12\/img006-768x1020.jpg 768w, https:\/\/mycielewo.pl\/wp-content\/uploads\/2025\/12\/img006-1157x1536.jpg 1157w\" sizes=\"auto, (max-width: 1542px) 100vw, 1542px\" \/><\/figure>\n<\/figure>\n","protected":false},"excerpt":{"rendered":"<p>Uczniowie naszej szko\u0142y po raz kolejny udowodnili, \u017ce kreatywno\u015b\u0107 mo\u017ce i\u015b\u0107 w parze z trosk\u0105 o \u015brodowisko. Nina Jarecka z oddzia\u0142u przedszkolnego, Zuzanna Go\u0142\u0105b z klasy I oraz Igor Tworek z klasy IV zdobyli wyr\u00f3\u017cnienia w konkursie \u201eDrugie \u017cycie plastikowej butelki\u201d, organizowanym przez Urz\u0105d Miejski w Kcyni. Podczas uroczystego wr\u0119czenia nagr\u00f3d, kt\u00f3re odby\u0142o si\u0119 1&hellip; <a class=\"continue\" href=\"https:\/\/mycielewo.pl\/?p=59636\">Kontynuuj czytanie<span> Wyr\u00f3\u017cnienia dla naszych uczni\u00f3w w konkursach \u201eDrugie \u017cycie plastikowej butelki\u201d oraz \u201eEkobaner\u201d<\/span><\/a><\/p>\n","protected":false},"author":1,"featured_media":0,"comment_status":"open","ping_status":"open","sticky":false,"template":"","format":"standard","meta":{"footnotes":""},"categories":[1],"tags":[],"class_list":["post-59636","post","type-post","status-publish","format-standard","hentry","category-bez-kategorii"],"_links":{"self":[{"href":"https:\/\/mycielewo.pl\/index.php?rest_route=\/wp\/v2\/posts\/59636","targetHints":{"allow":["GET"]}}],"collection":[{"href":"https:\/\/mycielewo.pl\/index.php?rest_route=\/wp\/v2\/posts"}],"about":[{"href":"https:\/\/mycielewo.pl\/index.php?rest_route=\/wp\/v2\/types\/post"}],"author":[{"embeddable":true,"href":"https:\/\/mycielewo.pl\/index.php?rest_route=\/wp\/v2\/users\/1"}],"replies":[{"embeddable":true,"href":"https:\/\/mycielewo.pl\/index.php?rest_route=%2Fwp%2Fv2%2Fcomments&post=59636"}],"version-history":[{"count":2,"href":"https:\/\/mycielewo.pl\/index.php?rest_route=\/wp\/v2\/posts\/59636\/revisions"}],"predecessor-version":[{"id":59693,"href":"https:\/\/mycielewo.pl\/index.php?rest_route=\/wp\/v2\/posts\/59636\/revisions\/59693"}],"wp:attachment":[{"href":"https:\/\/mycielewo.pl\/index.php?rest_route=%2Fwp%2Fv2%2Fmedia&parent=59636"}],"wp:term":[{"taxonomy":"category","embeddable":true,"href":"https:\/\/mycielewo.pl\/index.php?rest_route=%2Fwp%2Fv2%2Fcategories&post=59636"},{"taxonomy":"post_tag","embeddable":true,"href":"https:\/\/mycielewo.pl\/index.php?rest_route=%2Fwp%2Fv2%2Ftags&post=59636"}],"curies":[{"name":"wp","href":"https:\/\/api.w.org\/{rel}","templated":true}]}}