{"id":52635,"date":"2024-11-28T15:47:25","date_gmt":"2024-11-28T15:47:25","guid":{"rendered":"https:\/\/mycielewo.pl\/?p=52635"},"modified":"2024-11-28T15:52:57","modified_gmt":"2024-11-28T15:52:57","slug":"serdecznie-zapraszamy-na-jarmark-bozonarodzeniowy-ktory-odbedzie-sie-na-kcynskim-rynku-juz-w-niedziele-1-grudnia-2024-roku","status":"publish","type":"post","link":"https:\/\/mycielewo.pl\/?p=52635","title":{"rendered":"Serdecznie zapraszamy na Jarmark Bo\u017conarodzeniowy, kt\u00f3ry odb\u0119dzie si\u0119 na kcy\u0144skim Rynku ju\u017c w niedziel\u0119 1 grudnia 2024 roku."},"content":{"rendered":"\n<div class=\"wp-block-group is-nowrap is-layout-flex wp-container-core-group-is-layout-ad2f72ca wp-block-group-is-layout-flex\">\n<p>Serdecznie zapraszamy na <strong>Jarmark Bo\u017conarodzeniowy<\/strong>, kt\u00f3ry odb\u0119dzie si\u0119 na kcy\u0144skim Rynku ju\u017c w niedziel\u0119 <strong>1 grudnia 2024 roku<\/strong>. Startujemy o godzinie <strong>8:00<\/strong> i czekamy na Was z niecierpliwo\u015bci\u0105!<\/p>\n<\/div>\n\n\n\n<p>W programie pyszne specja\u0142y: zupy, pierogi, kluski z kapust\u0105, pierniki, orzeszki oraz domowe ciasta.<\/p>\n\n\n\n<div class=\"wp-block-group is-nowrap is-layout-flex wp-container-core-group-is-layout-ad2f72ca wp-block-group-is-layout-flex\">\n<p><strong>Gminne Centrum Kultury i Biblioteki im. Klary Prillowej<\/strong> przygotowa\u0142o dla Was wyj\u0105tkowe, \u015bwi\u0105teczne wydarzenie, pe\u0142ne magii i rado\u015bci.<\/p>\n<\/div>\n\n\n\n<div class=\"wp-block-group is-nowrap is-layout-flex wp-container-core-group-is-layout-ad2f72ca wp-block-group-is-layout-flex\">\n<figure class=\"wp-block-image size-large\"><img loading=\"lazy\" decoding=\"async\" width=\"300\" height=\"285\" src=\"https:\/\/mycielewo.pl\/wp-content\/uploads\/2023\/10\/LOGO_STOWARZYSZENIE-300x285.jpg\" alt=\"\" class=\"wp-image-39240\" srcset=\"https:\/\/mycielewo.pl\/wp-content\/uploads\/2023\/10\/LOGO_STOWARZYSZENIE-300x285.jpg 300w, https:\/\/mycielewo.pl\/wp-content\/uploads\/2023\/10\/LOGO_STOWARZYSZENIE-250x238.jpg 250w, https:\/\/mycielewo.pl\/wp-content\/uploads\/2023\/10\/LOGO_STOWARZYSZENIE-768x730.jpg 768w, https:\/\/mycielewo.pl\/wp-content\/uploads\/2023\/10\/LOGO_STOWARZYSZENIE-1536x1460.jpg 1536w, https:\/\/mycielewo.pl\/wp-content\/uploads\/2023\/10\/LOGO_STOWARZYSZENIE.jpg 1920w\" sizes=\"auto, (max-width: 300px) 100vw, 300px\" \/><\/figure>\n\n\n\n<p>Nie zabraknie r\u00f3wnie\u017c nas, czyli <strong>&#8222;<a href=\"https:\/\/mycielewo.pl\/?page_id=39239\" data-type=\"page\" data-id=\"39239\">Stowarzyszenia Aktywne Mycielewo<\/a>&#8222;<\/strong>, wraz z naszymi lokalnymi smako\u0142ykami i r\u0119kodzie\u0142em. B\u0119dzie pi\u0119knie, smacznie i klimatycznie!<\/p>\n<\/div>\n\n\n\n<p class=\"has-text-align-center\"><strong>Do zobaczenia w Kcyni na Rynku! \ud83c\udf84\u2728<\/strong><\/p>\n\n\n\n<figure class=\"wp-block-image size-full\"><img loading=\"lazy\" decoding=\"async\" width=\"1536\" height=\"2048\" src=\"https:\/\/mycielewo.pl\/wp-content\/uploads\/2024\/11\/reklama.jpg\" alt=\"\" class=\"wp-image-52637\" srcset=\"https:\/\/mycielewo.pl\/wp-content\/uploads\/2024\/11\/reklama.jpg 1536w, https:\/\/mycielewo.pl\/wp-content\/uploads\/2024\/11\/reklama-768x1024.jpg 768w, https:\/\/mycielewo.pl\/wp-content\/uploads\/2024\/11\/reklama-1152x1536.jpg 1152w\" sizes=\"auto, (max-width: 1536px) 100vw, 1536px\" \/><\/figure>\n","protected":false},"excerpt":{"rendered":"<p>Serdecznie zapraszamy na Jarmark Bo\u017conarodzeniowy, kt\u00f3ry odb\u0119dzie si\u0119 na kcy\u0144skim Rynku ju\u017c w niedziel\u0119 1 grudnia 2024 roku. Startujemy o godzinie 8:00 i czekamy na Was z niecierpliwo\u015bci\u0105! W programie pyszne specja\u0142y: zupy, pierogi, kluski z kapust\u0105, pierniki, orzeszki oraz domowe ciasta. Gminne Centrum Kultury i Biblioteki im. Klary Prillowej przygotowa\u0142o dla Was wyj\u0105tkowe, \u015bwi\u0105teczne&hellip; <a class=\"continue\" href=\"https:\/\/mycielewo.pl\/?p=52635\">Kontynuuj czytanie<span> Serdecznie zapraszamy na Jarmark Bo\u017conarodzeniowy, kt\u00f3ry odb\u0119dzie si\u0119 na kcy\u0144skim Rynku ju\u017c w niedziel\u0119 1 grudnia 2024 roku.<\/span><\/a><\/p>\n","protected":false},"author":1,"featured_media":0,"comment_status":"open","ping_status":"open","sticky":false,"template":"","format":"standard","meta":{"footnotes":""},"categories":[1],"tags":[],"class_list":["post-52635","post","type-post","status-publish","format-standard","hentry","category-bez-kategorii"],"_links":{"self":[{"href":"https:\/\/mycielewo.pl\/index.php?rest_route=\/wp\/v2\/posts\/52635","targetHints":{"allow":["GET"]}}],"collection":[{"href":"https:\/\/mycielewo.pl\/index.php?rest_route=\/wp\/v2\/posts"}],"about":[{"href":"https:\/\/mycielewo.pl\/index.php?rest_route=\/wp\/v2\/types\/post"}],"author":[{"embeddable":true,"href":"https:\/\/mycielewo.pl\/index.php?rest_route=\/wp\/v2\/users\/1"}],"replies":[{"embeddable":true,"href":"https:\/\/mycielewo.pl\/index.php?rest_route=%2Fwp%2Fv2%2Fcomments&post=52635"}],"version-history":[{"count":6,"href":"https:\/\/mycielewo.pl\/index.php?rest_route=\/wp\/v2\/posts\/52635\/revisions"}],"predecessor-version":[{"id":52644,"href":"https:\/\/mycielewo.pl\/index.php?rest_route=\/wp\/v2\/posts\/52635\/revisions\/52644"}],"wp:attachment":[{"href":"https:\/\/mycielewo.pl\/index.php?rest_route=%2Fwp%2Fv2%2Fmedia&parent=52635"}],"wp:term":[{"taxonomy":"category","embeddable":true,"href":"https:\/\/mycielewo.pl\/index.php?rest_route=%2Fwp%2Fv2%2Fcategories&post=52635"},{"taxonomy":"post_tag","embeddable":true,"href":"https:\/\/mycielewo.pl\/index.php?rest_route=%2Fwp%2Fv2%2Ftags&post=52635"}],"curies":[{"name":"wp","href":"https:\/\/api.w.org\/{rel}","templated":true}]}}