{"id":52462,"date":"2024-11-21T08:08:38","date_gmt":"2024-11-21T08:08:38","guid":{"rendered":"https:\/\/mycielewo.pl\/?p=52462"},"modified":"2024-11-22T08:02:21","modified_gmt":"2024-11-22T08:02:21","slug":"wyjazd-na-spektakl-kubus-puchatek","status":"publish","type":"post","link":"https:\/\/mycielewo.pl\/?p=52462","title":{"rendered":"Wyjazd na spektakl \u201eKubu\u015b Puchatek\u201d"},"content":{"rendered":"\n<p><strong>14 listopada uczniowie klas 0\u2013III oraz cz\u0119\u015b\u0107 5-latk\u00f3w wyjechali na spektakl pt. <em>\u201eKubu\u015b Puchatek\u201d<\/em>, kt\u00f3ry by\u0142 adaptacj\u0105 kultowej ksi\u0105\u017cki autorstwa brytyjskiego pisarza Alana Alexandra Milne\u2019a. Przedstawienie zosta\u0142o wystawione przez Narodowy Teatr Edukacji z Wroc\u0142awia i odby\u0142o si\u0119 w kinie <em>Relaks<\/em> przy Nakielskim O\u015brodku Kultury.<\/strong><\/p>\n\n\n\n<p>Spektakl zachwyci\u0142 nas swoj\u0105 radosn\u0105 atmosfer\u0105, kolorowymi kostiumami aktor\u00f3w, dynamicznymi piosenkami oraz, przede wszystkim, fascynuj\u0105cymi przygodami Kubusia Puchatka i jego przyjaci\u00f3\u0142. By\u0142o to niesamowite prze\u017cycie \u2013 zobaczy\u0107 ulubion\u0105 fabu\u0142\u0119 ksi\u0105\u017cki na \u017cywo na deskach teatru.<\/p>\n\n\n\n<p>Dzieci by\u0142y oczarowane spektaklem, kt\u00f3ry pe\u0142en by\u0142 ciep\u0142a i humoru, a tak\u017ce ukazywa\u0142 warto\u015b\u0107 przyja\u017ani, wsp\u00f3\u0142pracy i rado\u015bci z ma\u0142ych rzeczy.<\/p>\n\n\n\n<p class=\"has-text-align-right\"><em>Anna Pyszczy\u0144ska<\/em><\/p>\n\n\n\n<figure class=\"wp-block-gallery has-nested-images columns-8 is-cropped wp-block-gallery-2 is-layout-flex wp-block-gallery-is-layout-flex\">\n<figure class=\"wp-block-image size-full\"><img loading=\"lazy\" decoding=\"async\" width=\"540\" height=\"1200\" data-id=\"52464\" src=\"https:\/\/mycielewo.pl\/wp-content\/uploads\/2024\/11\/image001-2.jpg\" alt=\"\" class=\"wp-image-52464\"\/><\/figure>\n\n\n\n<figure class=\"wp-block-image size-full\"><img loading=\"lazy\" decoding=\"async\" width=\"540\" height=\"1200\" data-id=\"52469\" src=\"https:\/\/mycielewo.pl\/wp-content\/uploads\/2024\/11\/image002-2.jpg\" alt=\"\" class=\"wp-image-52469\"\/><\/figure>\n\n\n\n<figure class=\"wp-block-image size-full\"><img loading=\"lazy\" decoding=\"async\" width=\"540\" height=\"1200\" data-id=\"52465\" src=\"https:\/\/mycielewo.pl\/wp-content\/uploads\/2024\/11\/image003-2.jpg\" alt=\"\" class=\"wp-image-52465\"\/><\/figure>\n\n\n\n<figure class=\"wp-block-image size-full\"><img loading=\"lazy\" decoding=\"async\" width=\"1200\" height=\"540\" data-id=\"52468\" src=\"https:\/\/mycielewo.pl\/wp-content\/uploads\/2024\/11\/image004-2.jpg\" alt=\"\" class=\"wp-image-52468\" srcset=\"https:\/\/mycielewo.pl\/wp-content\/uploads\/2024\/11\/image004-2.jpg 1200w, https:\/\/mycielewo.pl\/wp-content\/uploads\/2024\/11\/image004-2-768x346.jpg 768w\" sizes=\"auto, (max-width: 1200px) 100vw, 1200px\" \/><\/figure>\n\n\n\n<figure class=\"wp-block-image size-full\"><img loading=\"lazy\" decoding=\"async\" width=\"1200\" height=\"540\" data-id=\"52467\" src=\"https:\/\/mycielewo.pl\/wp-content\/uploads\/2024\/11\/image005-2.jpg\" alt=\"\" class=\"wp-image-52467\" srcset=\"https:\/\/mycielewo.pl\/wp-content\/uploads\/2024\/11\/image005-2.jpg 1200w, https:\/\/mycielewo.pl\/wp-content\/uploads\/2024\/11\/image005-2-768x346.jpg 768w\" sizes=\"auto, (max-width: 1200px) 100vw, 1200px\" \/><\/figure>\n\n\n\n<figure class=\"wp-block-image size-full\"><img loading=\"lazy\" decoding=\"async\" width=\"1200\" height=\"540\" data-id=\"52470\" src=\"https:\/\/mycielewo.pl\/wp-content\/uploads\/2024\/11\/image006-2.jpg\" alt=\"\" class=\"wp-image-52470\" srcset=\"https:\/\/mycielewo.pl\/wp-content\/uploads\/2024\/11\/image006-2.jpg 1200w, https:\/\/mycielewo.pl\/wp-content\/uploads\/2024\/11\/image006-2-768x346.jpg 768w\" sizes=\"auto, (max-width: 1200px) 100vw, 1200px\" \/><\/figure>\n\n\n\n<figure class=\"wp-block-image size-full\"><img loading=\"lazy\" decoding=\"async\" width=\"1200\" height=\"540\" data-id=\"52466\" src=\"https:\/\/mycielewo.pl\/wp-content\/uploads\/2024\/11\/image007-2.jpg\" alt=\"\" class=\"wp-image-52466\" srcset=\"https:\/\/mycielewo.pl\/wp-content\/uploads\/2024\/11\/image007-2.jpg 1200w, https:\/\/mycielewo.pl\/wp-content\/uploads\/2024\/11\/image007-2-768x346.jpg 768w\" sizes=\"auto, (max-width: 1200px) 100vw, 1200px\" \/><\/figure>\n\n\n\n<figure class=\"wp-block-image size-full\"><img loading=\"lazy\" decoding=\"async\" width=\"1200\" height=\"540\" data-id=\"52471\" src=\"https:\/\/mycielewo.pl\/wp-content\/uploads\/2024\/11\/image008-2.jpg\" alt=\"\" class=\"wp-image-52471\" srcset=\"https:\/\/mycielewo.pl\/wp-content\/uploads\/2024\/11\/image008-2.jpg 1200w, https:\/\/mycielewo.pl\/wp-content\/uploads\/2024\/11\/image008-2-768x346.jpg 768w\" sizes=\"auto, (max-width: 1200px) 100vw, 1200px\" \/><\/figure>\n\n\n\n<figure class=\"wp-block-image size-full\"><img loading=\"lazy\" decoding=\"async\" width=\"1200\" height=\"540\" data-id=\"52472\" src=\"https:\/\/mycielewo.pl\/wp-content\/uploads\/2024\/11\/image009-2.jpg\" alt=\"\" class=\"wp-image-52472\" srcset=\"https:\/\/mycielewo.pl\/wp-content\/uploads\/2024\/11\/image009-2.jpg 1200w, https:\/\/mycielewo.pl\/wp-content\/uploads\/2024\/11\/image009-2-768x346.jpg 768w\" sizes=\"auto, (max-width: 1200px) 100vw, 1200px\" \/><\/figure>\n\n\n\n<figure class=\"wp-block-image size-full\"><img loading=\"lazy\" decoding=\"async\" width=\"540\" height=\"1200\" data-id=\"52473\" src=\"https:\/\/mycielewo.pl\/wp-content\/uploads\/2024\/11\/image010-2.jpg\" alt=\"\" class=\"wp-image-52473\"\/><\/figure>\n\n\n\n<figure class=\"wp-block-image size-full\"><img loading=\"lazy\" decoding=\"async\" width=\"540\" height=\"1200\" data-id=\"52475\" src=\"https:\/\/mycielewo.pl\/wp-content\/uploads\/2024\/11\/image011-2.jpg\" alt=\"\" class=\"wp-image-52475\"\/><\/figure>\n\n\n\n<figure class=\"wp-block-image size-full\"><img loading=\"lazy\" decoding=\"async\" width=\"540\" height=\"1200\" data-id=\"52474\" src=\"https:\/\/mycielewo.pl\/wp-content\/uploads\/2024\/11\/image012-2.jpg\" alt=\"\" class=\"wp-image-52474\"\/><\/figure>\n\n\n\n<figure class=\"wp-block-image size-full\"><img loading=\"lazy\" decoding=\"async\" width=\"1200\" height=\"540\" data-id=\"52476\" src=\"https:\/\/mycielewo.pl\/wp-content\/uploads\/2024\/11\/image013-2.jpg\" alt=\"\" class=\"wp-image-52476\" srcset=\"https:\/\/mycielewo.pl\/wp-content\/uploads\/2024\/11\/image013-2.jpg 1200w, https:\/\/mycielewo.pl\/wp-content\/uploads\/2024\/11\/image013-2-768x346.jpg 768w\" sizes=\"auto, (max-width: 1200px) 100vw, 1200px\" \/><\/figure>\n\n\n\n<figure class=\"wp-block-image size-full\"><img loading=\"lazy\" decoding=\"async\" width=\"1200\" height=\"540\" data-id=\"52477\" src=\"https:\/\/mycielewo.pl\/wp-content\/uploads\/2024\/11\/image014-2.jpg\" alt=\"\" class=\"wp-image-52477\" srcset=\"https:\/\/mycielewo.pl\/wp-content\/uploads\/2024\/11\/image014-2.jpg 1200w, https:\/\/mycielewo.pl\/wp-content\/uploads\/2024\/11\/image014-2-768x346.jpg 768w\" sizes=\"auto, (max-width: 1200px) 100vw, 1200px\" \/><\/figure>\n\n\n\n<figure class=\"wp-block-image size-full\"><img loading=\"lazy\" decoding=\"async\" width=\"1200\" height=\"540\" data-id=\"52478\" src=\"https:\/\/mycielewo.pl\/wp-content\/uploads\/2024\/11\/image015-2.jpg\" alt=\"\" class=\"wp-image-52478\" srcset=\"https:\/\/mycielewo.pl\/wp-content\/uploads\/2024\/11\/image015-2.jpg 1200w, https:\/\/mycielewo.pl\/wp-content\/uploads\/2024\/11\/image015-2-768x346.jpg 768w\" sizes=\"auto, (max-width: 1200px) 100vw, 1200px\" \/><\/figure>\n<\/figure>\n","protected":false},"excerpt":{"rendered":"<p>14 listopada uczniowie klas 0\u2013III oraz cz\u0119\u015b\u0107 5-latk\u00f3w wyjechali na spektakl pt. \u201eKubu\u015b Puchatek\u201d, kt\u00f3ry by\u0142 adaptacj\u0105 kultowej ksi\u0105\u017cki autorstwa brytyjskiego pisarza Alana Alexandra Milne\u2019a. Przedstawienie zosta\u0142o wystawione przez Narodowy Teatr Edukacji z Wroc\u0142awia i odby\u0142o si\u0119 w kinie Relaks przy Nakielskim O\u015brodku Kultury. Spektakl zachwyci\u0142 nas swoj\u0105 radosn\u0105 atmosfer\u0105, kolorowymi kostiumami aktor\u00f3w, dynamicznymi piosenkami&hellip; <a class=\"continue\" href=\"https:\/\/mycielewo.pl\/?p=52462\">Kontynuuj czytanie<span> Wyjazd na spektakl \u201eKubu\u015b Puchatek\u201d<\/span><\/a><\/p>\n","protected":false},"author":1,"featured_media":0,"comment_status":"open","ping_status":"open","sticky":false,"template":"","format":"standard","meta":{"footnotes":""},"categories":[1],"tags":[],"class_list":["post-52462","post","type-post","status-publish","format-standard","hentry","category-bez-kategorii"],"_links":{"self":[{"href":"https:\/\/mycielewo.pl\/index.php?rest_route=\/wp\/v2\/posts\/52462","targetHints":{"allow":["GET"]}}],"collection":[{"href":"https:\/\/mycielewo.pl\/index.php?rest_route=\/wp\/v2\/posts"}],"about":[{"href":"https:\/\/mycielewo.pl\/index.php?rest_route=\/wp\/v2\/types\/post"}],"author":[{"embeddable":true,"href":"https:\/\/mycielewo.pl\/index.php?rest_route=\/wp\/v2\/users\/1"}],"replies":[{"embeddable":true,"href":"https:\/\/mycielewo.pl\/index.php?rest_route=%2Fwp%2Fv2%2Fcomments&post=52462"}],"version-history":[{"count":2,"href":"https:\/\/mycielewo.pl\/index.php?rest_route=\/wp\/v2\/posts\/52462\/revisions"}],"predecessor-version":[{"id":52480,"href":"https:\/\/mycielewo.pl\/index.php?rest_route=\/wp\/v2\/posts\/52462\/revisions\/52480"}],"wp:attachment":[{"href":"https:\/\/mycielewo.pl\/index.php?rest_route=%2Fwp%2Fv2%2Fmedia&parent=52462"}],"wp:term":[{"taxonomy":"category","embeddable":true,"href":"https:\/\/mycielewo.pl\/index.php?rest_route=%2Fwp%2Fv2%2Fcategories&post=52462"},{"taxonomy":"post_tag","embeddable":true,"href":"https:\/\/mycielewo.pl\/index.php?rest_route=%2Fwp%2Fv2%2Ftags&post=52462"}],"curies":[{"name":"wp","href":"https:\/\/api.w.org\/{rel}","templated":true}]}}