{"id":50612,"date":"2024-09-08T16:52:23","date_gmt":"2024-09-08T16:52:23","guid":{"rendered":"https:\/\/mycielewo.pl\/?p=50612"},"modified":"2024-09-08T16:54:33","modified_gmt":"2024-09-08T16:54:33","slug":"konkurs-z-okazji-zblizajacego-sie-europejskiego-dnia-jezykow","status":"publish","type":"post","link":"https:\/\/mycielewo.pl\/?p=50612","title":{"rendered":"Konkurs z okazji zbli\u017caj\u0105cego si\u0119\u00a0Europejskiego Dnia J\u0119zyk\u00f3w"},"content":{"rendered":"\n<p>Z okazji zbli\u017caj\u0105cego si\u0119<strong>&nbsp;Europejskiego Dnia J\u0119zyk\u00f3w<\/strong>, kt\u00f3ry obchodzony jest 26 wrze\u015bnia, zapraszamy do udzia\u0142u w konkursie&nbsp;<strong>\u201cR\u00f3\u017cne j\u0119zyki &#8211; jedna Europa<\/strong>\u201d dla klas 1-3 oraz 4-8.<\/p>\n\n\n\n<p>G\u0142\u00f3wnym celem konkursu jest zach\u0119cenie uczni\u00f3w do nauki j\u0119zyk\u00f3w obcych, uwra\u017cliwienie na r\u00f3\u017cnorodno\u015b\u0107 j\u0119zykow\u0105 i kulturow\u0105 Europy, a tak\u017ce pokazanie mo\u017cliwo\u015bci, jakie m\u0142odzi ludzie mog\u0105 zyska\u0107 ucz\u0105c si\u0119 j\u0119zyk\u00f3w.&nbsp;<\/p>\n\n\n\n<p>Konkurs polega na&nbsp;<strong>wykonaniu plakatu dowoln\u0105 technik\u0105 w formacie A4 promuj\u0105cego nauk\u0119 j\u0119zyk\u00f3w obcych (klasy 1-3) oraz nagraniu filmu w j\u0119zyku polskim lub angielskim, dlaczego nauka j\u0119zyk\u00f3w obcych jest tak wa\u017cna we wsp\u00f3\u0142czesnym \u015bwiecie (klasy 4-8)<\/strong>. Podpisany film nale\u017cy wys\u0142a\u0107 na adres e-mail:&nbsp;<a href=\"mailto:pietrasm062@gmail.com\" target=\"_blank\" rel=\"noreferrer noopener\"><\/a><a href=\"mailto:pietrasm062@gmail.com\">pietrasm062@gmail.com<\/a>. Ostateczny termin oddania prac to&nbsp;<strong>20 wrze\u015bnia<\/strong>.&nbsp;<\/p>\n\n\n\n<p class=\"has-text-align-right\"><em>Organizator konkursu: M. Pietras<\/em><\/p>\n\n\n\n<figure class=\"wp-block-image size-full\"><img loading=\"lazy\" decoding=\"async\" width=\"1414\" height=\"2000\" src=\"https:\/\/mycielewo.pl\/wp-content\/uploads\/2024\/09\/Konkurs-M.Pietras.jpg\" alt=\"\" class=\"wp-image-50613\" srcset=\"https:\/\/mycielewo.pl\/wp-content\/uploads\/2024\/09\/Konkurs-M.Pietras.jpg 1414w, https:\/\/mycielewo.pl\/wp-content\/uploads\/2024\/09\/Konkurs-M.Pietras-768x1086.jpg 768w, https:\/\/mycielewo.pl\/wp-content\/uploads\/2024\/09\/Konkurs-M.Pietras-1086x1536.jpg 1086w\" sizes=\"auto, (max-width: 1414px) 100vw, 1414px\" \/><\/figure>\n","protected":false},"excerpt":{"rendered":"<p>Z okazji zbli\u017caj\u0105cego si\u0119&nbsp;Europejskiego Dnia J\u0119zyk\u00f3w, kt\u00f3ry obchodzony jest 26 wrze\u015bnia, zapraszamy do udzia\u0142u w konkursie&nbsp;\u201cR\u00f3\u017cne j\u0119zyki &#8211; jedna Europa\u201d dla klas 1-3 oraz 4-8. G\u0142\u00f3wnym celem konkursu jest zach\u0119cenie uczni\u00f3w do nauki j\u0119zyk\u00f3w obcych, uwra\u017cliwienie na r\u00f3\u017cnorodno\u015b\u0107 j\u0119zykow\u0105 i kulturow\u0105 Europy, a tak\u017ce pokazanie mo\u017cliwo\u015bci, jakie m\u0142odzi ludzie mog\u0105 zyska\u0107 ucz\u0105c si\u0119 j\u0119zyk\u00f3w.&nbsp; Konkurs&hellip; <a class=\"continue\" href=\"https:\/\/mycielewo.pl\/?p=50612\">Kontynuuj czytanie<span> Konkurs z okazji zbli\u017caj\u0105cego si\u0119\u00a0Europejskiego Dnia J\u0119zyk\u00f3w<\/span><\/a><\/p>\n","protected":false},"author":1,"featured_media":0,"comment_status":"open","ping_status":"open","sticky":false,"template":"","format":"standard","meta":{"footnotes":""},"categories":[1],"tags":[],"class_list":["post-50612","post","type-post","status-publish","format-standard","hentry","category-bez-kategorii"],"_links":{"self":[{"href":"https:\/\/mycielewo.pl\/index.php?rest_route=\/wp\/v2\/posts\/50612","targetHints":{"allow":["GET"]}}],"collection":[{"href":"https:\/\/mycielewo.pl\/index.php?rest_route=\/wp\/v2\/posts"}],"about":[{"href":"https:\/\/mycielewo.pl\/index.php?rest_route=\/wp\/v2\/types\/post"}],"author":[{"embeddable":true,"href":"https:\/\/mycielewo.pl\/index.php?rest_route=\/wp\/v2\/users\/1"}],"replies":[{"embeddable":true,"href":"https:\/\/mycielewo.pl\/index.php?rest_route=%2Fwp%2Fv2%2Fcomments&post=50612"}],"version-history":[{"count":2,"href":"https:\/\/mycielewo.pl\/index.php?rest_route=\/wp\/v2\/posts\/50612\/revisions"}],"predecessor-version":[{"id":50615,"href":"https:\/\/mycielewo.pl\/index.php?rest_route=\/wp\/v2\/posts\/50612\/revisions\/50615"}],"wp:attachment":[{"href":"https:\/\/mycielewo.pl\/index.php?rest_route=%2Fwp%2Fv2%2Fmedia&parent=50612"}],"wp:term":[{"taxonomy":"category","embeddable":true,"href":"https:\/\/mycielewo.pl\/index.php?rest_route=%2Fwp%2Fv2%2Fcategories&post=50612"},{"taxonomy":"post_tag","embeddable":true,"href":"https:\/\/mycielewo.pl\/index.php?rest_route=%2Fwp%2Fv2%2Ftags&post=50612"}],"curies":[{"name":"wp","href":"https:\/\/api.w.org\/{rel}","templated":true}]}}