{"id":50566,"date":"2024-08-31T08:23:45","date_gmt":"2024-08-31T08:23:45","guid":{"rendered":"https:\/\/mycielewo.pl\/?p=50566"},"modified":"2024-08-31T09:43:36","modified_gmt":"2024-08-31T09:43:36","slug":"dowozy-w-roku-szkolnym-2024-2025","status":"publish","type":"post","link":"https:\/\/mycielewo.pl\/?p=50566","title":{"rendered":"Dowozy w roku szkolnym 2024\/2025"},"content":{"rendered":"\n<p><strong><u>Dowozy i odwozy w roku szkolnym 2024\/2025 od\u00a03.09.2024 r.<\/u><\/strong><\/p>\n\n\n\n<p><strong>od poniedzia\u0142ku do pi\u0105tku<\/strong><\/p>\n\n\n\n<p><strong>Dow\u00f3z<\/strong><\/p>\n\n\n\n<p><strong><u>Autobus &nbsp;(opiekun Ewa S.)<\/u><\/strong><\/p>\n\n\n\n<p>7:25&nbsp;&nbsp;&nbsp;&nbsp; Malice I<br>7:27&nbsp;&nbsp;&nbsp;&nbsp; Malice II&nbsp;<br>7:30&nbsp;&nbsp;&nbsp;&nbsp; Suchor\u0119cz (skrzy\u017c.)<br>7:33&nbsp;&nbsp;&nbsp;&nbsp; Suchor\u0119cz<br>7:36&nbsp;&nbsp;&nbsp;&nbsp; Elizewo<br>7:40&nbsp;&nbsp;&nbsp;&nbsp; Suchor\u0119czek<br>7:46&nbsp;&nbsp;&nbsp;&nbsp; Elizewo (skrzy\u017c.)<br>7:49&nbsp;&nbsp;&nbsp;&nbsp; Szaradowo<br>7:52&nbsp;&nbsp;&nbsp;&nbsp; S\u0142onawy<br>7:54&nbsp;&nbsp;&nbsp;&nbsp; S\u0142onawy II<br>7:56&nbsp;&nbsp;&nbsp;&nbsp; Szaradowo<br>7:57&nbsp;&nbsp;&nbsp;&nbsp; Szaradowo II<br><strong>8:05&nbsp;&nbsp;&nbsp; Szko\u0142a<\/strong><br>8:11&nbsp;&nbsp;&nbsp;&nbsp; Zalesie<br>8:15&nbsp;&nbsp;&nbsp;&nbsp; Ameryczka<br>8:18&nbsp;&nbsp;&nbsp;&nbsp; Zalesie (ul. Kr\u00f3likowska)<br><strong>8:23&nbsp;&nbsp;&nbsp; Szko\u0142a<\/strong><\/p>\n\n\n\n<p><strong><u>Odw\u00f3z I<\/u><\/strong><\/p>\n\n\n\n<p><strong>13:08&nbsp; Szko\u0142a<\/strong><br>13:12&nbsp;&nbsp; Zalesie<br>13:15&nbsp;&nbsp; Ameryczka<br>13:18&nbsp;&nbsp; Zalesie (ul. Kr\u00f3likowska)<br><strong>13:30&nbsp;&nbsp; Szko\u0142a<\/strong><\/p>\n\n\n\n<p><strong>Odw\u00f3z II<\/strong><\/p>\n\n\n\n<p>13:35&nbsp;&nbsp; Szaradowo II<br>13:37&nbsp;&nbsp; Szaradowo I<br>13:40&nbsp;&nbsp; S\u0142onawy I<br>13:43&nbsp;&nbsp; S\u0142onawy II<br>13:50&nbsp;&nbsp; Elizewo (skrzy\u017c.)<br>13:55&nbsp; Elizewo<br>13:58&nbsp; Suchor\u0119czek<br>14:05&nbsp; Suchor\u0119cz<br>14:07&nbsp; Suchor\u0119cz (skrzy\u017c.)<br>14:13&nbsp; Malice<br>14:20&nbsp; Kcynia<\/p>\n\n\n\n<p><strong>Odw\u00f3z III<\/strong><\/p>\n\n\n\n<p><strong>15:00 &nbsp;Szko\u0142a<\/strong><br>15:05 &nbsp;Zalesie<br>15:07 &nbsp;Szaradowo (skrzy\u017c.)<br>15:10 &nbsp;Szaradowo<br>15:12 Ameryczka<br>15:15&nbsp; Zalesie( ul. Kr\u00f3likowska)<\/p>\n\n\n\n<p><strong>Odw\u00f3z IV<\/strong><\/p>\n\n\n\n<p><strong>15:20 Szko\u0142a<\/strong><br>15:25 Szaradowo II<br>15:27 Szaradowo I<br>15:25 S\u0142onawy II<br>15:30 S\u0142onawy I<br>15:40 Elizewo I<br>15:42 Elizewo II<br>15:45 Suchor\u0119czek<br>15:50 Suchor\u0119cz<br>15:53 Suchor\u0119cz (skrzy\u017c.)<br>15:55 Malice II<br>15:58&nbsp; Malice I<br>16:07 Kcynia<\/p>\n\n\n\n<p>Przez najbli\u017cszy tydzie\u0144 mog\u0105 nast\u0105pi\u0107 niewielkie przesuni\u0119cia czasowe, prosimy zatem o wyrozumia\u0142o\u015b\u0107 i przybycie na przystanek ok. 5 minut wcze\u015bniej.<\/p>\n","protected":false},"excerpt":{"rendered":"<p>Dowozy i odwozy w roku szkolnym 2024\/2025 od\u00a03.09.2024 r. od poniedzia\u0142ku do pi\u0105tku Dow\u00f3z Autobus &nbsp;(opiekun Ewa S.) 7:25&nbsp;&nbsp;&nbsp;&nbsp; Malice I7:27&nbsp;&nbsp;&nbsp;&nbsp; Malice II&nbsp;7:30&nbsp;&nbsp;&nbsp;&nbsp; Suchor\u0119cz (skrzy\u017c.)7:33&nbsp;&nbsp;&nbsp;&nbsp; Suchor\u0119cz7:36&nbsp;&nbsp;&nbsp;&nbsp; Elizewo7:40&nbsp;&nbsp;&nbsp;&nbsp; Suchor\u0119czek7:46&nbsp;&nbsp;&nbsp;&nbsp; Elizewo (skrzy\u017c.)7:49&nbsp;&nbsp;&nbsp;&nbsp; Szaradowo7:52&nbsp;&nbsp;&nbsp;&nbsp; S\u0142onawy7:54&nbsp;&nbsp;&nbsp;&nbsp; S\u0142onawy II7:56&nbsp;&nbsp;&nbsp;&nbsp; Szaradowo7:57&nbsp;&nbsp;&nbsp;&nbsp; Szaradowo II8:05&nbsp;&nbsp;&nbsp; Szko\u0142a8:11&nbsp;&nbsp;&nbsp;&nbsp; Zalesie8:15&nbsp;&nbsp;&nbsp;&nbsp; Ameryczka8:18&nbsp;&nbsp;&nbsp;&nbsp; Zalesie (ul. Kr\u00f3likowska)8:23&nbsp;&nbsp;&nbsp; Szko\u0142a Odw\u00f3z I 13:08&nbsp; Szko\u0142a13:12&nbsp;&nbsp; Zalesie13:15&nbsp;&nbsp; Ameryczka13:18&nbsp;&nbsp; Zalesie (ul. Kr\u00f3likowska)13:30&nbsp;&nbsp; Szko\u0142a Odw\u00f3z&hellip; <a class=\"continue\" href=\"https:\/\/mycielewo.pl\/?p=50566\">Kontynuuj czytanie<span> Dowozy w roku szkolnym 2024\/2025<\/span><\/a><\/p>\n","protected":false},"author":4,"featured_media":0,"comment_status":"open","ping_status":"open","sticky":false,"template":"","format":"standard","meta":{"footnotes":""},"categories":[1],"tags":[],"class_list":["post-50566","post","type-post","status-publish","format-standard","hentry","category-bez-kategorii"],"_links":{"self":[{"href":"https:\/\/mycielewo.pl\/index.php?rest_route=\/wp\/v2\/posts\/50566","targetHints":{"allow":["GET"]}}],"collection":[{"href":"https:\/\/mycielewo.pl\/index.php?rest_route=\/wp\/v2\/posts"}],"about":[{"href":"https:\/\/mycielewo.pl\/index.php?rest_route=\/wp\/v2\/types\/post"}],"author":[{"embeddable":true,"href":"https:\/\/mycielewo.pl\/index.php?rest_route=\/wp\/v2\/users\/4"}],"replies":[{"embeddable":true,"href":"https:\/\/mycielewo.pl\/index.php?rest_route=%2Fwp%2Fv2%2Fcomments&post=50566"}],"version-history":[{"count":2,"href":"https:\/\/mycielewo.pl\/index.php?rest_route=\/wp\/v2\/posts\/50566\/revisions"}],"predecessor-version":[{"id":50570,"href":"https:\/\/mycielewo.pl\/index.php?rest_route=\/wp\/v2\/posts\/50566\/revisions\/50570"}],"wp:attachment":[{"href":"https:\/\/mycielewo.pl\/index.php?rest_route=%2Fwp%2Fv2%2Fmedia&parent=50566"}],"wp:term":[{"taxonomy":"category","embeddable":true,"href":"https:\/\/mycielewo.pl\/index.php?rest_route=%2Fwp%2Fv2%2Fcategories&post=50566"},{"taxonomy":"post_tag","embeddable":true,"href":"https:\/\/mycielewo.pl\/index.php?rest_route=%2Fwp%2Fv2%2Ftags&post=50566"}],"curies":[{"name":"wp","href":"https:\/\/api.w.org\/{rel}","templated":true}]}}