{"id":50550,"date":"2024-08-21T11:06:56","date_gmt":"2024-08-21T11:06:56","guid":{"rendered":"https:\/\/mycielewo.pl\/?p=50550"},"modified":"2024-08-21T11:15:56","modified_gmt":"2024-08-21T11:15:56","slug":"nowy-e-dziennik-od-firmy-vulcan","status":"publish","type":"post","link":"https:\/\/mycielewo.pl\/?p=50550","title":{"rendered":"Nowy e-dziennik od firmy Vulcan"},"content":{"rendered":"\n<p>W Twojej szkole w najbli\u017cszych dniach&nbsp;<strong>uruchomimy now\u0105 wersj\u0119 Dziennika VULCAN.<\/strong>&nbsp;B\u0119dziesz m\u00f3g\u0142\/mog\u0142a korzysta\u0107 nie tylko z&nbsp;<strong>intuicyjnego interfejsu<\/strong>.<\/p>\n\n\n\n<p>Po udostepnieniu Dziennika w nowej ods\u0142onie, przy Twoim pierwszym logowaniu, poprosimy Ci\u0119 o&nbsp;<strong>zaktualizowanie sposobu logowania<\/strong>. B\u0119dziesz do tego potrzebowa\u0142\/a swojego obecnego loginu oraz has\u0142a. Poprosimy Ci\u0119 te\u017c o zweryfikowanie konta poprzez wprowadzenie&nbsp;<strong>ostatnich 4-ech cyfr numeru PESEL ucznia<\/strong>&nbsp;\u2013 warto go mie\u0107 pod r\u0119k\u0105.&nbsp;<\/p>\n\n\n\n<p>Podczas aktualizacji b\u0119dziesz m\u00f3g\u0142\/mog\u0142a wybra\u0107 pomi\u0119dzy dwoma typami kont \u2013 zwyk\u0142ym kontem lub kontem eduVULCAN. Aktywacja konta eduVULCAN umo\u017cliwi mi\u0119dzy innymi korzystanie z&nbsp;<strong>nowej aplikacji mobilnej do Dziennika<\/strong>. &nbsp;<\/p>\n\n\n\n<p>Aby zaktualizowa\u0107 konto, zaloguj si\u0119 do Dziennika pod adresem WWW, z kt\u00f3rego korzystasz. Je\u015bli nie pami\u0119tasz swojego has\u0142a u\u017cyj funkcji \u201ePrzywr\u00f3\u0107 dost\u0119p\u201d.&nbsp;<\/p>\n\n\n\n<p>Aktualizacja konta jest niezb\u0119dna, aby dalej korzysta\u0107 z Dziennika. Zajrzyj na stron\u0119 logowania do Dziennika VULCAN Twojej szko\u0142y.&nbsp;<\/p>\n\n\n\n<p class=\"has-text-align-right\"><em>Pozdrawiamy&nbsp;<br>Zesp\u00f3\u0142 VULCAN<\/em>&nbsp;<\/p>\n\n\n\n<p>Przypominamy adres logowania do dziennika: <a href=\"http:\/\/uonetplus.vulcan.net.pl\/kcynia\">uonetplus.vulcan.net.pl\/kcynia<\/a><\/p>\n\n\n\n<p>Zalecamy obejrze\u0107 dok\u0142adnie poni\u017cszy film.<\/p>\n\n\n\n<p>Aby wesprze\u0107 Rodzic\u00f3w i Uczni\u00f3w w procesie aktualizacji kont, przygotowali\u015bmy dodatkowe informacje:<\/p>\n\n\n\n<ul class=\"wp-block-list\">\n<li>dla Uczni\u00f3w i Rodzic\u00f3w przed aktualizacj\u0105 kont:\u00a0<a href=\"https:\/\/dziennik.vulcan.edu.pl\/akz\/\">https\/\/dziennik.vulcan.edu.pl\/akz<\/a><\/li>\n<\/ul>\n\n\n\n<figure class=\"wp-block-embed is-type-video is-provider-youtube wp-block-embed-youtube wp-embed-aspect-16-9 wp-has-aspect-ratio\"><div class=\"wp-block-embed__wrapper\">\n<iframe loading=\"lazy\" title=\"Aktualizacja konta rodzica\" width=\"830\" height=\"467\" src=\"https:\/\/www.youtube.com\/embed\/x6ZWQJ-7WwU?feature=oembed\" frameborder=\"0\" allow=\"accelerometer; autoplay; clipboard-write; encrypted-media; gyroscope; picture-in-picture; web-share\" referrerpolicy=\"strict-origin-when-cross-origin\" allowfullscreen><\/iframe>\n<\/div><\/figure>\n","protected":false},"excerpt":{"rendered":"<p>W Twojej szkole w najbli\u017cszych dniach&nbsp;uruchomimy now\u0105 wersj\u0119 Dziennika VULCAN.&nbsp;B\u0119dziesz m\u00f3g\u0142\/mog\u0142a korzysta\u0107 nie tylko z&nbsp;intuicyjnego interfejsu. Po udostepnieniu Dziennika w nowej ods\u0142onie, przy Twoim pierwszym logowaniu, poprosimy Ci\u0119 o&nbsp;zaktualizowanie sposobu logowania. B\u0119dziesz do tego potrzebowa\u0142\/a swojego obecnego loginu oraz has\u0142a. Poprosimy Ci\u0119 te\u017c o zweryfikowanie konta poprzez wprowadzenie&nbsp;ostatnich 4-ech cyfr numeru PESEL ucznia&nbsp;\u2013 warto go&hellip; <a class=\"continue\" href=\"https:\/\/mycielewo.pl\/?p=50550\">Kontynuuj czytanie<span> Nowy e-dziennik od firmy Vulcan<\/span><\/a><\/p>\n","protected":false},"author":1,"featured_media":0,"comment_status":"open","ping_status":"open","sticky":false,"template":"","format":"standard","meta":{"footnotes":""},"categories":[1],"tags":[],"class_list":["post-50550","post","type-post","status-publish","format-standard","hentry","category-bez-kategorii"],"_links":{"self":[{"href":"https:\/\/mycielewo.pl\/index.php?rest_route=\/wp\/v2\/posts\/50550","targetHints":{"allow":["GET"]}}],"collection":[{"href":"https:\/\/mycielewo.pl\/index.php?rest_route=\/wp\/v2\/posts"}],"about":[{"href":"https:\/\/mycielewo.pl\/index.php?rest_route=\/wp\/v2\/types\/post"}],"author":[{"embeddable":true,"href":"https:\/\/mycielewo.pl\/index.php?rest_route=\/wp\/v2\/users\/1"}],"replies":[{"embeddable":true,"href":"https:\/\/mycielewo.pl\/index.php?rest_route=%2Fwp%2Fv2%2Fcomments&post=50550"}],"version-history":[{"count":4,"href":"https:\/\/mycielewo.pl\/index.php?rest_route=\/wp\/v2\/posts\/50550\/revisions"}],"predecessor-version":[{"id":50555,"href":"https:\/\/mycielewo.pl\/index.php?rest_route=\/wp\/v2\/posts\/50550\/revisions\/50555"}],"wp:attachment":[{"href":"https:\/\/mycielewo.pl\/index.php?rest_route=%2Fwp%2Fv2%2Fmedia&parent=50550"}],"wp:term":[{"taxonomy":"category","embeddable":true,"href":"https:\/\/mycielewo.pl\/index.php?rest_route=%2Fwp%2Fv2%2Fcategories&post=50550"},{"taxonomy":"post_tag","embeddable":true,"href":"https:\/\/mycielewo.pl\/index.php?rest_route=%2Fwp%2Fv2%2Ftags&post=50550"}],"curies":[{"name":"wp","href":"https:\/\/api.w.org\/{rel}","templated":true}]}}