{"id":49712,"date":"2024-06-17T16:53:56","date_gmt":"2024-06-17T16:53:56","guid":{"rendered":"https:\/\/mycielewo.pl\/?p=49712"},"modified":"2024-06-17T16:53:58","modified_gmt":"2024-06-17T16:53:58","slug":"memorial-janusza-sztukowskiego-w-pilce-noznej-chlopcow","status":"publish","type":"post","link":"https:\/\/mycielewo.pl\/?p=49712","title":{"rendered":"Memoria\u0142 Janusza Sztukowskiego w Pi\u0142ce No\u017cnej Ch\u0142opc\u00f3w"},"content":{"rendered":"\n<p>W \u015brod\u0119, 12.06.2024 na boisku Orlik w Kcyni rozegrano XIX Memoria\u0142 Janusza Sztukowskiego w Pi\u0142ce No\u017cnej Ch\u0142opc\u00f3w Szk\u00f3\u0142 Podstawowych.<\/p>\n\n\n\n<p>Nasza dru\u017cyna po zaci\u0119tej walce zaj\u0119\u0142a IV miejsce.&nbsp;<\/p>\n\n\n\n<p><strong><u>Sk\u0142ad SP Mycielewo<\/u><\/strong>: Wojtek Manikowski &#8211; kapitan, Franek Strzy\u017cewski, Mateusz Przybylski, Oliwier Lewandowski, Wiktor Walczewski, Klaudiusz Walczewski, Ksawery B\u0142ochowiak, Alan Kot\u0142owski.<\/p>\n\n\n\n<p class=\"has-text-align-right\"><em>Andrzej Kulczy\u0144ski <\/em><\/p>\n\n\n\n<figure class=\"wp-block-gallery has-nested-images columns-5 is-cropped wp-block-gallery-2 is-layout-flex wp-block-gallery-is-layout-flex\">\n<figure class=\"wp-block-image size-full\"><a href=\"https:\/\/mycielewo.pl\/wp-content\/uploads\/2024\/06\/images001-3.jpg\"><img loading=\"lazy\" decoding=\"async\" width=\"750\" height=\"1000\" data-id=\"49713\" src=\"https:\/\/mycielewo.pl\/wp-content\/uploads\/2024\/06\/images001-3.jpg\" alt=\"\" class=\"wp-image-49713\"\/><\/a><\/figure>\n\n\n\n<figure class=\"wp-block-image size-full\"><a href=\"https:\/\/mycielewo.pl\/wp-content\/uploads\/2024\/06\/images002-3.jpg\"><img loading=\"lazy\" decoding=\"async\" width=\"750\" height=\"1000\" data-id=\"49715\" src=\"https:\/\/mycielewo.pl\/wp-content\/uploads\/2024\/06\/images002-3.jpg\" alt=\"\" class=\"wp-image-49715\"\/><\/a><\/figure>\n\n\n\n<figure class=\"wp-block-image size-full\"><a href=\"https:\/\/mycielewo.pl\/wp-content\/uploads\/2024\/06\/images003-3.jpg\"><img loading=\"lazy\" decoding=\"async\" width=\"1000\" height=\"750\" data-id=\"49717\" src=\"https:\/\/mycielewo.pl\/wp-content\/uploads\/2024\/06\/images003-3.jpg\" alt=\"\" class=\"wp-image-49717\" srcset=\"https:\/\/mycielewo.pl\/wp-content\/uploads\/2024\/06\/images003-3.jpg 1000w, https:\/\/mycielewo.pl\/wp-content\/uploads\/2024\/06\/images003-3-768x576.jpg 768w\" sizes=\"auto, (max-width: 1000px) 100vw, 1000px\" \/><\/a><\/figure>\n\n\n\n<figure class=\"wp-block-image size-full\"><a href=\"https:\/\/mycielewo.pl\/wp-content\/uploads\/2024\/06\/images004-3.jpg\"><img loading=\"lazy\" decoding=\"async\" width=\"1000\" height=\"750\" data-id=\"49716\" src=\"https:\/\/mycielewo.pl\/wp-content\/uploads\/2024\/06\/images004-3.jpg\" alt=\"\" class=\"wp-image-49716\" srcset=\"https:\/\/mycielewo.pl\/wp-content\/uploads\/2024\/06\/images004-3.jpg 1000w, https:\/\/mycielewo.pl\/wp-content\/uploads\/2024\/06\/images004-3-768x576.jpg 768w\" sizes=\"auto, (max-width: 1000px) 100vw, 1000px\" \/><\/a><\/figure>\n\n\n\n<figure class=\"wp-block-image size-full\"><a href=\"https:\/\/mycielewo.pl\/wp-content\/uploads\/2024\/06\/images005-3.jpg\"><img loading=\"lazy\" decoding=\"async\" width=\"1000\" height=\"750\" data-id=\"49714\" src=\"https:\/\/mycielewo.pl\/wp-content\/uploads\/2024\/06\/images005-3.jpg\" alt=\"\" class=\"wp-image-49714\" srcset=\"https:\/\/mycielewo.pl\/wp-content\/uploads\/2024\/06\/images005-3.jpg 1000w, https:\/\/mycielewo.pl\/wp-content\/uploads\/2024\/06\/images005-3-768x576.jpg 768w\" sizes=\"auto, (max-width: 1000px) 100vw, 1000px\" \/><\/a><\/figure>\n<\/figure>\n","protected":false},"excerpt":{"rendered":"<p>W \u015brod\u0119, 12.06.2024 na boisku Orlik w Kcyni rozegrano XIX Memoria\u0142 Janusza Sztukowskiego w Pi\u0142ce No\u017cnej Ch\u0142opc\u00f3w Szk\u00f3\u0142 Podstawowych. Nasza dru\u017cyna po zaci\u0119tej walce zaj\u0119\u0142a IV miejsce.&nbsp; Sk\u0142ad SP Mycielewo: Wojtek Manikowski &#8211; kapitan, Franek Strzy\u017cewski, Mateusz Przybylski, Oliwier Lewandowski, Wiktor Walczewski, Klaudiusz Walczewski, Ksawery B\u0142ochowiak, Alan Kot\u0142owski. Andrzej Kulczy\u0144ski<\/p>\n","protected":false},"author":1,"featured_media":0,"comment_status":"open","ping_status":"open","sticky":false,"template":"","format":"standard","meta":{"footnotes":""},"categories":[1],"tags":[],"class_list":["post-49712","post","type-post","status-publish","format-standard","hentry","category-bez-kategorii"],"_links":{"self":[{"href":"https:\/\/mycielewo.pl\/index.php?rest_route=\/wp\/v2\/posts\/49712","targetHints":{"allow":["GET"]}}],"collection":[{"href":"https:\/\/mycielewo.pl\/index.php?rest_route=\/wp\/v2\/posts"}],"about":[{"href":"https:\/\/mycielewo.pl\/index.php?rest_route=\/wp\/v2\/types\/post"}],"author":[{"embeddable":true,"href":"https:\/\/mycielewo.pl\/index.php?rest_route=\/wp\/v2\/users\/1"}],"replies":[{"embeddable":true,"href":"https:\/\/mycielewo.pl\/index.php?rest_route=%2Fwp%2Fv2%2Fcomments&post=49712"}],"version-history":[{"count":1,"href":"https:\/\/mycielewo.pl\/index.php?rest_route=\/wp\/v2\/posts\/49712\/revisions"}],"predecessor-version":[{"id":49718,"href":"https:\/\/mycielewo.pl\/index.php?rest_route=\/wp\/v2\/posts\/49712\/revisions\/49718"}],"wp:attachment":[{"href":"https:\/\/mycielewo.pl\/index.php?rest_route=%2Fwp%2Fv2%2Fmedia&parent=49712"}],"wp:term":[{"taxonomy":"category","embeddable":true,"href":"https:\/\/mycielewo.pl\/index.php?rest_route=%2Fwp%2Fv2%2Fcategories&post=49712"},{"taxonomy":"post_tag","embeddable":true,"href":"https:\/\/mycielewo.pl\/index.php?rest_route=%2Fwp%2Fv2%2Ftags&post=49712"}],"curies":[{"name":"wp","href":"https:\/\/api.w.org\/{rel}","templated":true}]}}