{"id":49683,"date":"2024-06-14T12:37:34","date_gmt":"2024-06-14T12:37:34","guid":{"rendered":"https:\/\/mycielewo.pl\/?p=49683"},"modified":"2024-06-14T12:48:21","modified_gmt":"2024-06-14T12:48:21","slug":"wakacyjny-konkurs-plastyczno-fotograficznym","status":"publish","type":"post","link":"https:\/\/mycielewo.pl\/?p=49683","title":{"rendered":"Wakacyjny konkurs plastyczno-fotograficzny"},"content":{"rendered":"\n<p class=\"has-text-align-center has-vivid-red-color has-text-color has-link-color wp-elements-ce8315852e7ec6efaa3e851320cc9cff\">Uwaga wakacyjni odkrywcy!<\/p>\n\n\n\n<p class=\"has-text-align-center has-vivid-red-color has-text-color has-link-color wp-elements-8e5143a185f835d684384fbfd64423f4\">Zapraszam do udzia\u0142u w wakacyjnym, szkolnym konkursie\u00a0plastyczno-fotograficznym, kt\u00f3ry organizuje Agnieszka Koralewska-Hak.<\/p>\n\n\n\n<p class=\"has-text-align-left\">Szczeg\u00f3\u0142y na plakacie do pobrania poni\u017cej.<\/p>\n\n\n\n<div class=\"wp-block-file aligncenter\"><a id=\"wp-block-file--media-f75783bb-c184-48a2-9ddc-fd1f318245d3\" href=\"https:\/\/mycielewo.pl\/wp-content\/uploads\/2024\/06\/Konkurs.pdf\">Konkurs<\/a><a href=\"https:\/\/mycielewo.pl\/wp-content\/uploads\/2024\/06\/Konkurs.pdf\" class=\"wp-block-file__button wp-element-button\" download aria-describedby=\"wp-block-file--media-f75783bb-c184-48a2-9ddc-fd1f318245d3\">Pobierz<\/a><\/div>\n","protected":false},"excerpt":{"rendered":"<p>Uwaga wakacyjni odkrywcy! Zapraszam do udzia\u0142u w wakacyjnym, szkolnym konkursie\u00a0plastyczno-fotograficznym, kt\u00f3ry organizuje Agnieszka Koralewska-Hak. Szczeg\u00f3\u0142y na plakacie do pobrania poni\u017cej.<\/p>\n","protected":false},"author":1,"featured_media":0,"comment_status":"open","ping_status":"open","sticky":false,"template":"","format":"standard","meta":{"footnotes":""},"categories":[1],"tags":[],"class_list":["post-49683","post","type-post","status-publish","format-standard","hentry","category-bez-kategorii"],"_links":{"self":[{"href":"https:\/\/mycielewo.pl\/index.php?rest_route=\/wp\/v2\/posts\/49683","targetHints":{"allow":["GET"]}}],"collection":[{"href":"https:\/\/mycielewo.pl\/index.php?rest_route=\/wp\/v2\/posts"}],"about":[{"href":"https:\/\/mycielewo.pl\/index.php?rest_route=\/wp\/v2\/types\/post"}],"author":[{"embeddable":true,"href":"https:\/\/mycielewo.pl\/index.php?rest_route=\/wp\/v2\/users\/1"}],"replies":[{"embeddable":true,"href":"https:\/\/mycielewo.pl\/index.php?rest_route=%2Fwp%2Fv2%2Fcomments&post=49683"}],"version-history":[{"count":4,"href":"https:\/\/mycielewo.pl\/index.php?rest_route=\/wp\/v2\/posts\/49683\/revisions"}],"predecessor-version":[{"id":49688,"href":"https:\/\/mycielewo.pl\/index.php?rest_route=\/wp\/v2\/posts\/49683\/revisions\/49688"}],"wp:attachment":[{"href":"https:\/\/mycielewo.pl\/index.php?rest_route=%2Fwp%2Fv2%2Fmedia&parent=49683"}],"wp:term":[{"taxonomy":"category","embeddable":true,"href":"https:\/\/mycielewo.pl\/index.php?rest_route=%2Fwp%2Fv2%2Fcategories&post=49683"},{"taxonomy":"post_tag","embeddable":true,"href":"https:\/\/mycielewo.pl\/index.php?rest_route=%2Fwp%2Fv2%2Ftags&post=49683"}],"curies":[{"name":"wp","href":"https:\/\/api.w.org\/{rel}","templated":true}]}}