{"id":49666,"date":"2024-06-14T07:51:59","date_gmt":"2024-06-14T07:51:59","guid":{"rendered":"https:\/\/mycielewo.pl\/?p=49666"},"modified":"2024-06-14T07:54:44","modified_gmt":"2024-06-14T07:54:44","slug":"sukcesy-naszych-osmoklasistow-w-i-gminnym-konkursie-chemicznym","status":"publish","type":"post","link":"https:\/\/mycielewo.pl\/?p=49666","title":{"rendered":"Sukcesy naszych \u00f3smoklasist\u00f3w w I Gminnym Konkursie Chemicznym"},"content":{"rendered":"\n<p><strong>10 czerwca 2024 roku w Szkole Podstawowej im. ppor. Marka Uleryka w Dziewierzewie odby\u0142 si\u0119&nbsp;I Gminny Konkurs Chemiczny \u201eAle Kwas\u201d.<\/strong> Konkurs odbywa\u0142 si\u0119 w dw\u00f3ch kategoriach wiekowych: dla klas VII oraz dla klas VIII naszej gminy. Szko\u0142\u0119 Podstawow\u0105 w Mycielewie reprezentowali uczniowie klasy VIII: <strong>Remigiusz Socha<\/strong> i <strong>Franciszek Strzy\u017cewski<\/strong>.<\/p>\n\n\n\n<p>Uczestnicy indywidualnie rozwi\u0105zywali test sk\u0142adaj\u0105cy si\u0119 z 20 pyta\u0144 otwartych i zamkni\u0119tych. Zanim poznali\u015bmy wyniki konkursu z przyjemno\u015bci\u0105 wys\u0142uchali\u015bmy niezwykle ciekawej cz\u0119\u015b\u0107 artystycznej, kt\u00f3r\u0105&nbsp; przedstawili uczniowie ze Szko\u0142y Podstawowej w Palmierowie i Szko\u0142y Podstawowej w Dziewierzewie. Og\u0142oszenia wynik\u00f3w konkursu oraz nagrodzenia zwyci\u0119zc\u00f3w dokona\u0142a Pani Dyrektor Szko\u0142y Podstawowej w Dziewierzewie wraz z Pani\u0105 Ann\u0105 Dud\u0105-Nowick\u0105 \u2013 przedstawicielem organu prowadz\u0105cego.&nbsp;<\/p>\n\n\n\n<p><strong>Mi\u0142o nam poinformowa\u0107, \u017ce w kategorii klas VIII: miejsce I zdoby\u0142 Remigiusz Socha, natomiast miejsce II &#8211; Franciszek Strzy\u017cewski<\/strong>. Do konkursu uczni\u00f3w przygotowa\u0142a Pani Marzena Borzych. Gratulujemy naszym \u00f3smoklasistom i \u017cyczymy kolejnych chemicznych sukces\u00f3w.\u00a0<\/p>\n\n\n\n<p class=\"has-text-align-right\"><em>Marzena Borzych<\/em><\/p>\n\n\n<div class=\"wp-block-image\">\n<figure class=\"aligncenter size-full\"><img loading=\"lazy\" decoding=\"async\" width=\"832\" height=\"468\" src=\"https:\/\/mycielewo.pl\/wp-content\/uploads\/2024\/06\/image001-6.jpg\" alt=\"\" class=\"wp-image-49667\" srcset=\"https:\/\/mycielewo.pl\/wp-content\/uploads\/2024\/06\/image001-6.jpg 832w, https:\/\/mycielewo.pl\/wp-content\/uploads\/2024\/06\/image001-6-250x141.jpg 250w, https:\/\/mycielewo.pl\/wp-content\/uploads\/2024\/06\/image001-6-768x432.jpg 768w\" sizes=\"auto, (max-width: 832px) 100vw, 832px\" \/><\/figure>\n<\/div>","protected":false},"excerpt":{"rendered":"<p>10 czerwca 2024 roku w Szkole Podstawowej im. ppor. Marka Uleryka w Dziewierzewie odby\u0142 si\u0119&nbsp;I Gminny Konkurs Chemiczny \u201eAle Kwas\u201d. Konkurs odbywa\u0142 si\u0119 w dw\u00f3ch kategoriach wiekowych: dla klas VII oraz dla klas VIII naszej gminy. Szko\u0142\u0119 Podstawow\u0105 w Mycielewie reprezentowali uczniowie klasy VIII: Remigiusz Socha i Franciszek Strzy\u017cewski. Uczestnicy indywidualnie rozwi\u0105zywali test sk\u0142adaj\u0105cy si\u0119&hellip; <a class=\"continue\" href=\"https:\/\/mycielewo.pl\/?p=49666\">Kontynuuj czytanie<span> Sukcesy naszych \u00f3smoklasist\u00f3w w I Gminnym Konkursie Chemicznym<\/span><\/a><\/p>\n","protected":false},"author":1,"featured_media":0,"comment_status":"open","ping_status":"open","sticky":false,"template":"","format":"standard","meta":{"footnotes":""},"categories":[1],"tags":[],"class_list":["post-49666","post","type-post","status-publish","format-standard","hentry","category-bez-kategorii"],"_links":{"self":[{"href":"https:\/\/mycielewo.pl\/index.php?rest_route=\/wp\/v2\/posts\/49666","targetHints":{"allow":["GET"]}}],"collection":[{"href":"https:\/\/mycielewo.pl\/index.php?rest_route=\/wp\/v2\/posts"}],"about":[{"href":"https:\/\/mycielewo.pl\/index.php?rest_route=\/wp\/v2\/types\/post"}],"author":[{"embeddable":true,"href":"https:\/\/mycielewo.pl\/index.php?rest_route=\/wp\/v2\/users\/1"}],"replies":[{"embeddable":true,"href":"https:\/\/mycielewo.pl\/index.php?rest_route=%2Fwp%2Fv2%2Fcomments&post=49666"}],"version-history":[{"count":3,"href":"https:\/\/mycielewo.pl\/index.php?rest_route=\/wp\/v2\/posts\/49666\/revisions"}],"predecessor-version":[{"id":49670,"href":"https:\/\/mycielewo.pl\/index.php?rest_route=\/wp\/v2\/posts\/49666\/revisions\/49670"}],"wp:attachment":[{"href":"https:\/\/mycielewo.pl\/index.php?rest_route=%2Fwp%2Fv2%2Fmedia&parent=49666"}],"wp:term":[{"taxonomy":"category","embeddable":true,"href":"https:\/\/mycielewo.pl\/index.php?rest_route=%2Fwp%2Fv2%2Fcategories&post=49666"},{"taxonomy":"post_tag","embeddable":true,"href":"https:\/\/mycielewo.pl\/index.php?rest_route=%2Fwp%2Fv2%2Ftags&post=49666"}],"curies":[{"name":"wp","href":"https:\/\/api.w.org\/{rel}","templated":true}]}}