{"id":49613,"date":"2024-06-13T08:06:44","date_gmt":"2024-06-13T08:06:44","guid":{"rendered":"https:\/\/mycielewo.pl\/?p=49613"},"modified":"2024-06-13T08:08:45","modified_gmt":"2024-06-13T08:08:45","slug":"udzial-naszych-uczennic-w-miedzyszkolnym-konkursie-badz-milosnikiem-przyrody-chron-srodowisko","status":"publish","type":"post","link":"https:\/\/mycielewo.pl\/?p=49613","title":{"rendered":"Udzia\u0142 naszych uczennic w Mi\u0119dzyszkolnym Konkursie \u201eB\u0104D\u0179 MI\u0141O\u015aNIKIEM PRZYRODY \u2013 CHRO\u0143 \u015aRODOWISKO\u201d"},"content":{"rendered":"\n<p><strong>6 czerwca 2024 r. w Szkole Podstawowej im. Mi\u0142o\u015bnik\u00f3w Przyrody w Laskownicy odby\u0142 si\u0119 Mi\u0119dzyszkolny Konkurs \u201eB\u0104D\u0179 MI\u0141O\u015aNIKIEM PRZYRODY \u2013 CHRO\u0143 \u015aRODOWISKO\u201d.<\/strong>\u00a0\u00a0\u00a0<\/p>\n\n\n\n<p>Konkurs odbywa\u0142 si\u0119 pod patronatem Burmistrza Kcyni. W zmaganiach konkursowych brali udzia\u0142 uczniowie z klas V-VIII, ze szk\u00f3\u0142 podstawowych naszej gminy. Nasz\u0105 szko\u0142\u0119 reprezentowa\u0142y dwie uczennice z V klasy: Julia Czechowska i Martyna Wiekiera pod opiek\u0105 pani M. Borzych. Uczestnicy zmagali si\u0119 z testem wiedzy, kt\u00f3ry zawiera\u0142 pytania zamkni\u0119te i otwarte. Przed og\u0142oszeniem wynik\u00f3w mieli\u015bmy przyjemno\u015b\u0107 obejrze\u0107 inscenizacj\u0119 przedstawion\u0105 przez klas\u0119 IV z Laskownicy. Po cz\u0119\u015bci artystycznej \u00a0Pan Burmistrz oraz Pani Dyrektor Szko\u0142y Podstawowej w Laskownicy og\u0142osili wyniki konkursu.<\/p>\n\n\n\n<p><strong>Dyplom <\/strong>i <strong>nagrod\u0119 za II miejsce odebra\u0142a<\/strong> <strong>Martyna Wiekiera<\/strong>, a <strong>za udzia\u0142 w konkursie Julia Czechowska<\/strong>. Gratulujemy dziewcz\u0119tom!<\/p>\n\n\n\n<p class=\"has-text-align-right\"><em>Marzena Borzych<\/em><\/p>\n\n\n\n<figure class=\"wp-block-gallery has-nested-images columns-default is-cropped wp-block-gallery-2 is-layout-flex wp-block-gallery-is-layout-flex\">\n<figure class=\"wp-block-image size-large\"><a href=\"https:\/\/mycielewo.pl\/wp-content\/uploads\/2024\/06\/image001-3.jpg\"><img loading=\"lazy\" decoding=\"async\" width=\"468\" height=\"675\" data-id=\"49615\" src=\"https:\/\/mycielewo.pl\/wp-content\/uploads\/2024\/06\/image001-3-468x675.jpg\" alt=\"\" class=\"wp-image-49615\"\/><\/a><\/figure>\n\n\n\n<figure class=\"wp-block-image size-large\"><a href=\"https:\/\/mycielewo.pl\/wp-content\/uploads\/2024\/06\/image002-3.jpg\"><img loading=\"lazy\" decoding=\"async\" width=\"468\" height=\"675\" data-id=\"49616\" src=\"https:\/\/mycielewo.pl\/wp-content\/uploads\/2024\/06\/image002-3-468x675.jpg\" alt=\"\" class=\"wp-image-49616\"\/><\/a><\/figure>\n<\/figure>\n","protected":false},"excerpt":{"rendered":"<p>6 czerwca 2024 r. w Szkole Podstawowej im. Mi\u0142o\u015bnik\u00f3w Przyrody w Laskownicy odby\u0142 si\u0119 Mi\u0119dzyszkolny Konkurs \u201eB\u0104D\u0179 MI\u0141O\u015aNIKIEM PRZYRODY \u2013 CHRO\u0143 \u015aRODOWISKO\u201d.\u00a0\u00a0\u00a0 Konkurs odbywa\u0142 si\u0119 pod patronatem Burmistrza Kcyni. W zmaganiach konkursowych brali udzia\u0142 uczniowie z klas V-VIII, ze szk\u00f3\u0142 podstawowych naszej gminy. Nasz\u0105 szko\u0142\u0119 reprezentowa\u0142y dwie uczennice z V klasy: Julia Czechowska i Martyna&hellip; <a class=\"continue\" href=\"https:\/\/mycielewo.pl\/?p=49613\">Kontynuuj czytanie<span> Udzia\u0142 naszych uczennic w Mi\u0119dzyszkolnym Konkursie \u201eB\u0104D\u0179 MI\u0141O\u015aNIKIEM PRZYRODY \u2013 CHRO\u0143 \u015aRODOWISKO\u201d<\/span><\/a><\/p>\n","protected":false},"author":1,"featured_media":0,"comment_status":"open","ping_status":"open","sticky":false,"template":"","format":"standard","meta":{"footnotes":""},"categories":[1],"tags":[],"class_list":["post-49613","post","type-post","status-publish","format-standard","hentry","category-bez-kategorii"],"_links":{"self":[{"href":"https:\/\/mycielewo.pl\/index.php?rest_route=\/wp\/v2\/posts\/49613","targetHints":{"allow":["GET"]}}],"collection":[{"href":"https:\/\/mycielewo.pl\/index.php?rest_route=\/wp\/v2\/posts"}],"about":[{"href":"https:\/\/mycielewo.pl\/index.php?rest_route=\/wp\/v2\/types\/post"}],"author":[{"embeddable":true,"href":"https:\/\/mycielewo.pl\/index.php?rest_route=\/wp\/v2\/users\/1"}],"replies":[{"embeddable":true,"href":"https:\/\/mycielewo.pl\/index.php?rest_route=%2Fwp%2Fv2%2Fcomments&post=49613"}],"version-history":[{"count":3,"href":"https:\/\/mycielewo.pl\/index.php?rest_route=\/wp\/v2\/posts\/49613\/revisions"}],"predecessor-version":[{"id":49618,"href":"https:\/\/mycielewo.pl\/index.php?rest_route=\/wp\/v2\/posts\/49613\/revisions\/49618"}],"wp:attachment":[{"href":"https:\/\/mycielewo.pl\/index.php?rest_route=%2Fwp%2Fv2%2Fmedia&parent=49613"}],"wp:term":[{"taxonomy":"category","embeddable":true,"href":"https:\/\/mycielewo.pl\/index.php?rest_route=%2Fwp%2Fv2%2Fcategories&post=49613"},{"taxonomy":"post_tag","embeddable":true,"href":"https:\/\/mycielewo.pl\/index.php?rest_route=%2Fwp%2Fv2%2Ftags&post=49613"}],"curies":[{"name":"wp","href":"https:\/\/api.w.org\/{rel}","templated":true}]}}