{"id":49477,"date":"2024-06-07T16:07:29","date_gmt":"2024-06-07T16:07:29","guid":{"rendered":"https:\/\/mycielewo.pl\/?p=49477"},"modified":"2024-06-07T16:56:24","modified_gmt":"2024-06-07T16:56:24","slug":"zdobyli-wyroznienie-w-kangurze-2024","status":"publish","type":"post","link":"https:\/\/mycielewo.pl\/?p=49477","title":{"rendered":"Zdobyli WYR\u00d3\u017bNIENIE w Kangurze 2024"},"content":{"rendered":"\n<p><strong>W Mi\u0119dzynarodowym Konkursie Matematycznym Kangur 2024 r. wzi\u0119\u0142o udzia\u0142 14 uczni\u00f3w naszej szko\u0142y. Konkurs zosta\u0142 przeprowadzony w czterech kategoriach wiekowych. <\/strong><\/p>\n\n\n\n<p>Kangur ma na celu praktyczne sprawdzenie posiadanych wiadomo\u015bci i umiej\u0119tno\u015bci logicznego my\u015blenia podczas rozwi\u0105zywania zada\u0144. Na rozwi\u0105zanie testu uczniowie mieli 75 minut. W maju nadesz\u0142y d\u0142ugo oczekiwane przez uczni\u00f3w wyniki. Okaza\u0142o si\u0119, \u017ce troje uczni\u00f3w uzyska\u0142o wysokie wyniki, <strong>zdobywaj\u0105c WYR\u00d3\u017bNIENIE<\/strong>. Nale\u017c\u0105 do nich:<\/p>\n\n\n\n<ul class=\"wp-block-list\">\n<li><strong>Wiktor Trawi\u0144ski \u2013 klasa2<\/strong><\/li>\n\n\n\n<li><strong>Grzegorz Beczak \u2013 klasa 2<\/strong><\/li>\n\n\n\n<li><strong>Antoni Janicki \u2013 klasa 2<\/strong><\/li>\n<\/ul>\n\n\n\n<p>Opiekunem uczni\u00f3w by\u0142a p. Anna Pyszczy\u0144ska<\/p>\n\n\n\n<p class=\"has-text-align-right\"><em>Tekst: Angelika Drozd, foto: A.&nbsp;Pyszczy\u0144ska, A. Koralewska-Hak<\/em><\/p>\n\n\n\n<figure class=\"wp-block-gallery has-nested-images columns-5 is-cropped wp-block-gallery-2 is-layout-flex wp-block-gallery-is-layout-flex\">\n<figure class=\"wp-block-image size-full\"><a href=\"https:\/\/mycielewo.pl\/wp-content\/uploads\/2024\/06\/images001.jpg\"><img loading=\"lazy\" decoding=\"async\" width=\"1638\" height=\"922\" data-id=\"49479\" src=\"https:\/\/mycielewo.pl\/wp-content\/uploads\/2024\/06\/images001.jpg\" alt=\"\" class=\"wp-image-49479\" srcset=\"https:\/\/mycielewo.pl\/wp-content\/uploads\/2024\/06\/images001.jpg 1638w, https:\/\/mycielewo.pl\/wp-content\/uploads\/2024\/06\/images001-850x478.jpg 850w, https:\/\/mycielewo.pl\/wp-content\/uploads\/2024\/06\/images001-1200x675.jpg 1200w, https:\/\/mycielewo.pl\/wp-content\/uploads\/2024\/06\/images001-250x141.jpg 250w, https:\/\/mycielewo.pl\/wp-content\/uploads\/2024\/06\/images001-768x432.jpg 768w, https:\/\/mycielewo.pl\/wp-content\/uploads\/2024\/06\/images001-1536x865.jpg 1536w\" sizes=\"auto, (max-width: 1638px) 100vw, 1638px\" \/><\/a><\/figure>\n\n\n\n<figure class=\"wp-block-image size-full\"><a href=\"https:\/\/mycielewo.pl\/wp-content\/uploads\/2024\/06\/images002.jpg\"><img loading=\"lazy\" decoding=\"async\" width=\"1638\" height=\"922\" data-id=\"49481\" src=\"https:\/\/mycielewo.pl\/wp-content\/uploads\/2024\/06\/images002.jpg\" alt=\"\" class=\"wp-image-49481\" srcset=\"https:\/\/mycielewo.pl\/wp-content\/uploads\/2024\/06\/images002.jpg 1638w, https:\/\/mycielewo.pl\/wp-content\/uploads\/2024\/06\/images002-850x478.jpg 850w, https:\/\/mycielewo.pl\/wp-content\/uploads\/2024\/06\/images002-1200x675.jpg 1200w, https:\/\/mycielewo.pl\/wp-content\/uploads\/2024\/06\/images002-250x141.jpg 250w, https:\/\/mycielewo.pl\/wp-content\/uploads\/2024\/06\/images002-768x432.jpg 768w, https:\/\/mycielewo.pl\/wp-content\/uploads\/2024\/06\/images002-1536x865.jpg 1536w\" sizes=\"auto, (max-width: 1638px) 100vw, 1638px\" \/><\/a><\/figure>\n\n\n\n<figure class=\"wp-block-image size-full\"><a href=\"https:\/\/mycielewo.pl\/wp-content\/uploads\/2024\/06\/images003.jpg\"><img loading=\"lazy\" decoding=\"async\" width=\"720\" height=\"1600\" data-id=\"49480\" src=\"https:\/\/mycielewo.pl\/wp-content\/uploads\/2024\/06\/images003.jpg\" alt=\"\" class=\"wp-image-49480\" srcset=\"https:\/\/mycielewo.pl\/wp-content\/uploads\/2024\/06\/images003.jpg 720w, https:\/\/mycielewo.pl\/wp-content\/uploads\/2024\/06\/images003-691x1536.jpg 691w\" sizes=\"auto, (max-width: 720px) 100vw, 720px\" \/><\/a><\/figure>\n\n\n\n<figure class=\"wp-block-image size-full\"><a href=\"https:\/\/mycielewo.pl\/wp-content\/uploads\/2024\/06\/images004.jpg\"><img loading=\"lazy\" decoding=\"async\" width=\"720\" height=\"1600\" data-id=\"49482\" src=\"https:\/\/mycielewo.pl\/wp-content\/uploads\/2024\/06\/images004.jpg\" alt=\"\" class=\"wp-image-49482\" srcset=\"https:\/\/mycielewo.pl\/wp-content\/uploads\/2024\/06\/images004.jpg 720w, https:\/\/mycielewo.pl\/wp-content\/uploads\/2024\/06\/images004-691x1536.jpg 691w\" sizes=\"auto, (max-width: 720px) 100vw, 720px\" \/><\/a><\/figure>\n\n\n\n<figure class=\"wp-block-image size-full\"><a href=\"https:\/\/mycielewo.pl\/wp-content\/uploads\/2024\/06\/images005.jpg\"><img loading=\"lazy\" decoding=\"async\" width=\"720\" height=\"1600\" data-id=\"49483\" src=\"https:\/\/mycielewo.pl\/wp-content\/uploads\/2024\/06\/images005.jpg\" alt=\"\" class=\"wp-image-49483\" srcset=\"https:\/\/mycielewo.pl\/wp-content\/uploads\/2024\/06\/images005.jpg 720w, https:\/\/mycielewo.pl\/wp-content\/uploads\/2024\/06\/images005-691x1536.jpg 691w\" sizes=\"auto, (max-width: 720px) 100vw, 720px\" \/><\/a><\/figure>\n<\/figure>\n","protected":false},"excerpt":{"rendered":"<p>W Mi\u0119dzynarodowym Konkursie Matematycznym Kangur 2024 r. wzi\u0119\u0142o udzia\u0142 14 uczni\u00f3w naszej szko\u0142y. Konkurs zosta\u0142 przeprowadzony w czterech kategoriach wiekowych. Kangur ma na celu praktyczne sprawdzenie posiadanych wiadomo\u015bci i umiej\u0119tno\u015bci logicznego my\u015blenia podczas rozwi\u0105zywania zada\u0144. Na rozwi\u0105zanie testu uczniowie mieli 75 minut. W maju nadesz\u0142y d\u0142ugo oczekiwane przez uczni\u00f3w wyniki. Okaza\u0142o si\u0119, \u017ce troje uczni\u00f3w&hellip; <a class=\"continue\" href=\"https:\/\/mycielewo.pl\/?p=49477\">Kontynuuj czytanie<span> Zdobyli WYR\u00d3\u017bNIENIE w Kangurze 2024<\/span><\/a><\/p>\n","protected":false},"author":1,"featured_media":0,"comment_status":"open","ping_status":"open","sticky":false,"template":"","format":"standard","meta":{"footnotes":""},"categories":[1],"tags":[],"class_list":["post-49477","post","type-post","status-publish","format-standard","hentry","category-bez-kategorii"],"_links":{"self":[{"href":"https:\/\/mycielewo.pl\/index.php?rest_route=\/wp\/v2\/posts\/49477","targetHints":{"allow":["GET"]}}],"collection":[{"href":"https:\/\/mycielewo.pl\/index.php?rest_route=\/wp\/v2\/posts"}],"about":[{"href":"https:\/\/mycielewo.pl\/index.php?rest_route=\/wp\/v2\/types\/post"}],"author":[{"embeddable":true,"href":"https:\/\/mycielewo.pl\/index.php?rest_route=\/wp\/v2\/users\/1"}],"replies":[{"embeddable":true,"href":"https:\/\/mycielewo.pl\/index.php?rest_route=%2Fwp%2Fv2%2Fcomments&post=49477"}],"version-history":[{"count":3,"href":"https:\/\/mycielewo.pl\/index.php?rest_route=\/wp\/v2\/posts\/49477\/revisions"}],"predecessor-version":[{"id":49488,"href":"https:\/\/mycielewo.pl\/index.php?rest_route=\/wp\/v2\/posts\/49477\/revisions\/49488"}],"wp:attachment":[{"href":"https:\/\/mycielewo.pl\/index.php?rest_route=%2Fwp%2Fv2%2Fmedia&parent=49477"}],"wp:term":[{"taxonomy":"category","embeddable":true,"href":"https:\/\/mycielewo.pl\/index.php?rest_route=%2Fwp%2Fv2%2Fcategories&post=49477"},{"taxonomy":"post_tag","embeddable":true,"href":"https:\/\/mycielewo.pl\/index.php?rest_route=%2Fwp%2Fv2%2Ftags&post=49477"}],"curies":[{"name":"wp","href":"https:\/\/api.w.org\/{rel}","templated":true}]}}