{"id":49023,"date":"2024-05-06T17:51:09","date_gmt":"2024-05-06T17:51:09","guid":{"rendered":"https:\/\/mycielewo.pl\/?p=49023"},"modified":"2024-05-06T17:51:11","modified_gmt":"2024-05-06T17:51:11","slug":"komunikaty","status":"publish","type":"post","link":"https:\/\/mycielewo.pl\/?p=49023","title":{"rendered":"Komunikaty"},"content":{"rendered":"\n<p>Przypominamy, \u017ce w dniach: 14,15 i 16 maja odb\u0119d\u0105 si\u0119 egzaminy \u00f3smoklasisty. <\/p>\n\n\n\n<p>Klasa 6 w tych dniach wyjedzie na Zielon\u0105 Szko\u0142\u0119.<\/p>\n\n\n\n<p>Pozosta\u0142e klasy maj\u0105 te dni wolne od zaj\u0119\u0107 dydaktycznych. Prosimy rodzic\u00f3w, aby do pi\u0105tku 10 maja przekazali   informacj\u0119 do wychowawc\u00f3w klas o potrzebie zorganizowania zaj\u0119\u0107 opieku\u0144czych dla dzieci. <\/p>\n\n\n\n<p><\/p>\n","protected":false},"excerpt":{"rendered":"<p>Przypominamy, \u017ce w dniach: 14,15 i 16 maja odb\u0119d\u0105 si\u0119 egzaminy \u00f3smoklasisty. Klasa 6 w tych dniach wyjedzie na Zielon\u0105 Szko\u0142\u0119. Pozosta\u0142e klasy maj\u0105 te dni wolne od zaj\u0119\u0107 dydaktycznych. Prosimy rodzic\u00f3w, aby do pi\u0105tku 10 maja przekazali informacj\u0119 do wychowawc\u00f3w klas o potrzebie zorganizowania zaj\u0119\u0107 opieku\u0144czych dla dzieci.<\/p>\n","protected":false},"author":4,"featured_media":0,"comment_status":"open","ping_status":"open","sticky":false,"template":"","format":"standard","meta":{"footnotes":""},"categories":[1],"tags":[],"class_list":["post-49023","post","type-post","status-publish","format-standard","hentry","category-bez-kategorii"],"_links":{"self":[{"href":"https:\/\/mycielewo.pl\/index.php?rest_route=\/wp\/v2\/posts\/49023","targetHints":{"allow":["GET"]}}],"collection":[{"href":"https:\/\/mycielewo.pl\/index.php?rest_route=\/wp\/v2\/posts"}],"about":[{"href":"https:\/\/mycielewo.pl\/index.php?rest_route=\/wp\/v2\/types\/post"}],"author":[{"embeddable":true,"href":"https:\/\/mycielewo.pl\/index.php?rest_route=\/wp\/v2\/users\/4"}],"replies":[{"embeddable":true,"href":"https:\/\/mycielewo.pl\/index.php?rest_route=%2Fwp%2Fv2%2Fcomments&post=49023"}],"version-history":[{"count":1,"href":"https:\/\/mycielewo.pl\/index.php?rest_route=\/wp\/v2\/posts\/49023\/revisions"}],"predecessor-version":[{"id":49024,"href":"https:\/\/mycielewo.pl\/index.php?rest_route=\/wp\/v2\/posts\/49023\/revisions\/49024"}],"wp:attachment":[{"href":"https:\/\/mycielewo.pl\/index.php?rest_route=%2Fwp%2Fv2%2Fmedia&parent=49023"}],"wp:term":[{"taxonomy":"category","embeddable":true,"href":"https:\/\/mycielewo.pl\/index.php?rest_route=%2Fwp%2Fv2%2Fcategories&post=49023"},{"taxonomy":"post_tag","embeddable":true,"href":"https:\/\/mycielewo.pl\/index.php?rest_route=%2Fwp%2Fv2%2Ftags&post=49023"}],"curies":[{"name":"wp","href":"https:\/\/api.w.org\/{rel}","templated":true}]}}