{"id":48875,"date":"2024-04-26T20:04:30","date_gmt":"2024-04-26T20:04:30","guid":{"rendered":"https:\/\/mycielewo.pl\/?p=48875"},"modified":"2024-04-26T20:08:03","modified_gmt":"2024-04-26T20:08:03","slug":"obchody-swieta-konstytucji-3-maja-w-gminie-kcynia","status":"publish","type":"post","link":"https:\/\/mycielewo.pl\/?p=48875","title":{"rendered":"Obchody \u015awi\u0119ta Konstytucji 3 Maja w gminie Kcynia"},"content":{"rendered":"\n<p>Zach\u0119camy do udzia\u0142u w gminnych wydarzeniach.<\/p>\n\n\n\n<p>Szczeg\u00f3\u0142y pod linkiem:<a href=\"https:\/\/kcynia.pl\/kalendarz-wydarzen\/4357-obchody-swieta-konstytucji-3-maja.html\">https:\/\/kcynia.pl\/kalendarz-wydarzen\/4357-obchody-swieta-konstytucji-3-maja.html<\/a><\/p>\n","protected":false},"excerpt":{"rendered":"<p>Zach\u0119camy do udzia\u0142u w gminnych wydarzeniach. Szczeg\u00f3\u0142y pod linkiem:https:\/\/kcynia.pl\/kalendarz-wydarzen\/4357-obchody-swieta-konstytucji-3-maja.html<\/p>\n","protected":false},"author":4,"featured_media":0,"comment_status":"open","ping_status":"open","sticky":false,"template":"","format":"standard","meta":{"footnotes":""},"categories":[1],"tags":[],"class_list":["post-48875","post","type-post","status-publish","format-standard","hentry","category-bez-kategorii"],"_links":{"self":[{"href":"https:\/\/mycielewo.pl\/index.php?rest_route=\/wp\/v2\/posts\/48875","targetHints":{"allow":["GET"]}}],"collection":[{"href":"https:\/\/mycielewo.pl\/index.php?rest_route=\/wp\/v2\/posts"}],"about":[{"href":"https:\/\/mycielewo.pl\/index.php?rest_route=\/wp\/v2\/types\/post"}],"author":[{"embeddable":true,"href":"https:\/\/mycielewo.pl\/index.php?rest_route=\/wp\/v2\/users\/4"}],"replies":[{"embeddable":true,"href":"https:\/\/mycielewo.pl\/index.php?rest_route=%2Fwp%2Fv2%2Fcomments&post=48875"}],"version-history":[{"count":2,"href":"https:\/\/mycielewo.pl\/index.php?rest_route=\/wp\/v2\/posts\/48875\/revisions"}],"predecessor-version":[{"id":48879,"href":"https:\/\/mycielewo.pl\/index.php?rest_route=\/wp\/v2\/posts\/48875\/revisions\/48879"}],"wp:attachment":[{"href":"https:\/\/mycielewo.pl\/index.php?rest_route=%2Fwp%2Fv2%2Fmedia&parent=48875"}],"wp:term":[{"taxonomy":"category","embeddable":true,"href":"https:\/\/mycielewo.pl\/index.php?rest_route=%2Fwp%2Fv2%2Fcategories&post=48875"},{"taxonomy":"post_tag","embeddable":true,"href":"https:\/\/mycielewo.pl\/index.php?rest_route=%2Fwp%2Fv2%2Ftags&post=48875"}],"curies":[{"name":"wp","href":"https:\/\/api.w.org\/{rel}","templated":true}]}}