{"id":48641,"date":"2024-04-23T10:50:45","date_gmt":"2024-04-23T10:50:45","guid":{"rendered":"https:\/\/mycielewo.pl\/?p=48641"},"modified":"2024-04-23T10:50:48","modified_gmt":"2024-04-23T10:50:48","slug":"babeczkowy-zawrot-glowy","status":"publish","type":"post","link":"https:\/\/mycielewo.pl\/?p=48641","title":{"rendered":"Babeczkowy zawr\u00f3t g\u0142owy!"},"content":{"rendered":"\n<p>W poniedzia\u0142ek 22 kwietnia 2024 r. po raz kolejny w naszej szkole mo\u017cna by\u0142o zakupi\u0107\u00a0pyszne babeczki, tym razem zosta\u0142y one upieczone przez uczni\u00f3w klas: 4, 5, 6, 7 i 8. S\u0142odko\u015bci cieszy\u0142y si\u0119 ogromnym zainteresowaniem.<\/p>\n\n\n\n<p>Dzi\u0119kujemy rodzicom, uczniom, nauczycielom&nbsp; za zaanga\u017cowanie! Zebrane \u015brodki zostan\u0105 przeznaczone na organizacj\u0119 Festynu Rodzinnego.<\/p>\n\n\n\n<p class=\"has-text-align-right\"><em>Tekst i foto Agnieszka Chojnacka<\/em>, <em>Zesp\u00f3\u0142 do Spraw Profilaktyki, Samorz\u0105d Uczniowski.\u00a0<\/em><\/p>\n\n\n\n<figure class=\"wp-block-gallery has-nested-images columns-7 is-cropped wp-block-gallery-2 is-layout-flex wp-block-gallery-is-layout-flex\">\n<figure class=\"wp-block-image size-full\"><a href=\"https:\/\/mycielewo.pl\/wp-content\/uploads\/2024\/04\/image001-7.jpg\"><img loading=\"lazy\" decoding=\"async\" width=\"563\" height=\"1000\" data-id=\"48642\" src=\"https:\/\/mycielewo.pl\/wp-content\/uploads\/2024\/04\/image001-7.jpg\" alt=\"\" class=\"wp-image-48642\"\/><\/a><\/figure>\n\n\n\n<figure class=\"wp-block-image size-full\"><a href=\"https:\/\/mycielewo.pl\/wp-content\/uploads\/2024\/04\/image002-7.jpg\"><img loading=\"lazy\" decoding=\"async\" width=\"563\" height=\"1000\" data-id=\"48646\" src=\"https:\/\/mycielewo.pl\/wp-content\/uploads\/2024\/04\/image002-7.jpg\" alt=\"\" class=\"wp-image-48646\"\/><\/a><\/figure>\n\n\n\n<figure class=\"wp-block-image size-full\"><a href=\"https:\/\/mycielewo.pl\/wp-content\/uploads\/2024\/04\/image003-7.jpg\"><img loading=\"lazy\" decoding=\"async\" width=\"563\" height=\"1000\" data-id=\"48648\" src=\"https:\/\/mycielewo.pl\/wp-content\/uploads\/2024\/04\/image003-7.jpg\" alt=\"\" class=\"wp-image-48648\"\/><\/a><\/figure>\n\n\n\n<figure class=\"wp-block-image size-full\"><a href=\"https:\/\/mycielewo.pl\/wp-content\/uploads\/2024\/04\/image004-7.jpg\"><img loading=\"lazy\" decoding=\"async\" width=\"563\" height=\"1000\" data-id=\"48644\" src=\"https:\/\/mycielewo.pl\/wp-content\/uploads\/2024\/04\/image004-7.jpg\" alt=\"\" class=\"wp-image-48644\"\/><\/a><\/figure>\n\n\n\n<figure class=\"wp-block-image size-full\"><a href=\"https:\/\/mycielewo.pl\/wp-content\/uploads\/2024\/04\/image005-7.jpg\"><img loading=\"lazy\" decoding=\"async\" width=\"563\" height=\"1000\" data-id=\"48647\" src=\"https:\/\/mycielewo.pl\/wp-content\/uploads\/2024\/04\/image005-7.jpg\" alt=\"\" class=\"wp-image-48647\"\/><\/a><\/figure>\n\n\n\n<figure class=\"wp-block-image size-full\"><a href=\"https:\/\/mycielewo.pl\/wp-content\/uploads\/2024\/04\/image006-7.jpg\"><img loading=\"lazy\" decoding=\"async\" width=\"563\" height=\"1000\" data-id=\"48643\" src=\"https:\/\/mycielewo.pl\/wp-content\/uploads\/2024\/04\/image006-7.jpg\" alt=\"\" class=\"wp-image-48643\"\/><\/a><\/figure>\n\n\n\n<figure class=\"wp-block-image size-full\"><a href=\"https:\/\/mycielewo.pl\/wp-content\/uploads\/2024\/04\/image007-6.jpg\"><img loading=\"lazy\" decoding=\"async\" width=\"563\" height=\"1000\" data-id=\"48645\" src=\"https:\/\/mycielewo.pl\/wp-content\/uploads\/2024\/04\/image007-6.jpg\" alt=\"\" class=\"wp-image-48645\"\/><\/a><\/figure>\n<\/figure>\n","protected":false},"excerpt":{"rendered":"<p>W poniedzia\u0142ek 22 kwietnia 2024 r. po raz kolejny w naszej szkole mo\u017cna by\u0142o zakupi\u0107\u00a0pyszne babeczki, tym razem zosta\u0142y one upieczone przez uczni\u00f3w klas: 4, 5, 6, 7 i 8. S\u0142odko\u015bci cieszy\u0142y si\u0119 ogromnym zainteresowaniem. Dzi\u0119kujemy rodzicom, uczniom, nauczycielom&nbsp; za zaanga\u017cowanie! Zebrane \u015brodki zostan\u0105 przeznaczone na organizacj\u0119 Festynu Rodzinnego. Tekst i foto Agnieszka Chojnacka, Zesp\u00f3\u0142&hellip; <a class=\"continue\" href=\"https:\/\/mycielewo.pl\/?p=48641\">Kontynuuj czytanie<span> Babeczkowy zawr\u00f3t g\u0142owy!<\/span><\/a><\/p>\n","protected":false},"author":1,"featured_media":0,"comment_status":"open","ping_status":"open","sticky":false,"template":"","format":"standard","meta":{"footnotes":""},"categories":[1],"tags":[],"class_list":["post-48641","post","type-post","status-publish","format-standard","hentry","category-bez-kategorii"],"_links":{"self":[{"href":"https:\/\/mycielewo.pl\/index.php?rest_route=\/wp\/v2\/posts\/48641","targetHints":{"allow":["GET"]}}],"collection":[{"href":"https:\/\/mycielewo.pl\/index.php?rest_route=\/wp\/v2\/posts"}],"about":[{"href":"https:\/\/mycielewo.pl\/index.php?rest_route=\/wp\/v2\/types\/post"}],"author":[{"embeddable":true,"href":"https:\/\/mycielewo.pl\/index.php?rest_route=\/wp\/v2\/users\/1"}],"replies":[{"embeddable":true,"href":"https:\/\/mycielewo.pl\/index.php?rest_route=%2Fwp%2Fv2%2Fcomments&post=48641"}],"version-history":[{"count":1,"href":"https:\/\/mycielewo.pl\/index.php?rest_route=\/wp\/v2\/posts\/48641\/revisions"}],"predecessor-version":[{"id":48649,"href":"https:\/\/mycielewo.pl\/index.php?rest_route=\/wp\/v2\/posts\/48641\/revisions\/48649"}],"wp:attachment":[{"href":"https:\/\/mycielewo.pl\/index.php?rest_route=%2Fwp%2Fv2%2Fmedia&parent=48641"}],"wp:term":[{"taxonomy":"category","embeddable":true,"href":"https:\/\/mycielewo.pl\/index.php?rest_route=%2Fwp%2Fv2%2Fcategories&post=48641"},{"taxonomy":"post_tag","embeddable":true,"href":"https:\/\/mycielewo.pl\/index.php?rest_route=%2Fwp%2Fv2%2Ftags&post=48641"}],"curies":[{"name":"wp","href":"https:\/\/api.w.org\/{rel}","templated":true}]}}