{"id":48525,"date":"2024-04-17T10:32:36","date_gmt":"2024-04-17T10:32:36","guid":{"rendered":"https:\/\/mycielewo.pl\/?p=48525"},"modified":"2024-04-17T10:54:33","modified_gmt":"2024-04-17T10:54:33","slug":"48525","status":"publish","type":"post","link":"https:\/\/mycielewo.pl\/?p=48525","title":{"rendered":"Zuzanna Go\u0142\u0105b oraz Jan \u017b\u0105d\u0142o pi\u0119knie recytowali wiersze"},"content":{"rendered":"\n<p><strong>11 kwietnia 2024 r. w Nakielskim O\u015brodku Kultury odby\u0142 si\u0119 Powiatowy Przegl\u0105d Wierszy Logopedycznych \u201eWiersze na pami\u0119\u0107 znam, coraz pi\u0119kniejsz\u0105 mow\u0119 mam\u201d. Organizatorem konkursu by\u0142a Powiatowa Poradnia Psychologiczno-Pedagogiczna w Nakle nad Noteci\u0105.<\/strong><\/p>\n\n\n\n<p>Nasz\u0105 szko\u0142\u0119 reprezentowali: <strong>Zuzanna Go\u0142\u0105b<\/strong> oraz <strong>Jan \u017b\u0105d\u0142o<\/strong> z oddzia\u0142u przedszkolnego &#8222;Biedroneczki&#8221;. Ka\u017cdy z uczestnik\u00f3w otrzyma\u0142&nbsp;pami\u0105tkowy dyplom oraz drobny upominek.<\/p>\n\n\n\n<p>Gratulujemy i \u017cyczymy dalszych sukces\u00f3w!!<\/p>\n\n\n\n<p class=\"has-text-align-right\"><em>Marta Sztok<\/em><\/p>\n\n\n\n<figure class=\"wp-block-gallery has-nested-images columns-6 is-cropped wp-block-gallery-2 is-layout-flex wp-block-gallery-is-layout-flex\">\n<figure class=\"wp-block-image size-full\"><a href=\"https:\/\/mycielewo.pl\/wp-content\/uploads\/2024\/04\/image001-4.jpg\"><img loading=\"lazy\" decoding=\"async\" width=\"1536\" height=\"2048\" data-id=\"48527\" src=\"https:\/\/mycielewo.pl\/wp-content\/uploads\/2024\/04\/image001-4.jpg\" alt=\"\" class=\"wp-image-48527\" srcset=\"https:\/\/mycielewo.pl\/wp-content\/uploads\/2024\/04\/image001-4.jpg 1536w, https:\/\/mycielewo.pl\/wp-content\/uploads\/2024\/04\/image001-4-768x1024.jpg 768w, https:\/\/mycielewo.pl\/wp-content\/uploads\/2024\/04\/image001-4-1152x1536.jpg 1152w\" sizes=\"auto, (max-width: 1536px) 100vw, 1536px\" \/><\/a><\/figure>\n\n\n\n<figure class=\"wp-block-image size-full\"><a href=\"https:\/\/mycielewo.pl\/wp-content\/uploads\/2024\/04\/image002-4.jpg\"><img loading=\"lazy\" decoding=\"async\" width=\"1536\" height=\"2048\" data-id=\"48532\" src=\"https:\/\/mycielewo.pl\/wp-content\/uploads\/2024\/04\/image002-4.jpg\" alt=\"\" class=\"wp-image-48532\" srcset=\"https:\/\/mycielewo.pl\/wp-content\/uploads\/2024\/04\/image002-4.jpg 1536w, https:\/\/mycielewo.pl\/wp-content\/uploads\/2024\/04\/image002-4-768x1024.jpg 768w, https:\/\/mycielewo.pl\/wp-content\/uploads\/2024\/04\/image002-4-1152x1536.jpg 1152w\" sizes=\"auto, (max-width: 1536px) 100vw, 1536px\" \/><\/a><\/figure>\n\n\n\n<figure class=\"wp-block-image size-full\"><a href=\"https:\/\/mycielewo.pl\/wp-content\/uploads\/2024\/04\/image003-4.jpg\"><img loading=\"lazy\" decoding=\"async\" width=\"2016\" height=\"1512\" data-id=\"48530\" src=\"https:\/\/mycielewo.pl\/wp-content\/uploads\/2024\/04\/image003-4.jpg\" alt=\"\" class=\"wp-image-48530\" srcset=\"https:\/\/mycielewo.pl\/wp-content\/uploads\/2024\/04\/image003-4.jpg 2016w, https:\/\/mycielewo.pl\/wp-content\/uploads\/2024\/04\/image003-4-768x576.jpg 768w, https:\/\/mycielewo.pl\/wp-content\/uploads\/2024\/04\/image003-4-1536x1152.jpg 1536w\" sizes=\"auto, (max-width: 2016px) 100vw, 2016px\" \/><\/a><\/figure>\n\n\n\n<figure class=\"wp-block-image size-full\"><a href=\"https:\/\/mycielewo.pl\/wp-content\/uploads\/2024\/04\/image004-4.jpg\"><img loading=\"lazy\" decoding=\"async\" width=\"1734\" height=\"978\" data-id=\"48529\" src=\"https:\/\/mycielewo.pl\/wp-content\/uploads\/2024\/04\/image004-4.jpg\" alt=\"\" class=\"wp-image-48529\" srcset=\"https:\/\/mycielewo.pl\/wp-content\/uploads\/2024\/04\/image004-4.jpg 1734w, https:\/\/mycielewo.pl\/wp-content\/uploads\/2024\/04\/image004-4-850x478.jpg 850w, https:\/\/mycielewo.pl\/wp-content\/uploads\/2024\/04\/image004-4-250x141.jpg 250w, https:\/\/mycielewo.pl\/wp-content\/uploads\/2024\/04\/image004-4-768x433.jpg 768w, https:\/\/mycielewo.pl\/wp-content\/uploads\/2024\/04\/image004-4-1536x866.jpg 1536w\" sizes=\"auto, (max-width: 1734px) 100vw, 1734px\" \/><\/a><\/figure>\n\n\n\n<figure class=\"wp-block-image size-full\"><a href=\"https:\/\/mycielewo.pl\/wp-content\/uploads\/2024\/04\/image005-4.jpg\"><img loading=\"lazy\" decoding=\"async\" width=\"978\" height=\"1734\" data-id=\"48531\" src=\"https:\/\/mycielewo.pl\/wp-content\/uploads\/2024\/04\/image005-4.jpg\" alt=\"\" class=\"wp-image-48531\" srcset=\"https:\/\/mycielewo.pl\/wp-content\/uploads\/2024\/04\/image005-4.jpg 978w, https:\/\/mycielewo.pl\/wp-content\/uploads\/2024\/04\/image005-4-768x1362.jpg 768w, https:\/\/mycielewo.pl\/wp-content\/uploads\/2024\/04\/image005-4-866x1536.jpg 866w\" sizes=\"auto, (max-width: 978px) 100vw, 978px\" \/><\/a><\/figure>\n\n\n\n<figure class=\"wp-block-image size-full\"><a href=\"https:\/\/mycielewo.pl\/wp-content\/uploads\/2024\/04\/image006-4.jpg\"><img loading=\"lazy\" decoding=\"async\" width=\"2016\" height=\"1512\" data-id=\"48528\" src=\"https:\/\/mycielewo.pl\/wp-content\/uploads\/2024\/04\/image006-4.jpg\" alt=\"\" class=\"wp-image-48528\" srcset=\"https:\/\/mycielewo.pl\/wp-content\/uploads\/2024\/04\/image006-4.jpg 2016w, https:\/\/mycielewo.pl\/wp-content\/uploads\/2024\/04\/image006-4-768x576.jpg 768w, https:\/\/mycielewo.pl\/wp-content\/uploads\/2024\/04\/image006-4-1536x1152.jpg 1536w\" sizes=\"auto, (max-width: 2016px) 100vw, 2016px\" \/><\/a><\/figure>\n<\/figure>\n","protected":false},"excerpt":{"rendered":"<p>11 kwietnia 2024 r. w Nakielskim O\u015brodku Kultury odby\u0142 si\u0119 Powiatowy Przegl\u0105d Wierszy Logopedycznych \u201eWiersze na pami\u0119\u0107 znam, coraz pi\u0119kniejsz\u0105 mow\u0119 mam\u201d. Organizatorem konkursu by\u0142a Powiatowa Poradnia Psychologiczno-Pedagogiczna w Nakle nad Noteci\u0105. Nasz\u0105 szko\u0142\u0119 reprezentowali: Zuzanna Go\u0142\u0105b oraz Jan \u017b\u0105d\u0142o z oddzia\u0142u przedszkolnego &#8222;Biedroneczki&#8221;. Ka\u017cdy z uczestnik\u00f3w otrzyma\u0142&nbsp;pami\u0105tkowy dyplom oraz drobny upominek. Gratulujemy i \u017cyczymy&hellip; <a class=\"continue\" href=\"https:\/\/mycielewo.pl\/?p=48525\">Kontynuuj czytanie<span> Zuzanna Go\u0142\u0105b oraz Jan \u017b\u0105d\u0142o pi\u0119knie recytowali wiersze<\/span><\/a><\/p>\n","protected":false},"author":1,"featured_media":0,"comment_status":"open","ping_status":"open","sticky":false,"template":"","format":"standard","meta":{"footnotes":""},"categories":[1],"tags":[],"class_list":["post-48525","post","type-post","status-publish","format-standard","hentry","category-bez-kategorii"],"_links":{"self":[{"href":"https:\/\/mycielewo.pl\/index.php?rest_route=\/wp\/v2\/posts\/48525","targetHints":{"allow":["GET"]}}],"collection":[{"href":"https:\/\/mycielewo.pl\/index.php?rest_route=\/wp\/v2\/posts"}],"about":[{"href":"https:\/\/mycielewo.pl\/index.php?rest_route=\/wp\/v2\/types\/post"}],"author":[{"embeddable":true,"href":"https:\/\/mycielewo.pl\/index.php?rest_route=\/wp\/v2\/users\/1"}],"replies":[{"embeddable":true,"href":"https:\/\/mycielewo.pl\/index.php?rest_route=%2Fwp%2Fv2%2Fcomments&post=48525"}],"version-history":[{"count":4,"href":"https:\/\/mycielewo.pl\/index.php?rest_route=\/wp\/v2\/posts\/48525\/revisions"}],"predecessor-version":[{"id":48552,"href":"https:\/\/mycielewo.pl\/index.php?rest_route=\/wp\/v2\/posts\/48525\/revisions\/48552"}],"wp:attachment":[{"href":"https:\/\/mycielewo.pl\/index.php?rest_route=%2Fwp%2Fv2%2Fmedia&parent=48525"}],"wp:term":[{"taxonomy":"category","embeddable":true,"href":"https:\/\/mycielewo.pl\/index.php?rest_route=%2Fwp%2Fv2%2Fcategories&post=48525"},{"taxonomy":"post_tag","embeddable":true,"href":"https:\/\/mycielewo.pl\/index.php?rest_route=%2Fwp%2Fv2%2Ftags&post=48525"}],"curies":[{"name":"wp","href":"https:\/\/api.w.org\/{rel}","templated":true}]}}