{"id":48305,"date":"2024-04-11T08:22:39","date_gmt":"2024-04-11T08:22:39","guid":{"rendered":"https:\/\/mycielewo.pl\/?p=48305"},"modified":"2024-04-11T08:22:41","modified_gmt":"2024-04-11T08:22:41","slug":"wojewodzkie-obchody-80-rocznicy-bitwy-pod-monte-cassino","status":"publish","type":"post","link":"https:\/\/mycielewo.pl\/?p=48305","title":{"rendered":"Wojew\u00f3dzkie Obchody\u00a0 80. rocznicy bitwy pod Monte Cassino"},"content":{"rendered":"\n<p>Podajemy poni\u017cej informacje ze strony:<a href=\"https:\/\/kcynia.pl\/aktualnosci\/w-tym-roku-80-rocznica-bitwy-pod-monte-cassino-uroczystosci-takze-w-kcyni-dla-dzieic-i-mlodziezy-konkurs-plastyczny.html\"> kcynia.pl<\/a>:<\/p>\n\n\n\n<p>20 maja w&nbsp;Kcyni odb\u0119d\u0105 si\u0119<strong>&nbsp;Wojew\u00f3dzkie Obchody&nbsp; 80. rocznicy bitwy pod Monte Cassino<\/strong>. Cz\u0119\u015bci\u0105 obchod\u00f3w jest og\u0142aszany w\u0142a\u015bnie&nbsp;<strong>konkurs plastyczny dla dzieci i&nbsp;m\u0142odzie\u017cy z&nbsp;Gminy Kcynia<\/strong>. Szczeg\u00f3\u0142y dotycz\u0105ce konkursu w&nbsp;regulaminie poni\u017cej.&nbsp;<\/p>\n\n\n\n<p>W programie kcy\u0144skich uroczysto\u015bci 20 maja znalaz\u0142y si\u0119 m.in. z\u0142o\u017cenie kwiat\u00f3w na&nbsp;grobie uczestnika bitwy, tematyczne wyk\u0142ady &#8211; dr. S\u0142awomira \u0141ankieckiego i&nbsp;dr. Adama W\u0119sierskiego oraz&nbsp;konkurs plastyczny.&nbsp;&nbsp; Oczywi\u015bcie g\u0142\u00f3wne uroczysto\u015bci odb\u0119d\u0105 si\u0119 w&nbsp;Republice W\u0142oskiej z&nbsp;udzia\u0142em najwy\u017cszych w\u0142adz pa\u0144stwowych polskich i&nbsp;zagranicznych 18 maja o&nbsp;godz. 16.00 na&nbsp;Cmentarzu Polskim na&nbsp;Monte Cassino.<\/p>\n\n\n\n<p>Partnerami kcy\u0144skich wydarze\u0144, kt\u00f3re odb\u0119d\u0105 si\u0119 pod patronatem Wojewody Kujawsko-Pomorskiego s\u0105:&nbsp; KUJAWSKO-POMORSKI URZ\u0104D WOJEW\u00d3DZKI, URZ\u0104D MIEJSKI W KCYNI,&nbsp; SZKO\u0141A PODSTAWOWA IM. JANA CZOCHRALSKIEGO W KCYNI, GMINNE CENTRUM KULTURY I BIBLIOTEKI W KCYNI, D\u0179WI\u0118KOWE ARCHIWUM W KCYNI, TOWARZYSTWO HISTORYCZNE W KCYNI.&nbsp;<\/p>\n\n\n\n<p><strong>Dlaczego w&nbsp;Kcyni?&nbsp;<\/strong>&nbsp;Wiemy o&nbsp;dw\u00f3ch uczestnikach bitwy, kt\u00f3rzy pochodz\u0105 z&nbsp;naszej gminy. To&nbsp;<strong>Wojciech Sp\u0142awski&nbsp;<\/strong>pochodz\u0105cy z&nbsp;Turzyna, uczestnik bitwy, 1 Pu\u0142ku U\u0142an\u00f3w Krechowieckich, pochowany na&nbsp;cmentarzu Monte Cassino. Drug\u0105 osob\u0105 jest&nbsp;<strong>Albin Ruda\u015b<\/strong>, pochowany na&nbsp;kcy\u0144skim cmentarzu, uczestnik bitwy, kt\u00f3ry od 1947 r. mieszka\u0142 w&nbsp;Malicach. Wi\u0119cej pod linkiem&nbsp;<a href=\"https:\/\/dzwiekowearchiwum.kcynia.pl\/artykuly\/albin-rudas-uczestnik-bitwy-o-monte-cassino.html\">https:\/\/dzwiekowearchiwum.kcynia.pl\/artykuly\/albin-rudas-uczestnik-bitwy-o-monte-cassino.html<\/a>.&nbsp;<\/p>\n\n\n\n<p>Ten fakt sta\u0142 si\u0119 przyczynkiem do organizacji wydarze\u0144 w&nbsp;Kcyni, kt\u00f3re s\u0105 inicjatyw\u0105 Przewodnicz\u0105cego Rady Miejskiej Jana Kuranta.&nbsp;<\/p>\n\n\n\n<p><strong>REGULAMIN KONKURSU<\/strong><\/p>\n\n\n\n<p>1. Organizatorem konkursu jest Urz\u0105d Miejski w&nbsp;Kcyni, ul. Rynek 23, 89-240 Kcynia.<\/p>\n\n\n\n<p>2. Konkursu organizowany jest jako element Wojew\u00f3dzkich Obchod\u00f3w 80. rocznicy bitwy pod Monte Cassino, nad kt\u00f3rymi Patronat Honorowy obj\u0105\u0142 Wojewoda Kujawsko-Pomorski, w&nbsp;celu:<\/p>\n\n\n\n<p>&#8211; kultywowania pami\u0119ci o&nbsp;Monte Cassino;<br>&#8211; motywowania do samodzielnego poszerzania wiedzy;<br>&#8211; uwra\u017cliwienia na&nbsp;warto\u015bci patriotyczno-narodowe;<br>&#8211; stworzenia okazji do dzia\u0142alno\u015bci plastycznej zwi\u0105zanej z&nbsp;symbolik\u0105 narodow\u0105.<\/p>\n\n\n\n<p>3. Kategorie wiekowe:<br>&#8211; klasa \u201c0\u201d-III,<br>&#8211; klasa IV &#8211; VIII,<br>&#8211; szko\u0142a ponadpodstawowa<\/p>\n\n\n\n<p>4. Warunki udzia\u0142u:&nbsp;<\/p>\n\n\n\n<p>a) konkurs ma charakter indywidualny i&nbsp;adresowany jest do dzieci i&nbsp;m\u0142odzie\u017cy szk\u00f3\u0142 podstawowych i&nbsp;ponadpodstawowych z&nbsp;Gminy Kcynia;<br>b) praca plastyczna powinna by\u0107 wykonana technik\u0105 p\u0142ask\u0105 (np. malarstwo, rysunek, grafika, techniki mieszane, kola\u017c, itp.) na&nbsp;karcie w&nbsp;formacie A4 lub&nbsp;A3;<br>c) do pracy nale\u017cy do\u0142\u0105czy\u0107 metryczk\u0119 (tj. praca musi by\u0107 opisana na&nbsp;odwrocie &#8211; imi\u0119, nazwisko, wiek, szko\u0142a ) oraz&nbsp;o\u015bwiadczenie rodzic\u00f3w lub&nbsp;opiekun\u00f3w prawnych dziecka i&nbsp;dostarczy\u0107 wraz z&nbsp;prac\u0105 na&nbsp;adres organizatora (formularz \u2013 za\u0142\u0105cznik do regulaminu).<\/p>\n\n\n\n<p>5. Kryteria oceny prac:<br>&#8211; Zgodno\u015b\u0107 prac z&nbsp;tematem konkursu<br>&#8211; Samodzielno\u015b\u0107<br>&#8211; Kreatywno\u015b\u0107<br>6. &nbsp;Nagrody: rzeczowe. &nbsp;Organizator przewiduje nagrodzenie po 3 laureat\u00f3w w&nbsp;ka\u017cdej kategorii. Organizator przewiduje tak\u017ce wyr\u00f3\u017cnienia.<\/p>\n\n\n\n<p>7. &nbsp;Miejsce sk\u0142adania prac: Urz\u0105d Miejski w&nbsp;Kcyni, ul. Rynek 23, 89-240 Kcynia.&nbsp;<\/p>\n\n\n\n<p>8. Termin sk\u0142adania prac mija: 8 maja 2024 r.&nbsp;<\/p>\n\n\n\n<p>9. Oceny prac dokona jury powo\u0142ane przez organizatora. Wyniki konkursu zostan\u0105 opublikowane na&nbsp;stronie internetowej www.kcynia.pl<\/p>\n\n\n\n<p>10. &nbsp;Termin wr\u0119czenia nagr\u00f3d \u2013 20 maja 2024 r.&nbsp;<\/p>\n\n\n\n<p>11. Udzia\u0142 w&nbsp;konkursie jest jednoznaczny z&nbsp;nieodp\u0142atnym udzieleniem praw autorskich na&nbsp;polach eksploatacji okre\u015blonych w&nbsp;art. 50 ustawy z&nbsp;dnia 4 lutego 1994 r. o&nbsp;prawie autorskim i&nbsp;prawach pokrewnych, a&nbsp;w szczeg\u00f3lno\u015bci na&nbsp;nast\u0119puj\u0105cych polach eksploatacji:<\/p>\n\n\n\n<p>a) trwa\u0142ego lub&nbsp;czasowego utrwalania i&nbsp;zwielokrotniania Utworu w&nbsp;ca\u0142o\u015bci lub&nbsp;cz\u0119\u015bci jakimikolwiek \u015brodkami w&nbsp;jakiejkolwiek formie, w&nbsp;tym zwielokrotnienia technik\u0105 kserograficzn\u0105, cyfrow\u0105 lub&nbsp;drukarsk\u0105;<br>b) obrotu egzemplarzami, na&nbsp;kt\u00f3rych utw\u00f3r utrwalono, w&nbsp;tym \u2013 wprowadzenie do obrotu &nbsp;w tym przy u\u017cyciu Internetu;<br>c) rozpowszechniania Utworu lub&nbsp;jego kopii, w&nbsp;tym jego publiczne wystawienie, a&nbsp;tak\u017ce publiczne udost\u0119pnienie Utworu w&nbsp;taki spos\u00f3b, aby ka\u017cdy m\u00f3g\u0142 mie\u0107 do niego dost\u0119p w&nbsp;miejscu i&nbsp;w czasie przez siebie wybranym, w&nbsp;tym udost\u0119pnienie w&nbsp;Internecie, w&nbsp;ramach dowolnych stron internetowych oraz&nbsp;jakichkolwiek serwis\u00f3w odp\u0142atnych lub&nbsp;nieodp\u0142atnych;<br>d) wprowadzania do pami\u0119ci komputera;<br>e) wykorzystania Utwor\u00f3w, jak r\u00f3wnie\u017c ich fragment\u00f3w, do cel\u00f3w promocyjnych i&nbsp;reklamy.<\/p>\n\n\n\n<p>12. Informacje w&nbsp;sprawie konkursu \u2013 Anna Duda-Nowicka, tel. 52 589 37 20 wew. 115, e-mail:&nbsp;<a href=\"mailto:promocja@kcynia.pl\">promocja@kcynia.pl<\/a>&nbsp;<\/p>\n\n\n\n<figure class=\"wp-block-image\"><img decoding=\"async\" src=\"https:\/\/kcynia.pl\/files\/image\/Grudzie%C5%84_2023\/Plakat_konkurs_plastyczny.png\" alt=\"plakat\"\/><\/figure>\n\n\n\n<figure class=\"wp-block-image\"><img decoding=\"async\" src=\"https:\/\/kcynia.pl\/files\/image\/Grudzie%C5%84_2023\/Plakat_20_maja.png\" alt=\"Plakat\"\/><\/figure>\n","protected":false},"excerpt":{"rendered":"<p>Podajemy poni\u017cej informacje ze strony: kcynia.pl: 20 maja w&nbsp;Kcyni odb\u0119d\u0105 si\u0119&nbsp;Wojew\u00f3dzkie Obchody&nbsp; 80. rocznicy bitwy pod Monte Cassino. Cz\u0119\u015bci\u0105 obchod\u00f3w jest og\u0142aszany w\u0142a\u015bnie&nbsp;konkurs plastyczny dla dzieci i&nbsp;m\u0142odzie\u017cy z&nbsp;Gminy Kcynia. Szczeg\u00f3\u0142y dotycz\u0105ce konkursu w&nbsp;regulaminie poni\u017cej.&nbsp; W programie kcy\u0144skich uroczysto\u015bci 20 maja znalaz\u0142y si\u0119 m.in. z\u0142o\u017cenie kwiat\u00f3w na&nbsp;grobie uczestnika bitwy, tematyczne wyk\u0142ady &#8211; dr. S\u0142awomira \u0141ankieckiego i&nbsp;dr.&hellip; <a class=\"continue\" href=\"https:\/\/mycielewo.pl\/?p=48305\">Kontynuuj czytanie<span> Wojew\u00f3dzkie Obchody\u00a0 80. rocznicy bitwy pod Monte Cassino<\/span><\/a><\/p>\n","protected":false},"author":4,"featured_media":0,"comment_status":"open","ping_status":"open","sticky":false,"template":"","format":"standard","meta":{"footnotes":""},"categories":[1],"tags":[],"class_list":["post-48305","post","type-post","status-publish","format-standard","hentry","category-bez-kategorii"],"_links":{"self":[{"href":"https:\/\/mycielewo.pl\/index.php?rest_route=\/wp\/v2\/posts\/48305","targetHints":{"allow":["GET"]}}],"collection":[{"href":"https:\/\/mycielewo.pl\/index.php?rest_route=\/wp\/v2\/posts"}],"about":[{"href":"https:\/\/mycielewo.pl\/index.php?rest_route=\/wp\/v2\/types\/post"}],"author":[{"embeddable":true,"href":"https:\/\/mycielewo.pl\/index.php?rest_route=\/wp\/v2\/users\/4"}],"replies":[{"embeddable":true,"href":"https:\/\/mycielewo.pl\/index.php?rest_route=%2Fwp%2Fv2%2Fcomments&post=48305"}],"version-history":[{"count":1,"href":"https:\/\/mycielewo.pl\/index.php?rest_route=\/wp\/v2\/posts\/48305\/revisions"}],"predecessor-version":[{"id":48306,"href":"https:\/\/mycielewo.pl\/index.php?rest_route=\/wp\/v2\/posts\/48305\/revisions\/48306"}],"wp:attachment":[{"href":"https:\/\/mycielewo.pl\/index.php?rest_route=%2Fwp%2Fv2%2Fmedia&parent=48305"}],"wp:term":[{"taxonomy":"category","embeddable":true,"href":"https:\/\/mycielewo.pl\/index.php?rest_route=%2Fwp%2Fv2%2Fcategories&post=48305"},{"taxonomy":"post_tag","embeddable":true,"href":"https:\/\/mycielewo.pl\/index.php?rest_route=%2Fwp%2Fv2%2Ftags&post=48305"}],"curies":[{"name":"wp","href":"https:\/\/api.w.org\/{rel}","templated":true}]}}