{"id":48278,"date":"2024-04-08T13:50:03","date_gmt":"2024-04-08T13:50:03","guid":{"rendered":"https:\/\/mycielewo.pl\/?p=48278"},"modified":"2024-04-08T13:50:05","modified_gmt":"2024-04-08T13:50:05","slug":"miedzyszkolny-konkurs-literacki-list-do-przyjaciela","status":"publish","type":"post","link":"https:\/\/mycielewo.pl\/?p=48278","title":{"rendered":"Mi\u0119dzyszkolny Konkurs Literacki \u201eList do przyjaciela\u201d."},"content":{"rendered":"\n<p>Alan Hak ucze\u0144 klasy VI Szko\u0142y Podstawowej w Mycielewie zaj\u0105\u0142 III miejsce! Jeste\u015bmy dumni!<\/p>\n\n\n\n<p>Wi\u0119cej na:<\/p>\n\n\n\n<p><a href=\"https:\/\/www.facebook.com\/share\/p\/CDWVfgrhZdBHairp\">https:\/\/www.facebook.com\/share\/p\/CDWVfgrhZdBHairp<\/a><\/p>\n\n\n\n<figure class=\"wp-block-gallery has-nested-images columns-default is-cropped wp-block-gallery-2 is-layout-flex wp-block-gallery-is-layout-flex\">\n<figure class=\"wp-block-image size-full\"><a href=\"https:\/\/mycielewo.pl\/wp-content\/uploads\/2024\/04\/images001.jpg\"><img loading=\"lazy\" decoding=\"async\" width=\"1590\" height=\"1152\" data-id=\"48280\" src=\"https:\/\/mycielewo.pl\/wp-content\/uploads\/2024\/04\/images001.jpg\" alt=\"\" class=\"wp-image-48280\" srcset=\"https:\/\/mycielewo.pl\/wp-content\/uploads\/2024\/04\/images001.jpg 1590w, https:\/\/mycielewo.pl\/wp-content\/uploads\/2024\/04\/images001-768x556.jpg 768w, https:\/\/mycielewo.pl\/wp-content\/uploads\/2024\/04\/images001-1536x1113.jpg 1536w\" sizes=\"auto, (max-width: 1590px) 100vw, 1590px\" \/><\/a><\/figure>\n\n\n\n<figure class=\"wp-block-image size-full\"><a href=\"https:\/\/mycielewo.pl\/wp-content\/uploads\/2024\/04\/images002.jpg\"><img loading=\"lazy\" decoding=\"async\" width=\"1152\" height=\"2048\" data-id=\"48279\" src=\"https:\/\/mycielewo.pl\/wp-content\/uploads\/2024\/04\/images002.jpg\" alt=\"\" class=\"wp-image-48279\" srcset=\"https:\/\/mycielewo.pl\/wp-content\/uploads\/2024\/04\/images002.jpg 1152w, https:\/\/mycielewo.pl\/wp-content\/uploads\/2024\/04\/images002-768x1365.jpg 768w, https:\/\/mycielewo.pl\/wp-content\/uploads\/2024\/04\/images002-864x1536.jpg 864w\" sizes=\"auto, (max-width: 1152px) 100vw, 1152px\" \/><\/a><\/figure>\n\n\n\n<figure class=\"wp-block-image size-full\"><a href=\"https:\/\/mycielewo.pl\/wp-content\/uploads\/2024\/04\/images003.jpg\"><img loading=\"lazy\" decoding=\"async\" width=\"1195\" height=\"1406\" data-id=\"48281\" src=\"https:\/\/mycielewo.pl\/wp-content\/uploads\/2024\/04\/images003.jpg\" alt=\"\" class=\"wp-image-48281\" srcset=\"https:\/\/mycielewo.pl\/wp-content\/uploads\/2024\/04\/images003.jpg 1195w, https:\/\/mycielewo.pl\/wp-content\/uploads\/2024\/04\/images003-768x904.jpg 768w\" sizes=\"auto, (max-width: 1195px) 100vw, 1195px\" \/><\/a><\/figure>\n<\/figure>\n","protected":false},"excerpt":{"rendered":"<p>Alan Hak ucze\u0144 klasy VI Szko\u0142y Podstawowej w Mycielewie zaj\u0105\u0142 III miejsce! Jeste\u015bmy dumni! Wi\u0119cej na: https:\/\/www.facebook.com\/share\/p\/CDWVfgrhZdBHairp<\/p>\n","protected":false},"author":1,"featured_media":0,"comment_status":"open","ping_status":"open","sticky":false,"template":"","format":"standard","meta":{"footnotes":""},"categories":[1],"tags":[],"class_list":["post-48278","post","type-post","status-publish","format-standard","hentry","category-bez-kategorii"],"_links":{"self":[{"href":"https:\/\/mycielewo.pl\/index.php?rest_route=\/wp\/v2\/posts\/48278","targetHints":{"allow":["GET"]}}],"collection":[{"href":"https:\/\/mycielewo.pl\/index.php?rest_route=\/wp\/v2\/posts"}],"about":[{"href":"https:\/\/mycielewo.pl\/index.php?rest_route=\/wp\/v2\/types\/post"}],"author":[{"embeddable":true,"href":"https:\/\/mycielewo.pl\/index.php?rest_route=\/wp\/v2\/users\/1"}],"replies":[{"embeddable":true,"href":"https:\/\/mycielewo.pl\/index.php?rest_route=%2Fwp%2Fv2%2Fcomments&post=48278"}],"version-history":[{"count":1,"href":"https:\/\/mycielewo.pl\/index.php?rest_route=\/wp\/v2\/posts\/48278\/revisions"}],"predecessor-version":[{"id":48282,"href":"https:\/\/mycielewo.pl\/index.php?rest_route=\/wp\/v2\/posts\/48278\/revisions\/48282"}],"wp:attachment":[{"href":"https:\/\/mycielewo.pl\/index.php?rest_route=%2Fwp%2Fv2%2Fmedia&parent=48278"}],"wp:term":[{"taxonomy":"category","embeddable":true,"href":"https:\/\/mycielewo.pl\/index.php?rest_route=%2Fwp%2Fv2%2Fcategories&post=48278"},{"taxonomy":"post_tag","embeddable":true,"href":"https:\/\/mycielewo.pl\/index.php?rest_route=%2Fwp%2Fv2%2Ftags&post=48278"}],"curies":[{"name":"wp","href":"https:\/\/api.w.org\/{rel}","templated":true}]}}