{"id":48253,"date":"2024-04-08T08:58:17","date_gmt":"2024-04-08T08:58:17","guid":{"rendered":"https:\/\/mycielewo.pl\/?p=48253"},"modified":"2024-04-08T08:58:18","modified_gmt":"2024-04-08T08:58:18","slug":"swiatowy-dzien-swiadomosci-autyzmu","status":"publish","type":"post","link":"https:\/\/mycielewo.pl\/?p=48253","title":{"rendered":"\u015aWIATOWY DZIE\u0143 SWIADOMO\u015aCI AUTYZMU"},"content":{"rendered":"\n<p><strong>W czwartek 4 kwietnia\u00a02024 r. obchodzili\u015bmy \u015awiatowy Dzie\u0144 \u015awiadomo\u015bci Autyzmu, kt\u00f3ry zosta\u0142 ustanowiony przez ONZ. G\u0142\u00f3wnym przes\u0142aniem tego dnia jest podnoszenie \u015bwiadomo\u015bci spo\u0142ecznej na temat spektrum autyzmu, za\u015b motywem obchod\u00f3w jest kolor niebieski.<\/strong><\/p>\n\n\n\n<p>Z tej okazji zosta\u0142 zorganizowany konkurs mi\u0119dzyklasowy z wiadomo\u015bci o Autyzmie i \u00a0Zespole Downa, a nagrod\u0105 by\u0142 s\u0142odki upominek. Uczniowie z werw\u0105 przyst\u0105pili do napisania quizu oraz krzy\u017c\u00f3wki, podczas konkursu towarzyszy\u0142y wielkie emocje. Nad prawid\u0142owym przebiegiem spotkania czuwa\u0142y panie: <strong>Marta Bernas, Agnieszka Chojnacka<\/strong>.<\/p>\n\n\n\n<p>Klasa V otrzyma\u0142a najwi\u0119ksz\u0105 ilo\u015b\u0107 punkt\u00f3w i tym samym&nbsp; zaj\u0119\u0142a I miejsce, klasa VI uplasowa\u0142a si\u0119 na II miejscu, natomiast&nbsp; klasa IV zaj\u0119\u0142a III miejsce. Gratulujemy i&nbsp; wszystkim uczniom dzi\u0119kujemy za zaanga\u017cowanie. &nbsp;<\/p>\n\n\n\n<p class=\"has-text-align-right\"><em>Zesp\u00f3\u0142 do Spraw Profilaktyki, Samorz\u0105d Uczniowski<\/em><\/p>\n\n\n\n<figure class=\"wp-block-gallery has-nested-images columns-8 is-cropped wp-block-gallery-2 is-layout-flex wp-block-gallery-is-layout-flex\">\n<figure class=\"wp-block-image size-full\"><a href=\"https:\/\/mycielewo.pl\/wp-content\/uploads\/2024\/04\/image001-2.jpg\"><img loading=\"lazy\" decoding=\"async\" width=\"563\" height=\"1000\" data-id=\"48255\" src=\"https:\/\/mycielewo.pl\/wp-content\/uploads\/2024\/04\/image001-2.jpg\" alt=\"\" class=\"wp-image-48255\"\/><\/a><\/figure>\n\n\n\n<figure class=\"wp-block-image size-full\"><a href=\"https:\/\/mycielewo.pl\/wp-content\/uploads\/2024\/04\/image002-2.jpg\"><img loading=\"lazy\" decoding=\"async\" width=\"563\" height=\"1000\" data-id=\"48254\" src=\"https:\/\/mycielewo.pl\/wp-content\/uploads\/2024\/04\/image002-2.jpg\" alt=\"\" class=\"wp-image-48254\"\/><\/a><\/figure>\n\n\n\n<figure class=\"wp-block-image size-full\"><a href=\"https:\/\/mycielewo.pl\/wp-content\/uploads\/2024\/04\/image003-2.jpg\"><img loading=\"lazy\" decoding=\"async\" width=\"563\" height=\"1000\" data-id=\"48256\" src=\"https:\/\/mycielewo.pl\/wp-content\/uploads\/2024\/04\/image003-2.jpg\" alt=\"\" class=\"wp-image-48256\"\/><\/a><\/figure>\n\n\n\n<figure class=\"wp-block-image size-full\"><a href=\"https:\/\/mycielewo.pl\/wp-content\/uploads\/2024\/04\/image004-2.jpg\"><img loading=\"lazy\" decoding=\"async\" width=\"563\" height=\"1000\" data-id=\"48258\" src=\"https:\/\/mycielewo.pl\/wp-content\/uploads\/2024\/04\/image004-2.jpg\" alt=\"\" class=\"wp-image-48258\"\/><\/a><\/figure>\n\n\n\n<figure class=\"wp-block-image size-full\"><a href=\"https:\/\/mycielewo.pl\/wp-content\/uploads\/2024\/04\/image005-2.jpg\"><img loading=\"lazy\" decoding=\"async\" width=\"563\" height=\"1000\" data-id=\"48260\" src=\"https:\/\/mycielewo.pl\/wp-content\/uploads\/2024\/04\/image005-2.jpg\" alt=\"\" class=\"wp-image-48260\"\/><\/a><\/figure>\n\n\n\n<figure class=\"wp-block-image size-full\"><a href=\"https:\/\/mycielewo.pl\/wp-content\/uploads\/2024\/04\/image006-2.jpg\"><img loading=\"lazy\" decoding=\"async\" width=\"563\" height=\"1000\" data-id=\"48265\" src=\"https:\/\/mycielewo.pl\/wp-content\/uploads\/2024\/04\/image006-2.jpg\" alt=\"\" class=\"wp-image-48265\"\/><\/a><\/figure>\n\n\n\n<figure class=\"wp-block-image size-full\"><a href=\"https:\/\/mycielewo.pl\/wp-content\/uploads\/2024\/04\/image007-2.jpg\"><img loading=\"lazy\" decoding=\"async\" width=\"563\" height=\"1000\" data-id=\"48257\" src=\"https:\/\/mycielewo.pl\/wp-content\/uploads\/2024\/04\/image007-2.jpg\" alt=\"\" class=\"wp-image-48257\"\/><\/a><\/figure>\n\n\n\n<figure class=\"wp-block-image size-full\"><a href=\"https:\/\/mycielewo.pl\/wp-content\/uploads\/2024\/04\/image008-2.jpg\"><img loading=\"lazy\" decoding=\"async\" width=\"563\" height=\"1000\" data-id=\"48259\" src=\"https:\/\/mycielewo.pl\/wp-content\/uploads\/2024\/04\/image008-2.jpg\" alt=\"\" class=\"wp-image-48259\"\/><\/a><\/figure>\n\n\n\n<figure class=\"wp-block-image size-full\"><a href=\"https:\/\/mycielewo.pl\/wp-content\/uploads\/2024\/04\/image009-2.jpg\"><img loading=\"lazy\" decoding=\"async\" width=\"563\" height=\"1000\" data-id=\"48261\" src=\"https:\/\/mycielewo.pl\/wp-content\/uploads\/2024\/04\/image009-2.jpg\" alt=\"\" class=\"wp-image-48261\"\/><\/a><\/figure>\n\n\n\n<figure class=\"wp-block-image size-full\"><a href=\"https:\/\/mycielewo.pl\/wp-content\/uploads\/2024\/04\/image010-1.jpg\"><img loading=\"lazy\" decoding=\"async\" width=\"563\" height=\"1000\" data-id=\"48262\" src=\"https:\/\/mycielewo.pl\/wp-content\/uploads\/2024\/04\/image010-1.jpg\" alt=\"\" class=\"wp-image-48262\"\/><\/a><\/figure>\n\n\n\n<figure class=\"wp-block-image size-full\"><a href=\"https:\/\/mycielewo.pl\/wp-content\/uploads\/2024\/04\/image011-1.jpg\"><img loading=\"lazy\" decoding=\"async\" width=\"563\" height=\"1000\" data-id=\"48263\" src=\"https:\/\/mycielewo.pl\/wp-content\/uploads\/2024\/04\/image011-1.jpg\" alt=\"\" class=\"wp-image-48263\"\/><\/a><\/figure>\n\n\n\n<figure class=\"wp-block-image size-full\"><a href=\"https:\/\/mycielewo.pl\/wp-content\/uploads\/2024\/04\/image012-1.jpg\"><img loading=\"lazy\" decoding=\"async\" width=\"563\" height=\"1000\" data-id=\"48264\" src=\"https:\/\/mycielewo.pl\/wp-content\/uploads\/2024\/04\/image012-1.jpg\" alt=\"\" class=\"wp-image-48264\"\/><\/a><\/figure>\n\n\n\n<figure class=\"wp-block-image size-full\"><a href=\"https:\/\/mycielewo.pl\/wp-content\/uploads\/2024\/04\/image013-1.jpg\"><img loading=\"lazy\" decoding=\"async\" width=\"563\" height=\"1000\" data-id=\"48266\" src=\"https:\/\/mycielewo.pl\/wp-content\/uploads\/2024\/04\/image013-1.jpg\" alt=\"\" class=\"wp-image-48266\"\/><\/a><\/figure>\n\n\n\n<figure class=\"wp-block-image size-full\"><a href=\"https:\/\/mycielewo.pl\/wp-content\/uploads\/2024\/04\/image014-1.jpg\"><img loading=\"lazy\" decoding=\"async\" width=\"563\" height=\"1000\" data-id=\"48267\" src=\"https:\/\/mycielewo.pl\/wp-content\/uploads\/2024\/04\/image014-1.jpg\" alt=\"\" class=\"wp-image-48267\"\/><\/a><\/figure>\n\n\n\n<figure class=\"wp-block-image size-full\"><a href=\"https:\/\/mycielewo.pl\/wp-content\/uploads\/2024\/04\/image015-1.jpg\"><img loading=\"lazy\" decoding=\"async\" width=\"563\" height=\"1000\" data-id=\"48268\" src=\"https:\/\/mycielewo.pl\/wp-content\/uploads\/2024\/04\/image015-1.jpg\" alt=\"\" class=\"wp-image-48268\"\/><\/a><\/figure>\n\n\n\n<figure class=\"wp-block-image size-full\"><a href=\"https:\/\/mycielewo.pl\/wp-content\/uploads\/2024\/04\/image016-1.jpg\"><img loading=\"lazy\" decoding=\"async\" width=\"563\" height=\"1000\" data-id=\"48269\" src=\"https:\/\/mycielewo.pl\/wp-content\/uploads\/2024\/04\/image016-1.jpg\" alt=\"\" class=\"wp-image-48269\"\/><\/a><\/figure>\n\n\n\n<figure class=\"wp-block-image size-full\"><a href=\"https:\/\/mycielewo.pl\/wp-content\/uploads\/2024\/04\/image017-1.jpg\"><img loading=\"lazy\" decoding=\"async\" width=\"563\" height=\"1000\" data-id=\"48270\" src=\"https:\/\/mycielewo.pl\/wp-content\/uploads\/2024\/04\/image017-1.jpg\" alt=\"\" class=\"wp-image-48270\"\/><\/a><\/figure>\n\n\n\n<figure class=\"wp-block-image size-full\"><a href=\"https:\/\/mycielewo.pl\/wp-content\/uploads\/2024\/04\/image018-1.jpg\"><img loading=\"lazy\" decoding=\"async\" width=\"563\" height=\"1000\" data-id=\"48271\" src=\"https:\/\/mycielewo.pl\/wp-content\/uploads\/2024\/04\/image018-1.jpg\" alt=\"\" class=\"wp-image-48271\"\/><\/a><\/figure>\n\n\n\n<figure class=\"wp-block-image size-full\"><a href=\"https:\/\/mycielewo.pl\/wp-content\/uploads\/2024\/04\/image019-1.jpg\"><img loading=\"lazy\" decoding=\"async\" width=\"563\" height=\"1000\" data-id=\"48272\" src=\"https:\/\/mycielewo.pl\/wp-content\/uploads\/2024\/04\/image019-1.jpg\" alt=\"\" class=\"wp-image-48272\"\/><\/a><\/figure>\n\n\n\n<figure class=\"wp-block-image size-full\"><a href=\"https:\/\/mycielewo.pl\/wp-content\/uploads\/2024\/04\/image020-1.jpg\"><img loading=\"lazy\" decoding=\"async\" width=\"563\" height=\"1000\" data-id=\"48273\" src=\"https:\/\/mycielewo.pl\/wp-content\/uploads\/2024\/04\/image020-1.jpg\" alt=\"\" class=\"wp-image-48273\"\/><\/a><\/figure>\n\n\n\n<figure class=\"wp-block-image size-full\"><a href=\"https:\/\/mycielewo.pl\/wp-content\/uploads\/2024\/04\/image021-1.jpg\"><img loading=\"lazy\" decoding=\"async\" width=\"563\" height=\"1000\" data-id=\"48274\" src=\"https:\/\/mycielewo.pl\/wp-content\/uploads\/2024\/04\/image021-1.jpg\" alt=\"\" class=\"wp-image-48274\"\/><\/a><\/figure>\n<\/figure>\n","protected":false},"excerpt":{"rendered":"<p>W czwartek 4 kwietnia\u00a02024 r. obchodzili\u015bmy \u015awiatowy Dzie\u0144 \u015awiadomo\u015bci Autyzmu, kt\u00f3ry zosta\u0142 ustanowiony przez ONZ. G\u0142\u00f3wnym przes\u0142aniem tego dnia jest podnoszenie \u015bwiadomo\u015bci spo\u0142ecznej na temat spektrum autyzmu, za\u015b motywem obchod\u00f3w jest kolor niebieski. Z tej okazji zosta\u0142 zorganizowany konkurs mi\u0119dzyklasowy z wiadomo\u015bci o Autyzmie i \u00a0Zespole Downa, a nagrod\u0105 by\u0142 s\u0142odki upominek. Uczniowie z werw\u0105&hellip; <a class=\"continue\" href=\"https:\/\/mycielewo.pl\/?p=48253\">Kontynuuj czytanie<span> \u015aWIATOWY DZIE\u0143 SWIADOMO\u015aCI AUTYZMU<\/span><\/a><\/p>\n","protected":false},"author":1,"featured_media":0,"comment_status":"open","ping_status":"open","sticky":false,"template":"","format":"standard","meta":{"footnotes":""},"categories":[1],"tags":[],"class_list":["post-48253","post","type-post","status-publish","format-standard","hentry","category-bez-kategorii"],"_links":{"self":[{"href":"https:\/\/mycielewo.pl\/index.php?rest_route=\/wp\/v2\/posts\/48253","targetHints":{"allow":["GET"]}}],"collection":[{"href":"https:\/\/mycielewo.pl\/index.php?rest_route=\/wp\/v2\/posts"}],"about":[{"href":"https:\/\/mycielewo.pl\/index.php?rest_route=\/wp\/v2\/types\/post"}],"author":[{"embeddable":true,"href":"https:\/\/mycielewo.pl\/index.php?rest_route=\/wp\/v2\/users\/1"}],"replies":[{"embeddable":true,"href":"https:\/\/mycielewo.pl\/index.php?rest_route=%2Fwp%2Fv2%2Fcomments&post=48253"}],"version-history":[{"count":1,"href":"https:\/\/mycielewo.pl\/index.php?rest_route=\/wp\/v2\/posts\/48253\/revisions"}],"predecessor-version":[{"id":48275,"href":"https:\/\/mycielewo.pl\/index.php?rest_route=\/wp\/v2\/posts\/48253\/revisions\/48275"}],"wp:attachment":[{"href":"https:\/\/mycielewo.pl\/index.php?rest_route=%2Fwp%2Fv2%2Fmedia&parent=48253"}],"wp:term":[{"taxonomy":"category","embeddable":true,"href":"https:\/\/mycielewo.pl\/index.php?rest_route=%2Fwp%2Fv2%2Fcategories&post=48253"},{"taxonomy":"post_tag","embeddable":true,"href":"https:\/\/mycielewo.pl\/index.php?rest_route=%2Fwp%2Fv2%2Ftags&post=48253"}],"curies":[{"name":"wp","href":"https:\/\/api.w.org\/{rel}","templated":true}]}}