{"id":48166,"date":"2024-03-27T08:00:00","date_gmt":"2024-03-27T08:00:00","guid":{"rendered":"https:\/\/mycielewo.pl\/?p=48166"},"modified":"2024-04-03T10:52:58","modified_gmt":"2024-04-03T10:52:58","slug":"ii-miejsce-mycielewa-w-memoriale-tomasza-naroznego-w-pilce-recznej-chlopcow","status":"publish","type":"post","link":"https:\/\/mycielewo.pl\/?p=48166","title":{"rendered":"II miejsce Mycielewa w Memoriale Tomasza Naro\u017cnego w Pi\u0142ce R\u0119cznej Ch\u0142opc\u00f3w"},"content":{"rendered":"\n<p><strong>26 marca 2024 r. w Zespole Szk\u00f3\u0142 Technicznych w Kcyni odby\u0142 si\u0119&nbsp;Memoria\u0142 Tomasza Naro\u017cnego w Pi\u0142ce R\u0119cznej Ch\u0142opc\u00f3w.&nbsp;<\/strong><\/p>\n\n\n\n<p>Do rywalizacji przyst\u0105pi\u0142o 5 zespo\u0142\u00f3w. Grano systemem ka\u017cdy z ka\u017cdym, czas trwania spotkania 12 min.&nbsp; Zawodnicy z Mycielewa zwyci\u0119\u017cyli z przeciwnikami z SP Dziewierzewo, SP Kcynia, ZST Kcynia 2. Jedyna pora\u017cka to spotkanie z dru\u017cyn\u0105 ZST Kcynia 1.&nbsp;<\/p>\n\n\n\n<p>Najlepszym zawodnikiem turnieju zosta\u0142 <strong>Oliwier Lewandowski<\/strong>, kt\u00f3ry nietypowo zamiast w bramce zagra\u0142 na \u015brodku rozegrania.&nbsp; Pomi\u0119dzy s\u0142upkami dzielnie zast\u0105pi\u0142 go <strong>Remigiusz Senska<\/strong>.&nbsp;<\/p>\n\n\n\n<p>Zagrali\u015bmy bez kontuzjowanego <strong>Mateusza Przybylskiego<\/strong> oraz nieobecnego <strong>Jakuba Pazderskiego<\/strong>.&nbsp;<\/p>\n\n\n\n<p>Dru\u017cyna SP Mycielewo: Oliwier Lewandowski &#8211; kapitan i rozegranie, Remigiusz Senska &#8211; bramkarz, Remigiusz Socha &#8211; ko\u0142owy, Franciszek Strzy\u017cewski &#8211; rozegranie, Wojciech Manikowski &#8211; rozegranie, Wiktor Walczewski &#8211; skrzyd\u0142owy, Klaudiusz Walczewski &#8211; skrzyd\u0142owy, Hubert Obszy\u0144ski &#8211; skrzyd\u0142owy.\u00a0Opiekun: A. Kulczy\u0144ski.<\/p>\n\n\n\n<p class=\"has-text-align-right\"><em>Tekst i foto Andrzej Kulczy\u0144ski<\/em><\/p>\n\n\n\n<figure class=\"wp-block-gallery has-nested-images columns-5 is-cropped wp-block-gallery-2 is-layout-flex wp-block-gallery-is-layout-flex\">\n<figure class=\"wp-block-image size-large\"><a href=\"https:\/\/mycielewo.pl\/wp-content\/uploads\/2024\/04\/image001.jpg\"><img loading=\"lazy\" decoding=\"async\" width=\"1200\" height=\"675\" data-id=\"48171\" src=\"https:\/\/mycielewo.pl\/wp-content\/uploads\/2024\/04\/image001-1200x675.jpg\" alt=\"\" class=\"wp-image-48171\" srcset=\"https:\/\/mycielewo.pl\/wp-content\/uploads\/2024\/04\/image001-1200x675.jpg 1200w, https:\/\/mycielewo.pl\/wp-content\/uploads\/2024\/04\/image001-850x478.jpg 850w, https:\/\/mycielewo.pl\/wp-content\/uploads\/2024\/04\/image001-250x141.jpg 250w\" sizes=\"auto, (max-width: 1200px) 100vw, 1200px\" \/><\/a><\/figure>\n\n\n\n<figure class=\"wp-block-image size-large\"><a href=\"https:\/\/mycielewo.pl\/wp-content\/uploads\/2024\/04\/image002.jpg\"><img loading=\"lazy\" decoding=\"async\" width=\"1200\" height=\"675\" data-id=\"48168\" src=\"https:\/\/mycielewo.pl\/wp-content\/uploads\/2024\/04\/image002-1200x675.jpg\" alt=\"\" class=\"wp-image-48168\" srcset=\"https:\/\/mycielewo.pl\/wp-content\/uploads\/2024\/04\/image002-1200x675.jpg 1200w, https:\/\/mycielewo.pl\/wp-content\/uploads\/2024\/04\/image002-850x478.jpg 850w, https:\/\/mycielewo.pl\/wp-content\/uploads\/2024\/04\/image002-250x141.jpg 250w\" sizes=\"auto, (max-width: 1200px) 100vw, 1200px\" \/><\/a><\/figure>\n\n\n\n<figure class=\"wp-block-image size-large\"><a href=\"https:\/\/mycielewo.pl\/wp-content\/uploads\/2024\/04\/image003.jpg\"><img loading=\"lazy\" decoding=\"async\" width=\"1200\" height=\"675\" data-id=\"48173\" src=\"https:\/\/mycielewo.pl\/wp-content\/uploads\/2024\/04\/image003-1200x675.jpg\" alt=\"\" class=\"wp-image-48173\" srcset=\"https:\/\/mycielewo.pl\/wp-content\/uploads\/2024\/04\/image003-1200x675.jpg 1200w, https:\/\/mycielewo.pl\/wp-content\/uploads\/2024\/04\/image003-850x478.jpg 850w, https:\/\/mycielewo.pl\/wp-content\/uploads\/2024\/04\/image003-250x141.jpg 250w\" sizes=\"auto, (max-width: 1200px) 100vw, 1200px\" \/><\/a><\/figure>\n\n\n\n<figure class=\"wp-block-image size-large\"><a href=\"https:\/\/mycielewo.pl\/wp-content\/uploads\/2024\/04\/image004.jpg\"><img loading=\"lazy\" decoding=\"async\" width=\"1200\" height=\"675\" data-id=\"48169\" src=\"https:\/\/mycielewo.pl\/wp-content\/uploads\/2024\/04\/image004-1200x675.jpg\" alt=\"\" class=\"wp-image-48169\" srcset=\"https:\/\/mycielewo.pl\/wp-content\/uploads\/2024\/04\/image004-1200x675.jpg 1200w, https:\/\/mycielewo.pl\/wp-content\/uploads\/2024\/04\/image004-850x478.jpg 850w, https:\/\/mycielewo.pl\/wp-content\/uploads\/2024\/04\/image004-250x141.jpg 250w\" sizes=\"auto, (max-width: 1200px) 100vw, 1200px\" \/><\/a><\/figure>\n\n\n\n<figure class=\"wp-block-image size-large\"><a href=\"https:\/\/mycielewo.pl\/wp-content\/uploads\/2024\/04\/image005.jpg\"><img loading=\"lazy\" decoding=\"async\" width=\"1200\" height=\"675\" data-id=\"48172\" src=\"https:\/\/mycielewo.pl\/wp-content\/uploads\/2024\/04\/image005-1200x675.jpg\" alt=\"\" class=\"wp-image-48172\" srcset=\"https:\/\/mycielewo.pl\/wp-content\/uploads\/2024\/04\/image005-1200x675.jpg 1200w, https:\/\/mycielewo.pl\/wp-content\/uploads\/2024\/04\/image005-850x478.jpg 850w, https:\/\/mycielewo.pl\/wp-content\/uploads\/2024\/04\/image005-250x141.jpg 250w\" sizes=\"auto, (max-width: 1200px) 100vw, 1200px\" \/><\/a><\/figure>\n\n\n\n<figure class=\"wp-block-image size-large\"><a href=\"https:\/\/mycielewo.pl\/wp-content\/uploads\/2024\/04\/image006.jpg\"><img loading=\"lazy\" decoding=\"async\" width=\"1200\" height=\"675\" data-id=\"48170\" src=\"https:\/\/mycielewo.pl\/wp-content\/uploads\/2024\/04\/image006-1200x675.jpg\" alt=\"\" class=\"wp-image-48170\" srcset=\"https:\/\/mycielewo.pl\/wp-content\/uploads\/2024\/04\/image006-1200x675.jpg 1200w, https:\/\/mycielewo.pl\/wp-content\/uploads\/2024\/04\/image006-850x478.jpg 850w, https:\/\/mycielewo.pl\/wp-content\/uploads\/2024\/04\/image006-250x141.jpg 250w\" sizes=\"auto, (max-width: 1200px) 100vw, 1200px\" \/><\/a><\/figure>\n\n\n\n<figure class=\"wp-block-image size-large\"><a href=\"https:\/\/mycielewo.pl\/wp-content\/uploads\/2024\/04\/image007.jpg\"><img loading=\"lazy\" decoding=\"async\" width=\"1200\" height=\"675\" data-id=\"48174\" src=\"https:\/\/mycielewo.pl\/wp-content\/uploads\/2024\/04\/image007-1200x675.jpg\" alt=\"\" class=\"wp-image-48174\" srcset=\"https:\/\/mycielewo.pl\/wp-content\/uploads\/2024\/04\/image007-1200x675.jpg 1200w, https:\/\/mycielewo.pl\/wp-content\/uploads\/2024\/04\/image007-850x478.jpg 850w, https:\/\/mycielewo.pl\/wp-content\/uploads\/2024\/04\/image007-250x141.jpg 250w\" sizes=\"auto, (max-width: 1200px) 100vw, 1200px\" \/><\/a><\/figure>\n\n\n\n<figure class=\"wp-block-image size-large\"><a href=\"https:\/\/mycielewo.pl\/wp-content\/uploads\/2024\/04\/image008.jpg\"><img loading=\"lazy\" decoding=\"async\" width=\"900\" height=\"675\" data-id=\"48175\" src=\"https:\/\/mycielewo.pl\/wp-content\/uploads\/2024\/04\/image008-900x675.jpg\" alt=\"\" class=\"wp-image-48175\"\/><\/a><\/figure>\n\n\n\n<figure class=\"wp-block-image size-large\"><a href=\"https:\/\/mycielewo.pl\/wp-content\/uploads\/2024\/04\/image009.jpg\"><img loading=\"lazy\" decoding=\"async\" width=\"1200\" height=\"675\" data-id=\"48176\" src=\"https:\/\/mycielewo.pl\/wp-content\/uploads\/2024\/04\/image009-1200x675.jpg\" alt=\"\" class=\"wp-image-48176\" srcset=\"https:\/\/mycielewo.pl\/wp-content\/uploads\/2024\/04\/image009-1200x675.jpg 1200w, https:\/\/mycielewo.pl\/wp-content\/uploads\/2024\/04\/image009-850x478.jpg 850w, https:\/\/mycielewo.pl\/wp-content\/uploads\/2024\/04\/image009-250x141.jpg 250w\" sizes=\"auto, (max-width: 1200px) 100vw, 1200px\" \/><\/a><\/figure>\n<\/figure>\n","protected":false},"excerpt":{"rendered":"<p>26 marca 2024 r. w Zespole Szk\u00f3\u0142 Technicznych w Kcyni odby\u0142 si\u0119&nbsp;Memoria\u0142 Tomasza Naro\u017cnego w Pi\u0142ce R\u0119cznej Ch\u0142opc\u00f3w.&nbsp; Do rywalizacji przyst\u0105pi\u0142o 5 zespo\u0142\u00f3w. Grano systemem ka\u017cdy z ka\u017cdym, czas trwania spotkania 12 min.&nbsp; Zawodnicy z Mycielewa zwyci\u0119\u017cyli z przeciwnikami z SP Dziewierzewo, SP Kcynia, ZST Kcynia 2. Jedyna pora\u017cka to spotkanie z dru\u017cyn\u0105 ZST Kcynia&hellip; <a class=\"continue\" href=\"https:\/\/mycielewo.pl\/?p=48166\">Kontynuuj czytanie<span> II miejsce Mycielewa w Memoriale Tomasza Naro\u017cnego w Pi\u0142ce R\u0119cznej Ch\u0142opc\u00f3w<\/span><\/a><\/p>\n","protected":false},"author":1,"featured_media":0,"comment_status":"open","ping_status":"open","sticky":false,"template":"","format":"standard","meta":{"footnotes":""},"categories":[1],"tags":[],"class_list":["post-48166","post","type-post","status-publish","format-standard","hentry","category-bez-kategorii"],"_links":{"self":[{"href":"https:\/\/mycielewo.pl\/index.php?rest_route=\/wp\/v2\/posts\/48166","targetHints":{"allow":["GET"]}}],"collection":[{"href":"https:\/\/mycielewo.pl\/index.php?rest_route=\/wp\/v2\/posts"}],"about":[{"href":"https:\/\/mycielewo.pl\/index.php?rest_route=\/wp\/v2\/types\/post"}],"author":[{"embeddable":true,"href":"https:\/\/mycielewo.pl\/index.php?rest_route=\/wp\/v2\/users\/1"}],"replies":[{"embeddable":true,"href":"https:\/\/mycielewo.pl\/index.php?rest_route=%2Fwp%2Fv2%2Fcomments&post=48166"}],"version-history":[{"count":3,"href":"https:\/\/mycielewo.pl\/index.php?rest_route=\/wp\/v2\/posts\/48166\/revisions"}],"predecessor-version":[{"id":48178,"href":"https:\/\/mycielewo.pl\/index.php?rest_route=\/wp\/v2\/posts\/48166\/revisions\/48178"}],"wp:attachment":[{"href":"https:\/\/mycielewo.pl\/index.php?rest_route=%2Fwp%2Fv2%2Fmedia&parent=48166"}],"wp:term":[{"taxonomy":"category","embeddable":true,"href":"https:\/\/mycielewo.pl\/index.php?rest_route=%2Fwp%2Fv2%2Fcategories&post=48166"},{"taxonomy":"post_tag","embeddable":true,"href":"https:\/\/mycielewo.pl\/index.php?rest_route=%2Fwp%2Fv2%2Ftags&post=48166"}],"curies":[{"name":"wp","href":"https:\/\/api.w.org\/{rel}","templated":true}]}}