{"id":48160,"date":"2024-03-29T09:00:04","date_gmt":"2024-03-29T09:00:04","guid":{"rendered":"https:\/\/mycielewo.pl\/?p=48160"},"modified":"2024-03-29T09:00:05","modified_gmt":"2024-03-29T09:00:05","slug":"trwa-rekrutacja-do-szkoly-podstawowej-w-mycielewie","status":"publish","type":"post","link":"https:\/\/mycielewo.pl\/?p=48160","title":{"rendered":"Trwa rekrutacja do Szko\u0142y Podstawowej w Mycielewie!"},"content":{"rendered":"\n<p>Zapraszamy:<\/p>\n\n\n\n<p>&#8211; 3-4-5 latk\u00f3w<br>&#8211; 6-latk\u00f3w<br>&#8211; pierwszoklasist\u00f3w<\/p>\n\n\n\n<p>Dokumenty do pobrania w sekretariacie szko\u0142y lub na <a href=\"https:\/\/mycielewo.pl\/?page_id=7906&amp;fbclid=IwAR2HTKxGekeetdVYKCVOfzhsF2R9yShbDtf7PBJEMh5lrwRwq_bSLVw4zRY_aem_AU-6wpL5K_fYnHy593naNyVlyntMEVepTBb-1IRJroW0A8Qif3kWWdjzjGDQjBBySqnKuuUo9tuh9JiT0nExIFJf\" target=\"_blank\" rel=\"noreferrer noopener\">https:\/\/mycielewo.pl\/?page_id=7906<\/a><\/p>\n\n\n\n<p><iframe loading=\"lazy\" title=\"Rekrutacja do Szko\u0142y Podstawowej w Mycielewie\" width=\"830\" height=\"467\" src=\"https:\/\/www.youtube.com\/embed\/jPNxXAzz0Kc?feature=oembed\" frameborder=\"0\" allow=\"accelerometer; autoplay; clipboard-write; encrypted-media; gyroscope; picture-in-picture; web-share\" referrerpolicy=\"strict-origin-when-cross-origin\" allowfullscreen><\/iframe><\/p>\n","protected":false},"excerpt":{"rendered":"<p>Zapraszamy: &#8211; 3-4-5 latk\u00f3w&#8211; 6-latk\u00f3w&#8211; pierwszoklasist\u00f3w Dokumenty do pobrania w sekretariacie szko\u0142y lub na https:\/\/mycielewo.pl\/?page_id=7906<\/p>\n","protected":false},"author":1,"featured_media":0,"comment_status":"open","ping_status":"open","sticky":false,"template":"","format":"standard","meta":{"footnotes":""},"categories":[1],"tags":[],"class_list":["post-48160","post","type-post","status-publish","format-standard","hentry","category-bez-kategorii"],"_links":{"self":[{"href":"https:\/\/mycielewo.pl\/index.php?rest_route=\/wp\/v2\/posts\/48160","targetHints":{"allow":["GET"]}}],"collection":[{"href":"https:\/\/mycielewo.pl\/index.php?rest_route=\/wp\/v2\/posts"}],"about":[{"href":"https:\/\/mycielewo.pl\/index.php?rest_route=\/wp\/v2\/types\/post"}],"author":[{"embeddable":true,"href":"https:\/\/mycielewo.pl\/index.php?rest_route=\/wp\/v2\/users\/1"}],"replies":[{"embeddable":true,"href":"https:\/\/mycielewo.pl\/index.php?rest_route=%2Fwp%2Fv2%2Fcomments&post=48160"}],"version-history":[{"count":1,"href":"https:\/\/mycielewo.pl\/index.php?rest_route=\/wp\/v2\/posts\/48160\/revisions"}],"predecessor-version":[{"id":48161,"href":"https:\/\/mycielewo.pl\/index.php?rest_route=\/wp\/v2\/posts\/48160\/revisions\/48161"}],"wp:attachment":[{"href":"https:\/\/mycielewo.pl\/index.php?rest_route=%2Fwp%2Fv2%2Fmedia&parent=48160"}],"wp:term":[{"taxonomy":"category","embeddable":true,"href":"https:\/\/mycielewo.pl\/index.php?rest_route=%2Fwp%2Fv2%2Fcategories&post=48160"},{"taxonomy":"post_tag","embeddable":true,"href":"https:\/\/mycielewo.pl\/index.php?rest_route=%2Fwp%2Fv2%2Ftags&post=48160"}],"curies":[{"name":"wp","href":"https:\/\/api.w.org\/{rel}","templated":true}]}}