{"id":48111,"date":"2024-03-28T10:52:46","date_gmt":"2024-03-28T10:52:46","guid":{"rendered":"https:\/\/mycielewo.pl\/?p=48111"},"modified":"2024-03-28T11:15:47","modified_gmt":"2024-03-28T11:15:47","slug":"reduta-ordona-i-syzyfowe-prace","status":"publish","type":"post","link":"https:\/\/mycielewo.pl\/?p=48111","title":{"rendered":"&#8222;Reduta Ordona&#8221; i &#8222;Syzyfowe prace&#8221;"},"content":{"rendered":"\n<p>Uczniowie klasy VIII podczas lekcji j\u0119zyka polskiego z pani\u0105 Agnieszk\u0105 Hak, zaprezentowali fragment patriotycznego dzie\u0142a Adama Mickiewicza &#8211; &#8222;Redut\u0119 Ordona&#8221;. Utw\u00f3r ten napotkali po raz kolejny w lekturze Stefana \u017beromskiego pt. &#8222;Syzyfowe prace&#8221; w ramach innowacji pedagogicznej, polegaj\u0105cej na ciekawej interpretacji utwor\u00f3w literackich, nasi uczniowie wcielili si\u0119 w rol\u0119 Bernarda Zygiera, kt\u00f3ry to w tak pi\u0119kny spos\u00f3b okaza\u0142 sw\u00f3j patriotyzm. <\/p>\n\n\n\n<p>Tymczasem my, cieszymy si\u0119, \u017ce \u017cyjemy w wolnym kraju i jako Polacy piel\u0119gnujemy nasz patriotyzm, jednocze\u015bnie oddaj\u0105c ho\u0142d tym, ktirzy polegli w walce o wolno\u015b\u0107 naszej Ojczyzny.<\/p>\n\n\n\n<p class=\"has-text-align-right\"><em>Tekst i foto Agnieszka Koralewska-Hak<\/em><\/p>\n\n\n\n<figure class=\"wp-block-gallery has-nested-images columns-6 wp-block-gallery-2 is-layout-flex wp-block-gallery-is-layout-flex\">\n<figure class=\"wp-block-image size-full\"><a href=\"https:\/\/mycielewo.pl\/wp-content\/uploads\/2024\/03\/images001-14.jpg\"><img loading=\"lazy\" decoding=\"async\" width=\"1382\" height=\"1863\" data-id=\"48157\" src=\"https:\/\/mycielewo.pl\/wp-content\/uploads\/2024\/03\/images001-14.jpg\" alt=\"\" class=\"wp-image-48157\" srcset=\"https:\/\/mycielewo.pl\/wp-content\/uploads\/2024\/03\/images001-14.jpg 1382w, https:\/\/mycielewo.pl\/wp-content\/uploads\/2024\/03\/images001-14-768x1035.jpg 768w, https:\/\/mycielewo.pl\/wp-content\/uploads\/2024\/03\/images001-14-1139x1536.jpg 1139w\" sizes=\"auto, (max-width: 1382px) 100vw, 1382px\" \/><\/a><\/figure>\n\n\n\n<figure class=\"wp-block-image size-full\"><a href=\"https:\/\/mycielewo.pl\/wp-content\/uploads\/2024\/03\/images002-14.jpg\"><img loading=\"lazy\" decoding=\"async\" width=\"1152\" height=\"1735\" data-id=\"48153\" src=\"https:\/\/mycielewo.pl\/wp-content\/uploads\/2024\/03\/images002-14.jpg\" alt=\"\" class=\"wp-image-48153\" srcset=\"https:\/\/mycielewo.pl\/wp-content\/uploads\/2024\/03\/images002-14.jpg 1152w, https:\/\/mycielewo.pl\/wp-content\/uploads\/2024\/03\/images002-14-768x1157.jpg 768w, https:\/\/mycielewo.pl\/wp-content\/uploads\/2024\/03\/images002-14-1020x1536.jpg 1020w\" sizes=\"auto, (max-width: 1152px) 100vw, 1152px\" \/><\/a><\/figure>\n\n\n\n<figure class=\"wp-block-image size-full\"><a href=\"https:\/\/mycielewo.pl\/wp-content\/uploads\/2024\/03\/images003-15.jpg\"><img loading=\"lazy\" decoding=\"async\" width=\"1355\" height=\"1761\" data-id=\"48156\" src=\"https:\/\/mycielewo.pl\/wp-content\/uploads\/2024\/03\/images003-15.jpg\" alt=\"\" class=\"wp-image-48156\" srcset=\"https:\/\/mycielewo.pl\/wp-content\/uploads\/2024\/03\/images003-15.jpg 1355w, https:\/\/mycielewo.pl\/wp-content\/uploads\/2024\/03\/images003-15-768x998.jpg 768w, https:\/\/mycielewo.pl\/wp-content\/uploads\/2024\/03\/images003-15-1182x1536.jpg 1182w\" sizes=\"auto, (max-width: 1355px) 100vw, 1355px\" \/><\/a><\/figure>\n\n\n\n<figure class=\"wp-block-image size-full\"><a href=\"https:\/\/mycielewo.pl\/wp-content\/uploads\/2024\/03\/images004-15.jpg\"><img loading=\"lazy\" decoding=\"async\" width=\"1253\" height=\"1979\" data-id=\"48158\" src=\"https:\/\/mycielewo.pl\/wp-content\/uploads\/2024\/03\/images004-15.jpg\" alt=\"\" class=\"wp-image-48158\" srcset=\"https:\/\/mycielewo.pl\/wp-content\/uploads\/2024\/03\/images004-15.jpg 1253w, https:\/\/mycielewo.pl\/wp-content\/uploads\/2024\/03\/images004-15-768x1213.jpg 768w, https:\/\/mycielewo.pl\/wp-content\/uploads\/2024\/03\/images004-15-973x1536.jpg 973w\" sizes=\"auto, (max-width: 1253px) 100vw, 1253px\" \/><\/a><\/figure>\n\n\n\n<figure class=\"wp-block-image size-full\"><a href=\"https:\/\/mycielewo.pl\/wp-content\/uploads\/2024\/03\/images005-14.jpg\"><img loading=\"lazy\" decoding=\"async\" width=\"1062\" height=\"1785\" data-id=\"48154\" src=\"https:\/\/mycielewo.pl\/wp-content\/uploads\/2024\/03\/images005-14.jpg\" alt=\"\" class=\"wp-image-48154\" srcset=\"https:\/\/mycielewo.pl\/wp-content\/uploads\/2024\/03\/images005-14.jpg 1062w, https:\/\/mycielewo.pl\/wp-content\/uploads\/2024\/03\/images005-14-768x1291.jpg 768w, https:\/\/mycielewo.pl\/wp-content\/uploads\/2024\/03\/images005-14-914x1536.jpg 914w\" sizes=\"auto, (max-width: 1062px) 100vw, 1062px\" \/><\/a><\/figure>\n\n\n\n<figure class=\"wp-block-image size-full\"><a href=\"https:\/\/mycielewo.pl\/wp-content\/uploads\/2024\/03\/images006-12.jpg\"><img loading=\"lazy\" decoding=\"async\" width=\"1810\" height=\"1928\" data-id=\"48155\" src=\"https:\/\/mycielewo.pl\/wp-content\/uploads\/2024\/03\/images006-12.jpg\" alt=\"\" class=\"wp-image-48155\" srcset=\"https:\/\/mycielewo.pl\/wp-content\/uploads\/2024\/03\/images006-12.jpg 1810w, https:\/\/mycielewo.pl\/wp-content\/uploads\/2024\/03\/images006-12-768x818.jpg 768w, https:\/\/mycielewo.pl\/wp-content\/uploads\/2024\/03\/images006-12-1442x1536.jpg 1442w\" sizes=\"auto, (max-width: 1810px) 100vw, 1810px\" \/><\/a><\/figure>\n<\/figure>\n","protected":false},"excerpt":{"rendered":"<p>Uczniowie klasy VIII podczas lekcji j\u0119zyka polskiego z pani\u0105 Agnieszk\u0105 Hak, zaprezentowali fragment patriotycznego dzie\u0142a Adama Mickiewicza &#8211; &#8222;Redut\u0119 Ordona&#8221;. Utw\u00f3r ten napotkali po raz kolejny w lekturze Stefana \u017beromskiego pt. &#8222;Syzyfowe prace&#8221; w ramach innowacji pedagogicznej, polegaj\u0105cej na ciekawej interpretacji utwor\u00f3w literackich, nasi uczniowie wcielili si\u0119 w rol\u0119 Bernarda Zygiera, kt\u00f3ry to w tak&hellip; <a class=\"continue\" href=\"https:\/\/mycielewo.pl\/?p=48111\">Kontynuuj czytanie<span> &#8222;Reduta Ordona&#8221; i &#8222;Syzyfowe prace&#8221;<\/span><\/a><\/p>\n","protected":false},"author":1,"featured_media":0,"comment_status":"open","ping_status":"open","sticky":false,"template":"","format":"standard","meta":{"footnotes":""},"categories":[1],"tags":[],"class_list":["post-48111","post","type-post","status-publish","format-standard","hentry","category-bez-kategorii"],"_links":{"self":[{"href":"https:\/\/mycielewo.pl\/index.php?rest_route=\/wp\/v2\/posts\/48111","targetHints":{"allow":["GET"]}}],"collection":[{"href":"https:\/\/mycielewo.pl\/index.php?rest_route=\/wp\/v2\/posts"}],"about":[{"href":"https:\/\/mycielewo.pl\/index.php?rest_route=\/wp\/v2\/types\/post"}],"author":[{"embeddable":true,"href":"https:\/\/mycielewo.pl\/index.php?rest_route=\/wp\/v2\/users\/1"}],"replies":[{"embeddable":true,"href":"https:\/\/mycielewo.pl\/index.php?rest_route=%2Fwp%2Fv2%2Fcomments&post=48111"}],"version-history":[{"count":4,"href":"https:\/\/mycielewo.pl\/index.php?rest_route=\/wp\/v2\/posts\/48111\/revisions"}],"predecessor-version":[{"id":48159,"href":"https:\/\/mycielewo.pl\/index.php?rest_route=\/wp\/v2\/posts\/48111\/revisions\/48159"}],"wp:attachment":[{"href":"https:\/\/mycielewo.pl\/index.php?rest_route=%2Fwp%2Fv2%2Fmedia&parent=48111"}],"wp:term":[{"taxonomy":"category","embeddable":true,"href":"https:\/\/mycielewo.pl\/index.php?rest_route=%2Fwp%2Fv2%2Fcategories&post=48111"},{"taxonomy":"post_tag","embeddable":true,"href":"https:\/\/mycielewo.pl\/index.php?rest_route=%2Fwp%2Fv2%2Ftags&post=48111"}],"curies":[{"name":"wp","href":"https:\/\/api.w.org\/{rel}","templated":true}]}}