{"id":48105,"date":"2024-03-27T07:19:28","date_gmt":"2024-03-27T07:19:28","guid":{"rendered":"https:\/\/mycielewo.pl\/?p=48105"},"modified":"2024-03-27T07:37:03","modified_gmt":"2024-03-27T07:37:03","slug":"uwaga-8","status":"publish","type":"post","link":"https:\/\/mycielewo.pl\/?p=48105","title":{"rendered":"UWAGA!"},"content":{"rendered":"<div class=\"wp-block-image is-style-default\">\n<figure class=\"alignright size-full is-resized\"><img loading=\"lazy\" decoding=\"async\" width=\"700\" height=\"991\" src=\"https:\/\/mycielewo.pl\/wp-content\/uploads\/2024\/03\/autyzm.jpg\" alt=\"\" class=\"wp-image-48106\" style=\"width:259px;height:auto\"\/><\/figure>\n<\/div>\n\n\n<p>W czwartek, 4 kwietnia 2024 r. obchodzimy \u015awiatowy Dzie\u0144 \u015awiadomo\u015bci Autyzmu. <\/p>\n\n\n\n<p>Prosimy aby uczniowie w tym dniu przyszli ubrani na niebiesko, poniewa\u017c to kolor solidarno\u015bci z autyzmem.<\/p>\n\n\n\n<p class=\"has-text-align-right\"><em>Samorz\u0105d Szkolny, Zesp\u00f3\u0142 do Spraw Profilaktyki<\/em><\/p>\n","protected":false},"excerpt":{"rendered":"<p>W czwartek, 4 kwietnia 2024 r. obchodzimy \u015awiatowy Dzie\u0144 \u015awiadomo\u015bci Autyzmu. Prosimy aby uczniowie w tym dniu przyszli ubrani na niebiesko, poniewa\u017c to kolor solidarno\u015bci z autyzmem. Samorz\u0105d Szkolny, Zesp\u00f3\u0142 do Spraw Profilaktyki<\/p>\n","protected":false},"author":1,"featured_media":0,"comment_status":"open","ping_status":"open","sticky":false,"template":"","format":"standard","meta":{"footnotes":""},"categories":[1],"tags":[],"class_list":["post-48105","post","type-post","status-publish","format-standard","hentry","category-bez-kategorii"],"_links":{"self":[{"href":"https:\/\/mycielewo.pl\/index.php?rest_route=\/wp\/v2\/posts\/48105","targetHints":{"allow":["GET"]}}],"collection":[{"href":"https:\/\/mycielewo.pl\/index.php?rest_route=\/wp\/v2\/posts"}],"about":[{"href":"https:\/\/mycielewo.pl\/index.php?rest_route=\/wp\/v2\/types\/post"}],"author":[{"embeddable":true,"href":"https:\/\/mycielewo.pl\/index.php?rest_route=\/wp\/v2\/users\/1"}],"replies":[{"embeddable":true,"href":"https:\/\/mycielewo.pl\/index.php?rest_route=%2Fwp%2Fv2%2Fcomments&post=48105"}],"version-history":[{"count":3,"href":"https:\/\/mycielewo.pl\/index.php?rest_route=\/wp\/v2\/posts\/48105\/revisions"}],"predecessor-version":[{"id":48109,"href":"https:\/\/mycielewo.pl\/index.php?rest_route=\/wp\/v2\/posts\/48105\/revisions\/48109"}],"wp:attachment":[{"href":"https:\/\/mycielewo.pl\/index.php?rest_route=%2Fwp%2Fv2%2Fmedia&parent=48105"}],"wp:term":[{"taxonomy":"category","embeddable":true,"href":"https:\/\/mycielewo.pl\/index.php?rest_route=%2Fwp%2Fv2%2Fcategories&post=48105"},{"taxonomy":"post_tag","embeddable":true,"href":"https:\/\/mycielewo.pl\/index.php?rest_route=%2Fwp%2Fv2%2Ftags&post=48105"}],"curies":[{"name":"wp","href":"https:\/\/api.w.org\/{rel}","templated":true}]}}