{"id":48096,"date":"2024-03-26T16:27:09","date_gmt":"2024-03-26T16:27:09","guid":{"rendered":"https:\/\/mycielewo.pl\/?p=48096"},"modified":"2024-03-26T16:29:01","modified_gmt":"2024-03-26T16:29:01","slug":"osma-na-drzwiach-otwartych-w-lo-szubin","status":"publish","type":"post","link":"https:\/\/mycielewo.pl\/?p=48096","title":{"rendered":"\u00d3sma na drzwiach otwartych w LO Szubin"},"content":{"rendered":"\n<p><strong>25 marca 2024 r. \u00f3smoklasi\u015bci pod opiek\u0105 wychowawczyni Angeliki Drozd udali si\u0119 do Liceum Og\u00f3lnokszta\u0142c\u0105cego im. Stanis\u0142awa Wyspia\u0144skiego w Szubinie na &#8222;Drzwi Otwarte&#8221;. <\/strong><\/p>\n\n\n\n<p>M\u0142odzie\u017c zapozna\u0142a si\u0119 z bogat\u0105 ofert\u0105 edukacyjn\u0105 szko\u0142y. Uczniowie poznali profile jakie oferuje liceum i kt\u00f3re przedmioty mog\u0105 by\u0107 rozszerzane w poszczeg\u00f3lnych klasach. Potencjalni kandydaci zobaczyli jak wygl\u0105da nauka w szkole \u015bredniej. M\u0142odzie\u017c i pracownicy szko\u0142y przygotowali &nbsp;dla nas ciekawe wydarzenia &nbsp;sportowe, kryminalistyczne,&nbsp;j\u0119zykowe czy plastyczne.<\/p>\n\n\n\n<p class=\"has-text-align-right\"><em>Tekst i foto: Angelika Drozd<\/em><em><\/em><\/p>\n\n\n\n<figure class=\"wp-block-gallery has-nested-images columns-5 is-cropped wp-block-gallery-2 is-layout-flex wp-block-gallery-is-layout-flex\">\n<figure class=\"wp-block-image size-large\"><a href=\"https:\/\/mycielewo.pl\/wp-content\/uploads\/2024\/03\/images001-13.jpg\"><img loading=\"lazy\" decoding=\"async\" width=\"900\" height=\"675\" data-id=\"48097\" src=\"https:\/\/mycielewo.pl\/wp-content\/uploads\/2024\/03\/images001-13-900x675.jpg\" alt=\"\" class=\"wp-image-48097\"\/><\/a><\/figure>\n\n\n\n<figure class=\"wp-block-image size-large\"><a href=\"https:\/\/mycielewo.pl\/wp-content\/uploads\/2024\/03\/images002-13.jpg\"><img loading=\"lazy\" decoding=\"async\" width=\"900\" height=\"675\" data-id=\"48099\" src=\"https:\/\/mycielewo.pl\/wp-content\/uploads\/2024\/03\/images002-13-900x675.jpg\" alt=\"\" class=\"wp-image-48099\"\/><\/a><\/figure>\n\n\n\n<figure class=\"wp-block-image size-large\"><a href=\"https:\/\/mycielewo.pl\/wp-content\/uploads\/2024\/03\/images003-14.jpg\"><img loading=\"lazy\" decoding=\"async\" width=\"900\" height=\"675\" data-id=\"48100\" src=\"https:\/\/mycielewo.pl\/wp-content\/uploads\/2024\/03\/images003-14-900x675.jpg\" alt=\"\" class=\"wp-image-48100\"\/><\/a><\/figure>\n\n\n\n<figure class=\"wp-block-image size-large\"><a href=\"https:\/\/mycielewo.pl\/wp-content\/uploads\/2024\/03\/images004-14.jpg\"><img loading=\"lazy\" decoding=\"async\" width=\"900\" height=\"675\" data-id=\"48098\" src=\"https:\/\/mycielewo.pl\/wp-content\/uploads\/2024\/03\/images004-14-900x675.jpg\" alt=\"\" class=\"wp-image-48098\"\/><\/a><\/figure>\n\n\n\n<figure class=\"wp-block-image size-large\"><a href=\"https:\/\/mycielewo.pl\/wp-content\/uploads\/2024\/03\/images005-13.jpg\"><img loading=\"lazy\" decoding=\"async\" width=\"900\" height=\"675\" data-id=\"48101\" src=\"https:\/\/mycielewo.pl\/wp-content\/uploads\/2024\/03\/images005-13-900x675.jpg\" alt=\"\" class=\"wp-image-48101\"\/><\/a><\/figure>\n<\/figure>\n","protected":false},"excerpt":{"rendered":"<p>25 marca 2024 r. \u00f3smoklasi\u015bci pod opiek\u0105 wychowawczyni Angeliki Drozd udali si\u0119 do Liceum Og\u00f3lnokszta\u0142c\u0105cego im. Stanis\u0142awa Wyspia\u0144skiego w Szubinie na &#8222;Drzwi Otwarte&#8221;. M\u0142odzie\u017c zapozna\u0142a si\u0119 z bogat\u0105 ofert\u0105 edukacyjn\u0105 szko\u0142y. Uczniowie poznali profile jakie oferuje liceum i kt\u00f3re przedmioty mog\u0105 by\u0107 rozszerzane w poszczeg\u00f3lnych klasach. Potencjalni kandydaci zobaczyli jak wygl\u0105da nauka w szkole \u015bredniej.&hellip; <a class=\"continue\" href=\"https:\/\/mycielewo.pl\/?p=48096\">Kontynuuj czytanie<span> \u00d3sma na drzwiach otwartych w LO Szubin<\/span><\/a><\/p>\n","protected":false},"author":1,"featured_media":0,"comment_status":"open","ping_status":"open","sticky":false,"template":"","format":"standard","meta":{"footnotes":""},"categories":[1],"tags":[],"class_list":["post-48096","post","type-post","status-publish","format-standard","hentry","category-bez-kategorii"],"_links":{"self":[{"href":"https:\/\/mycielewo.pl\/index.php?rest_route=\/wp\/v2\/posts\/48096","targetHints":{"allow":["GET"]}}],"collection":[{"href":"https:\/\/mycielewo.pl\/index.php?rest_route=\/wp\/v2\/posts"}],"about":[{"href":"https:\/\/mycielewo.pl\/index.php?rest_route=\/wp\/v2\/types\/post"}],"author":[{"embeddable":true,"href":"https:\/\/mycielewo.pl\/index.php?rest_route=\/wp\/v2\/users\/1"}],"replies":[{"embeddable":true,"href":"https:\/\/mycielewo.pl\/index.php?rest_route=%2Fwp%2Fv2%2Fcomments&post=48096"}],"version-history":[{"count":3,"href":"https:\/\/mycielewo.pl\/index.php?rest_route=\/wp\/v2\/posts\/48096\/revisions"}],"predecessor-version":[{"id":48104,"href":"https:\/\/mycielewo.pl\/index.php?rest_route=\/wp\/v2\/posts\/48096\/revisions\/48104"}],"wp:attachment":[{"href":"https:\/\/mycielewo.pl\/index.php?rest_route=%2Fwp%2Fv2%2Fmedia&parent=48096"}],"wp:term":[{"taxonomy":"category","embeddable":true,"href":"https:\/\/mycielewo.pl\/index.php?rest_route=%2Fwp%2Fv2%2Fcategories&post=48096"},{"taxonomy":"post_tag","embeddable":true,"href":"https:\/\/mycielewo.pl\/index.php?rest_route=%2Fwp%2Fv2%2Ftags&post=48096"}],"curies":[{"name":"wp","href":"https:\/\/api.w.org\/{rel}","templated":true}]}}