{"id":48074,"date":"2024-03-26T16:19:57","date_gmt":"2024-03-26T16:19:57","guid":{"rendered":"https:\/\/mycielewo.pl\/?p=48074"},"modified":"2024-03-26T16:21:12","modified_gmt":"2024-03-26T16:21:12","slug":"herbaciane-ferie-grzesia-i-jego-rodziny-czyli-o-podrozy-na-cejlon","status":"publish","type":"post","link":"https:\/\/mycielewo.pl\/?p=48074","title":{"rendered":"Herbaciane ferie Grzesia i jego rodziny \u2013 czyli o podr\u00f3\u017cy na Cejlon"},"content":{"rendered":"\n<p><strong>22 marca drugoklasist\u00f3w odwiedzi\u0142a p. Kalina Beczak<\/strong> z opowie\u015bci\u0105 o dalekim i <strong>egzotycznym kraju jakim jest Sri Lanka<\/strong>. Pani Kalina jest mam\u0105 Grzesia,\u00a0ucznia klasy drugiej naszej szko\u0142y. Z ca\u0142\u0105 rodzin\u0105 bardzo lubi\u0105 podr\u00f3\u017cowa\u0107, poznawa\u0107 inne kraje ich histori\u0119, przyrod\u0119 i ciekawych ludzi. Podczas tegorocznych ferii wybrali si\u0119 na Sri Lank\u0119 i postanowili opowiedzie\u0107 nam o tym le\u017c\u0105cym <strong>w Azji kraju.<\/strong><\/p>\n\n\n\n<p><strong>Grzesiu razem z mam\u0105<\/strong> przygotowali prezentacj\u0119, podczas kt\u00f3rej przeprowadzili nas przez najwa\u017cniejsze informacje, pocz\u0105wszy od samego \u00a0planowania takiej podr\u00f3\u017cy. Nast\u0119pnie dowiedzieli\u015bmy si\u0119 gdzie le\u017cy Sri Lanka, jaka jest jej dawna nazwa (Cejlon), jak powstaje herbata kt\u00f3r\u0105 pijemy w Europie i jakimi szlachetnymi kamieniami zachwyci\u0142a ich (i nas) Sri Lanka. Zas\u0142uchani w t\u0105 opowie\u015b\u0107 popijali\u015bmy pyszn\u0105 zielon\u0105 i czarn\u0105 herbat\u0119 przywiezion\u0105 z Cejlonu. Kolejne omawiane\u00a0 tematy przerywali\u015bmy ogl\u0105daj\u0105c zgromadzone \u00a0rekwizyty: banknoty (walut\u0105 w tym kraju jest rupia lankijska), kamie\u0144 szlachetny, ga\u0142\u0105zki ry\u017cu, czy te\u017c dotykaj\u0105c jedno z najbardziej luksusowych w\u0142\u00f3kien czyli kaszmir.<\/p>\n\n\n\n<p>Ca\u0142e spotkanie pobudzi\u0142o nasz\u0105 wyobra\u017ani\u0119, sta\u0142o si\u0119 r\u00f3wnie\u017c zach\u0119t\u0105 do rozwijania swoich zainteresowa\u0144 i pasji, a p. Kalinie i jej rodzinie \u017cyczymy kolejnych r\u00f3wnie egzotycznych podr\u00f3\u017cy. Dzi\u0119kujemy za jeden z najhojniejszych dar\u00f3w czyli po\u015bwi\u0119cony nam czas.<\/p>\n\n\n\n<p class=\"has-text-align-right\"><em>Anna Pyszczy\u0144ska<\/em><\/p>\n\n\n\n<figure class=\"wp-block-gallery has-nested-images columns-8 is-cropped wp-block-gallery-2 is-layout-flex wp-block-gallery-is-layout-flex\">\n<figure class=\"wp-block-image size-large\"><a href=\"https:\/\/mycielewo.pl\/wp-content\/uploads\/2024\/03\/images001-12.jpg\"><img loading=\"lazy\" decoding=\"async\" width=\"1200\" height=\"540\" data-id=\"48078\" src=\"https:\/\/mycielewo.pl\/wp-content\/uploads\/2024\/03\/images001-12.jpg\" alt=\"\" class=\"wp-image-48078\" srcset=\"https:\/\/mycielewo.pl\/wp-content\/uploads\/2024\/03\/images001-12.jpg 1200w, https:\/\/mycielewo.pl\/wp-content\/uploads\/2024\/03\/images001-12-768x346.jpg 768w\" sizes=\"auto, (max-width: 1200px) 100vw, 1200px\" \/><\/a><\/figure>\n\n\n\n<figure class=\"wp-block-image size-large\"><a href=\"https:\/\/mycielewo.pl\/wp-content\/uploads\/2024\/03\/images002-12.jpg\"><img loading=\"lazy\" decoding=\"async\" width=\"1200\" height=\"540\" data-id=\"48082\" src=\"https:\/\/mycielewo.pl\/wp-content\/uploads\/2024\/03\/images002-12.jpg\" alt=\"\" class=\"wp-image-48082\" srcset=\"https:\/\/mycielewo.pl\/wp-content\/uploads\/2024\/03\/images002-12.jpg 1200w, https:\/\/mycielewo.pl\/wp-content\/uploads\/2024\/03\/images002-12-768x346.jpg 768w\" sizes=\"auto, (max-width: 1200px) 100vw, 1200px\" \/><\/a><\/figure>\n\n\n\n<figure class=\"wp-block-image size-large\"><a href=\"https:\/\/mycielewo.pl\/wp-content\/uploads\/2024\/03\/images003-13.jpg\"><img loading=\"lazy\" decoding=\"async\" width=\"540\" height=\"675\" data-id=\"48092\" src=\"https:\/\/mycielewo.pl\/wp-content\/uploads\/2024\/03\/images003-13-540x675.jpg\" alt=\"\" class=\"wp-image-48092\"\/><\/a><\/figure>\n\n\n\n<figure class=\"wp-block-image size-large\"><a href=\"https:\/\/mycielewo.pl\/wp-content\/uploads\/2024\/03\/images004-13.jpg\"><img loading=\"lazy\" decoding=\"async\" width=\"1200\" height=\"540\" data-id=\"48086\" src=\"https:\/\/mycielewo.pl\/wp-content\/uploads\/2024\/03\/images004-13.jpg\" alt=\"\" class=\"wp-image-48086\" srcset=\"https:\/\/mycielewo.pl\/wp-content\/uploads\/2024\/03\/images004-13.jpg 1200w, https:\/\/mycielewo.pl\/wp-content\/uploads\/2024\/03\/images004-13-768x346.jpg 768w\" sizes=\"auto, (max-width: 1200px) 100vw, 1200px\" \/><\/a><\/figure>\n\n\n\n<figure class=\"wp-block-image size-large\"><a href=\"https:\/\/mycielewo.pl\/wp-content\/uploads\/2024\/03\/images005-12.jpg\"><img loading=\"lazy\" decoding=\"async\" width=\"540\" height=\"675\" data-id=\"48087\" src=\"https:\/\/mycielewo.pl\/wp-content\/uploads\/2024\/03\/images005-12-540x675.jpg\" alt=\"\" class=\"wp-image-48087\"\/><\/a><\/figure>\n\n\n\n<figure class=\"wp-block-image size-large\"><a href=\"https:\/\/mycielewo.pl\/wp-content\/uploads\/2024\/03\/images006-11.jpg\"><img loading=\"lazy\" decoding=\"async\" width=\"540\" height=\"675\" data-id=\"48088\" src=\"https:\/\/mycielewo.pl\/wp-content\/uploads\/2024\/03\/images006-11-540x675.jpg\" alt=\"\" class=\"wp-image-48088\"\/><\/a><\/figure>\n\n\n\n<figure class=\"wp-block-image size-large\"><a href=\"https:\/\/mycielewo.pl\/wp-content\/uploads\/2024\/03\/images007-11.jpg\"><img loading=\"lazy\" decoding=\"async\" width=\"540\" height=\"675\" data-id=\"48084\" src=\"https:\/\/mycielewo.pl\/wp-content\/uploads\/2024\/03\/images007-11-540x675.jpg\" alt=\"\" class=\"wp-image-48084\"\/><\/a><\/figure>\n\n\n\n<figure class=\"wp-block-image size-large\"><a href=\"https:\/\/mycielewo.pl\/wp-content\/uploads\/2024\/03\/images008-10.jpg\"><img loading=\"lazy\" decoding=\"async\" width=\"540\" height=\"675\" data-id=\"48083\" src=\"https:\/\/mycielewo.pl\/wp-content\/uploads\/2024\/03\/images008-10-540x675.jpg\" alt=\"\" class=\"wp-image-48083\"\/><\/a><\/figure>\n\n\n\n<figure class=\"wp-block-image size-large\"><a href=\"https:\/\/mycielewo.pl\/wp-content\/uploads\/2024\/03\/images009-8.jpg\"><img loading=\"lazy\" decoding=\"async\" width=\"540\" height=\"675\" data-id=\"48081\" src=\"https:\/\/mycielewo.pl\/wp-content\/uploads\/2024\/03\/images009-8-540x675.jpg\" alt=\"\" class=\"wp-image-48081\"\/><\/a><\/figure>\n\n\n\n<figure class=\"wp-block-image size-large\"><a href=\"https:\/\/mycielewo.pl\/wp-content\/uploads\/2024\/03\/images010-7.jpg\"><img loading=\"lazy\" decoding=\"async\" width=\"540\" height=\"675\" data-id=\"48090\" src=\"https:\/\/mycielewo.pl\/wp-content\/uploads\/2024\/03\/images010-7-540x675.jpg\" alt=\"\" class=\"wp-image-48090\"\/><\/a><\/figure>\n\n\n\n<figure class=\"wp-block-image size-large\"><a href=\"https:\/\/mycielewo.pl\/wp-content\/uploads\/2024\/03\/images011-7.jpg\"><img loading=\"lazy\" decoding=\"async\" width=\"540\" height=\"675\" data-id=\"48075\" src=\"https:\/\/mycielewo.pl\/wp-content\/uploads\/2024\/03\/images011-7-540x675.jpg\" alt=\"\" class=\"wp-image-48075\"\/><\/a><\/figure>\n\n\n\n<figure class=\"wp-block-image size-large\"><a href=\"https:\/\/mycielewo.pl\/wp-content\/uploads\/2024\/03\/images012-7.jpg\"><img loading=\"lazy\" decoding=\"async\" width=\"540\" height=\"675\" data-id=\"48079\" src=\"https:\/\/mycielewo.pl\/wp-content\/uploads\/2024\/03\/images012-7-540x675.jpg\" alt=\"\" class=\"wp-image-48079\"\/><\/a><\/figure>\n\n\n\n<figure class=\"wp-block-image size-large\"><a href=\"https:\/\/mycielewo.pl\/wp-content\/uploads\/2024\/03\/images013-7.jpg\"><img loading=\"lazy\" decoding=\"async\" width=\"540\" height=\"675\" data-id=\"48076\" src=\"https:\/\/mycielewo.pl\/wp-content\/uploads\/2024\/03\/images013-7-540x675.jpg\" alt=\"\" class=\"wp-image-48076\"\/><\/a><\/figure>\n\n\n\n<figure class=\"wp-block-image size-large\"><a href=\"https:\/\/mycielewo.pl\/wp-content\/uploads\/2024\/03\/images014-6.jpg\"><img loading=\"lazy\" decoding=\"async\" width=\"1200\" height=\"540\" data-id=\"48085\" src=\"https:\/\/mycielewo.pl\/wp-content\/uploads\/2024\/03\/images014-6.jpg\" alt=\"\" class=\"wp-image-48085\" srcset=\"https:\/\/mycielewo.pl\/wp-content\/uploads\/2024\/03\/images014-6.jpg 1200w, https:\/\/mycielewo.pl\/wp-content\/uploads\/2024\/03\/images014-6-768x346.jpg 768w\" sizes=\"auto, (max-width: 1200px) 100vw, 1200px\" \/><\/a><\/figure>\n\n\n\n<figure class=\"wp-block-image size-large\"><a href=\"https:\/\/mycielewo.pl\/wp-content\/uploads\/2024\/03\/images015-7.jpg\"><img loading=\"lazy\" decoding=\"async\" width=\"540\" height=\"675\" data-id=\"48080\" src=\"https:\/\/mycielewo.pl\/wp-content\/uploads\/2024\/03\/images015-7-540x675.jpg\" alt=\"\" class=\"wp-image-48080\"\/><\/a><\/figure>\n\n\n\n<figure class=\"wp-block-image size-large\"><a href=\"https:\/\/mycielewo.pl\/wp-content\/uploads\/2024\/03\/images016-6.jpg\"><img loading=\"lazy\" decoding=\"async\" width=\"540\" height=\"675\" data-id=\"48091\" src=\"https:\/\/mycielewo.pl\/wp-content\/uploads\/2024\/03\/images016-6-540x675.jpg\" alt=\"\" class=\"wp-image-48091\"\/><\/a><\/figure>\n\n\n\n<figure class=\"wp-block-image size-large\"><a href=\"https:\/\/mycielewo.pl\/wp-content\/uploads\/2024\/03\/images017-6.jpg\"><img loading=\"lazy\" decoding=\"async\" width=\"1200\" height=\"540\" data-id=\"48089\" src=\"https:\/\/mycielewo.pl\/wp-content\/uploads\/2024\/03\/images017-6.jpg\" alt=\"\" class=\"wp-image-48089\" srcset=\"https:\/\/mycielewo.pl\/wp-content\/uploads\/2024\/03\/images017-6.jpg 1200w, https:\/\/mycielewo.pl\/wp-content\/uploads\/2024\/03\/images017-6-768x346.jpg 768w\" sizes=\"auto, (max-width: 1200px) 100vw, 1200px\" \/><\/a><\/figure>\n\n\n\n<figure class=\"wp-block-image size-large\"><a href=\"https:\/\/mycielewo.pl\/wp-content\/uploads\/2024\/03\/images018-5.jpg\"><img loading=\"lazy\" decoding=\"async\" width=\"1200\" height=\"540\" data-id=\"48077\" src=\"https:\/\/mycielewo.pl\/wp-content\/uploads\/2024\/03\/images018-5.jpg\" alt=\"\" class=\"wp-image-48077\" srcset=\"https:\/\/mycielewo.pl\/wp-content\/uploads\/2024\/03\/images018-5.jpg 1200w, https:\/\/mycielewo.pl\/wp-content\/uploads\/2024\/03\/images018-5-768x346.jpg 768w\" sizes=\"auto, (max-width: 1200px) 100vw, 1200px\" \/><\/a><\/figure>\n<\/figure>\n","protected":false},"excerpt":{"rendered":"<p>22 marca drugoklasist\u00f3w odwiedzi\u0142a p. Kalina Beczak z opowie\u015bci\u0105 o dalekim i egzotycznym kraju jakim jest Sri Lanka. Pani Kalina jest mam\u0105 Grzesia,\u00a0ucznia klasy drugiej naszej szko\u0142y. Z ca\u0142\u0105 rodzin\u0105 bardzo lubi\u0105 podr\u00f3\u017cowa\u0107, poznawa\u0107 inne kraje ich histori\u0119, przyrod\u0119 i ciekawych ludzi. Podczas tegorocznych ferii wybrali si\u0119 na Sri Lank\u0119 i postanowili opowiedzie\u0107 nam o&hellip; <a class=\"continue\" href=\"https:\/\/mycielewo.pl\/?p=48074\">Kontynuuj czytanie<span> Herbaciane ferie Grzesia i jego rodziny \u2013 czyli o podr\u00f3\u017cy na Cejlon<\/span><\/a><\/p>\n","protected":false},"author":1,"featured_media":0,"comment_status":"open","ping_status":"open","sticky":false,"template":"","format":"standard","meta":{"footnotes":""},"categories":[1],"tags":[],"class_list":["post-48074","post","type-post","status-publish","format-standard","hentry","category-bez-kategorii"],"_links":{"self":[{"href":"https:\/\/mycielewo.pl\/index.php?rest_route=\/wp\/v2\/posts\/48074","targetHints":{"allow":["GET"]}}],"collection":[{"href":"https:\/\/mycielewo.pl\/index.php?rest_route=\/wp\/v2\/posts"}],"about":[{"href":"https:\/\/mycielewo.pl\/index.php?rest_route=\/wp\/v2\/types\/post"}],"author":[{"embeddable":true,"href":"https:\/\/mycielewo.pl\/index.php?rest_route=\/wp\/v2\/users\/1"}],"replies":[{"embeddable":true,"href":"https:\/\/mycielewo.pl\/index.php?rest_route=%2Fwp%2Fv2%2Fcomments&post=48074"}],"version-history":[{"count":2,"href":"https:\/\/mycielewo.pl\/index.php?rest_route=\/wp\/v2\/posts\/48074\/revisions"}],"predecessor-version":[{"id":48095,"href":"https:\/\/mycielewo.pl\/index.php?rest_route=\/wp\/v2\/posts\/48074\/revisions\/48095"}],"wp:attachment":[{"href":"https:\/\/mycielewo.pl\/index.php?rest_route=%2Fwp%2Fv2%2Fmedia&parent=48074"}],"wp:term":[{"taxonomy":"category","embeddable":true,"href":"https:\/\/mycielewo.pl\/index.php?rest_route=%2Fwp%2Fv2%2Fcategories&post=48074"},{"taxonomy":"post_tag","embeddable":true,"href":"https:\/\/mycielewo.pl\/index.php?rest_route=%2Fwp%2Fv2%2Ftags&post=48074"}],"curies":[{"name":"wp","href":"https:\/\/api.w.org\/{rel}","templated":true}]}}