{"id":48060,"date":"2024-03-26T16:00:21","date_gmt":"2024-03-26T16:00:21","guid":{"rendered":"https:\/\/mycielewo.pl\/?p=48060"},"modified":"2024-03-26T16:00:22","modified_gmt":"2024-03-26T16:00:22","slug":"ogolnopolski-program-profilaktyki-czerniaka","status":"publish","type":"post","link":"https:\/\/mycielewo.pl\/?p=48060","title":{"rendered":"Og\u00f3lnopolski Program Profilaktyki Czerniaka"},"content":{"rendered":"\n<p><strong>Uczniowie klasy VII i VIII wzi\u0119li udzia\u0142 w zaj\u0119ciach w ramach programu \u201eZnami\u0119! Znam je?\u201d<\/strong><\/p>\n\n\n\n<p>Kolejny raz realizujemy program profilaktyczno-edukacyjny \u201eZnami\u0119! Znam je?\u201d, kt\u00f3ry przeznaczony jest dla wy\u017cszych klas szk\u00f3\u0142 podstawowych. Jego g\u0142\u00f3wnym celem jest popularyzacja wiedzy na temat profilaktyki czerniaka. Program realizowany jest przez Fundacj\u0119 \u201eGwiazda Nadziei\u201d w partnerstwie z Wojew\u00f3dzkimi Stacjami Sanitarno-Epidemiologicznymi, pod merytorycznym patronatem Akademii Czerniaka, sekcji naukowej Polskiego Towarzystwa Chirurgii Onkologicznej. <\/p>\n\n\n\n<p>W ramach kolejnych zaj\u0119\u0107 uczniowie poznali czynniki, kt\u00f3re podnosz\u0105 ryzyko powstania czerniaka, zasady jakich nale\u017cy przestrzega\u0107, aby nie zachorowa\u0107, cechy charakterystyczne, dzi\u0119ki kt\u00f3rym mo\u017cna rozpozna\u0107 czerniaka. Dowiedzieli si\u0119 kto i dlaczego jest bardziej nara\u017cony na t\u0119 gro\u017an\u0105 chorob\u0119 oraz \u00a0jak dokona\u0107 samobadania sk\u00f3ry. Podczas lekcji uczniowie ogl\u0105dali zdj\u0119cia czerniak\u00f3w, odr\u00f3\u017cniali je od zwyk\u0142ych znamion, zapoznali si\u0119 z ulotkami, ogl\u0105dali filmy edukacyjne oraz prezentacje na temat czerniaka. W celu podsumowania zaj\u0119\u0107 napisali ankiety ewaluacyjne, w kt\u00f3rych wyrazili swoje spostrze\u017cenia i opinie. Ulotki o tej\u00a0 gro\u017anej chorobie zabrali do domu, aby przekaza\u0107 wiedz\u0119 rodzicom oraz zach\u0119ci\u0107 ich do samobadania sk\u00f3ry.<\/p>\n\n\n\n<p class=\"has-text-align-right\"><em> Marzena Borzych<\/em><\/p>\n\n\n\n<figure class=\"wp-block-gallery has-nested-images columns-8 is-cropped wp-block-gallery-2 is-layout-flex wp-block-gallery-is-layout-flex\">\n<figure class=\"wp-block-image size-large\"><a href=\"https:\/\/mycielewo.pl\/wp-content\/uploads\/2024\/03\/images001-11.jpg\"><img loading=\"lazy\" decoding=\"async\" width=\"702\" height=\"675\" data-id=\"48062\" src=\"https:\/\/mycielewo.pl\/wp-content\/uploads\/2024\/03\/images001-11-702x675.jpg\" alt=\"\" class=\"wp-image-48062\"\/><\/a><\/figure>\n\n\n\n<figure class=\"wp-block-image size-large\"><a href=\"https:\/\/mycielewo.pl\/wp-content\/uploads\/2024\/03\/images002-11.jpg\"><img loading=\"lazy\" decoding=\"async\" width=\"702\" height=\"675\" data-id=\"48063\" src=\"https:\/\/mycielewo.pl\/wp-content\/uploads\/2024\/03\/images002-11-702x675.jpg\" alt=\"\" class=\"wp-image-48063\"\/><\/a><\/figure>\n\n\n\n<figure class=\"wp-block-image size-large\"><a href=\"https:\/\/mycielewo.pl\/wp-content\/uploads\/2024\/03\/images003-12.jpg\"><img loading=\"lazy\" decoding=\"async\" width=\"1200\" height=\"675\" data-id=\"48064\" src=\"https:\/\/mycielewo.pl\/wp-content\/uploads\/2024\/03\/images003-12-1200x675.jpg\" alt=\"\" class=\"wp-image-48064\" srcset=\"https:\/\/mycielewo.pl\/wp-content\/uploads\/2024\/03\/images003-12-1200x675.jpg 1200w, https:\/\/mycielewo.pl\/wp-content\/uploads\/2024\/03\/images003-12-850x478.jpg 850w, https:\/\/mycielewo.pl\/wp-content\/uploads\/2024\/03\/images003-12-250x141.jpg 250w\" sizes=\"auto, (max-width: 1200px) 100vw, 1200px\" \/><\/a><\/figure>\n\n\n\n<figure class=\"wp-block-image size-large\"><a href=\"https:\/\/mycielewo.pl\/wp-content\/uploads\/2024\/03\/images004-12.jpg\"><img loading=\"lazy\" decoding=\"async\" width=\"1200\" height=\"675\" data-id=\"48065\" src=\"https:\/\/mycielewo.pl\/wp-content\/uploads\/2024\/03\/images004-12-1200x675.jpg\" alt=\"\" class=\"wp-image-48065\" srcset=\"https:\/\/mycielewo.pl\/wp-content\/uploads\/2024\/03\/images004-12-1200x675.jpg 1200w, https:\/\/mycielewo.pl\/wp-content\/uploads\/2024\/03\/images004-12-850x478.jpg 850w, https:\/\/mycielewo.pl\/wp-content\/uploads\/2024\/03\/images004-12-250x141.jpg 250w\" sizes=\"auto, (max-width: 1200px) 100vw, 1200px\" \/><\/a><\/figure>\n\n\n\n<figure class=\"wp-block-image size-large\"><a href=\"https:\/\/mycielewo.pl\/wp-content\/uploads\/2024\/03\/images005-11.jpg\"><img loading=\"lazy\" decoding=\"async\" width=\"1200\" height=\"675\" data-id=\"48069\" src=\"https:\/\/mycielewo.pl\/wp-content\/uploads\/2024\/03\/images005-11-1200x675.jpg\" alt=\"\" class=\"wp-image-48069\" srcset=\"https:\/\/mycielewo.pl\/wp-content\/uploads\/2024\/03\/images005-11-1200x675.jpg 1200w, https:\/\/mycielewo.pl\/wp-content\/uploads\/2024\/03\/images005-11-850x478.jpg 850w, https:\/\/mycielewo.pl\/wp-content\/uploads\/2024\/03\/images005-11-250x141.jpg 250w\" sizes=\"auto, (max-width: 1200px) 100vw, 1200px\" \/><\/a><\/figure>\n\n\n\n<figure class=\"wp-block-image size-large\"><a href=\"https:\/\/mycielewo.pl\/wp-content\/uploads\/2024\/03\/images006-10.jpg\"><img loading=\"lazy\" decoding=\"async\" width=\"1200\" height=\"675\" data-id=\"48068\" src=\"https:\/\/mycielewo.pl\/wp-content\/uploads\/2024\/03\/images006-10-1200x675.jpg\" alt=\"\" class=\"wp-image-48068\" srcset=\"https:\/\/mycielewo.pl\/wp-content\/uploads\/2024\/03\/images006-10-1200x675.jpg 1200w, https:\/\/mycielewo.pl\/wp-content\/uploads\/2024\/03\/images006-10-850x478.jpg 850w, https:\/\/mycielewo.pl\/wp-content\/uploads\/2024\/03\/images006-10-250x141.jpg 250w\" sizes=\"auto, (max-width: 1200px) 100vw, 1200px\" \/><\/a><\/figure>\n\n\n\n<figure class=\"wp-block-image size-large\"><a href=\"https:\/\/mycielewo.pl\/wp-content\/uploads\/2024\/03\/images007-10.jpg\"><img loading=\"lazy\" decoding=\"async\" width=\"1200\" height=\"675\" data-id=\"48067\" src=\"https:\/\/mycielewo.pl\/wp-content\/uploads\/2024\/03\/images007-10-1200x675.jpg\" alt=\"\" class=\"wp-image-48067\" srcset=\"https:\/\/mycielewo.pl\/wp-content\/uploads\/2024\/03\/images007-10-1200x675.jpg 1200w, https:\/\/mycielewo.pl\/wp-content\/uploads\/2024\/03\/images007-10-850x478.jpg 850w, https:\/\/mycielewo.pl\/wp-content\/uploads\/2024\/03\/images007-10-250x141.jpg 250w\" sizes=\"auto, (max-width: 1200px) 100vw, 1200px\" \/><\/a><\/figure>\n\n\n\n<figure class=\"wp-block-image size-large\"><a href=\"https:\/\/mycielewo.pl\/wp-content\/uploads\/2024\/03\/images008-9.jpg\"><img loading=\"lazy\" decoding=\"async\" width=\"1200\" height=\"675\" data-id=\"48066\" src=\"https:\/\/mycielewo.pl\/wp-content\/uploads\/2024\/03\/images008-9-1200x675.jpg\" alt=\"\" class=\"wp-image-48066\" srcset=\"https:\/\/mycielewo.pl\/wp-content\/uploads\/2024\/03\/images008-9-1200x675.jpg 1200w, https:\/\/mycielewo.pl\/wp-content\/uploads\/2024\/03\/images008-9-850x478.jpg 850w, https:\/\/mycielewo.pl\/wp-content\/uploads\/2024\/03\/images008-9-250x141.jpg 250w\" sizes=\"auto, (max-width: 1200px) 100vw, 1200px\" \/><\/a><\/figure>\n<\/figure>\n","protected":false},"excerpt":{"rendered":"<p>Uczniowie klasy VII i VIII wzi\u0119li udzia\u0142 w zaj\u0119ciach w ramach programu \u201eZnami\u0119! Znam je?\u201d Kolejny raz realizujemy program profilaktyczno-edukacyjny \u201eZnami\u0119! Znam je?\u201d, kt\u00f3ry przeznaczony jest dla wy\u017cszych klas szk\u00f3\u0142 podstawowych. Jego g\u0142\u00f3wnym celem jest popularyzacja wiedzy na temat profilaktyki czerniaka. Program realizowany jest przez Fundacj\u0119 \u201eGwiazda Nadziei\u201d w partnerstwie z Wojew\u00f3dzkimi Stacjami Sanitarno-Epidemiologicznymi, pod&hellip; <a class=\"continue\" href=\"https:\/\/mycielewo.pl\/?p=48060\">Kontynuuj czytanie<span> Og\u00f3lnopolski Program Profilaktyki Czerniaka<\/span><\/a><\/p>\n","protected":false},"author":1,"featured_media":0,"comment_status":"open","ping_status":"open","sticky":false,"template":"","format":"standard","meta":{"footnotes":""},"categories":[1],"tags":[],"class_list":["post-48060","post","type-post","status-publish","format-standard","hentry","category-bez-kategorii"],"_links":{"self":[{"href":"https:\/\/mycielewo.pl\/index.php?rest_route=\/wp\/v2\/posts\/48060","targetHints":{"allow":["GET"]}}],"collection":[{"href":"https:\/\/mycielewo.pl\/index.php?rest_route=\/wp\/v2\/posts"}],"about":[{"href":"https:\/\/mycielewo.pl\/index.php?rest_route=\/wp\/v2\/types\/post"}],"author":[{"embeddable":true,"href":"https:\/\/mycielewo.pl\/index.php?rest_route=\/wp\/v2\/users\/1"}],"replies":[{"embeddable":true,"href":"https:\/\/mycielewo.pl\/index.php?rest_route=%2Fwp%2Fv2%2Fcomments&post=48060"}],"version-history":[{"count":1,"href":"https:\/\/mycielewo.pl\/index.php?rest_route=\/wp\/v2\/posts\/48060\/revisions"}],"predecessor-version":[{"id":48070,"href":"https:\/\/mycielewo.pl\/index.php?rest_route=\/wp\/v2\/posts\/48060\/revisions\/48070"}],"wp:attachment":[{"href":"https:\/\/mycielewo.pl\/index.php?rest_route=%2Fwp%2Fv2%2Fmedia&parent=48060"}],"wp:term":[{"taxonomy":"category","embeddable":true,"href":"https:\/\/mycielewo.pl\/index.php?rest_route=%2Fwp%2Fv2%2Fcategories&post=48060"},{"taxonomy":"post_tag","embeddable":true,"href":"https:\/\/mycielewo.pl\/index.php?rest_route=%2Fwp%2Fv2%2Ftags&post=48060"}],"curies":[{"name":"wp","href":"https:\/\/api.w.org\/{rel}","templated":true}]}}