{"id":47878,"date":"2024-03-23T09:45:22","date_gmt":"2024-03-23T09:45:22","guid":{"rendered":"https:\/\/mycielewo.pl\/?p=47878"},"modified":"2024-03-23T09:49:25","modified_gmt":"2024-03-23T09:49:25","slug":"kangur-matematyczny-2024-r","status":"publish","type":"post","link":"https:\/\/mycielewo.pl\/?p=47878","title":{"rendered":"Kangur Matematyczny 2024 r."},"content":{"rendered":"\n<p>W pierwszy dzie\u0144 wiosny, 21.03.2024 r. <strong>14 uczni\u00f3w przyst\u0105pi\u0142o do Mi\u0119dzynarodowego Konkursu Kangur Matematyczny 2024 r.<\/strong><\/p>\n\n\n\n<p>Konkurs &#8222;Kangur Matematyczny&#8221; jest adresowany do uczni\u00f3w szk\u00f3\u0142 podstawowych, gimnazjalnych i \u015brednich, od klasy drugiej szko\u0142y podstawowej do klas maturalnych w liceach i technikach. Konkurs ma charakter jednorazowego testu. Zadania oraz termin s\u0105 ustalane przez w\u0142adze stowarzyszenia Kangourou Sans Frontie`res. Na rozwi\u0105zanie testu przeznaczone jest 75 minut. Wsp\u00f3lna dla wszystkich kraj\u00f3w data konkursu oraz te same zestawy pyta\u0144 dla poszczeg\u00f3lnych poziom\u00f3w podnosz\u0105 atrakcyjno\u015b\u0107 konkursu. O wynikach konkursu dowiemy si\u0119 w maju br. szkolnego.<\/p>\n\n\n\n<p><strong>Trzymamy kciuki za naszych uczestnik\u00f3w i \u017cyczymy jak najlepszych wynik\u00f3w!<\/strong><\/p>\n\n\n\n<p class=\"has-text-align-right\"><em>Szkolny koordynator konkursu: Angelika Drozd<\/em><\/p>\n\n\n\n<figure class=\"wp-block-gallery has-nested-images columns-4 is-cropped wp-block-gallery-2 is-layout-flex wp-block-gallery-is-layout-flex\">\n<figure class=\"wp-block-image size-large\"><a href=\"https:\/\/mycielewo.pl\/wp-content\/uploads\/2024\/03\/images001-9.jpg\"><img loading=\"lazy\" decoding=\"async\" width=\"900\" height=\"675\" data-id=\"47879\" src=\"https:\/\/mycielewo.pl\/wp-content\/uploads\/2024\/03\/images001-9-900x675.jpg\" alt=\"\" class=\"wp-image-47879\"\/><\/a><\/figure>\n\n\n\n<figure class=\"wp-block-image size-large\"><a href=\"https:\/\/mycielewo.pl\/wp-content\/uploads\/2024\/03\/images002-9.jpg\"><img loading=\"lazy\" decoding=\"async\" width=\"900\" height=\"675\" data-id=\"47881\" src=\"https:\/\/mycielewo.pl\/wp-content\/uploads\/2024\/03\/images002-9-900x675.jpg\" alt=\"\" class=\"wp-image-47881\"\/><\/a><\/figure>\n\n\n\n<figure class=\"wp-block-image size-large\"><a href=\"https:\/\/mycielewo.pl\/wp-content\/uploads\/2024\/03\/images003-9.jpg\"><img loading=\"lazy\" decoding=\"async\" width=\"900\" height=\"675\" data-id=\"47880\" src=\"https:\/\/mycielewo.pl\/wp-content\/uploads\/2024\/03\/images003-9-900x675.jpg\" alt=\"\" class=\"wp-image-47880\"\/><\/a><\/figure>\n\n\n\n<figure class=\"wp-block-image size-large\"><a href=\"https:\/\/mycielewo.pl\/wp-content\/uploads\/2024\/03\/images004-9.jpg\"><img loading=\"lazy\" decoding=\"async\" width=\"900\" height=\"675\" data-id=\"47882\" src=\"https:\/\/mycielewo.pl\/wp-content\/uploads\/2024\/03\/images004-9-900x675.jpg\" alt=\"\" class=\"wp-image-47882\"\/><\/a><\/figure>\n<\/figure>\n","protected":false},"excerpt":{"rendered":"<p>W pierwszy dzie\u0144 wiosny, 21.03.2024 r. 14 uczni\u00f3w przyst\u0105pi\u0142o do Mi\u0119dzynarodowego Konkursu Kangur Matematyczny 2024 r. Konkurs &#8222;Kangur Matematyczny&#8221; jest adresowany do uczni\u00f3w szk\u00f3\u0142 podstawowych, gimnazjalnych i \u015brednich, od klasy drugiej szko\u0142y podstawowej do klas maturalnych w liceach i technikach. Konkurs ma charakter jednorazowego testu. Zadania oraz termin s\u0105 ustalane przez w\u0142adze stowarzyszenia Kangourou Sans&hellip; <a class=\"continue\" href=\"https:\/\/mycielewo.pl\/?p=47878\">Kontynuuj czytanie<span> Kangur Matematyczny 2024 r.<\/span><\/a><\/p>\n","protected":false},"author":1,"featured_media":0,"comment_status":"open","ping_status":"open","sticky":false,"template":"","format":"standard","meta":{"footnotes":""},"categories":[1],"tags":[],"class_list":["post-47878","post","type-post","status-publish","format-standard","hentry","category-bez-kategorii"],"_links":{"self":[{"href":"https:\/\/mycielewo.pl\/index.php?rest_route=\/wp\/v2\/posts\/47878","targetHints":{"allow":["GET"]}}],"collection":[{"href":"https:\/\/mycielewo.pl\/index.php?rest_route=\/wp\/v2\/posts"}],"about":[{"href":"https:\/\/mycielewo.pl\/index.php?rest_route=\/wp\/v2\/types\/post"}],"author":[{"embeddable":true,"href":"https:\/\/mycielewo.pl\/index.php?rest_route=\/wp\/v2\/users\/1"}],"replies":[{"embeddable":true,"href":"https:\/\/mycielewo.pl\/index.php?rest_route=%2Fwp%2Fv2%2Fcomments&post=47878"}],"version-history":[{"count":2,"href":"https:\/\/mycielewo.pl\/index.php?rest_route=\/wp\/v2\/posts\/47878\/revisions"}],"predecessor-version":[{"id":47884,"href":"https:\/\/mycielewo.pl\/index.php?rest_route=\/wp\/v2\/posts\/47878\/revisions\/47884"}],"wp:attachment":[{"href":"https:\/\/mycielewo.pl\/index.php?rest_route=%2Fwp%2Fv2%2Fmedia&parent=47878"}],"wp:term":[{"taxonomy":"category","embeddable":true,"href":"https:\/\/mycielewo.pl\/index.php?rest_route=%2Fwp%2Fv2%2Fcategories&post=47878"},{"taxonomy":"post_tag","embeddable":true,"href":"https:\/\/mycielewo.pl\/index.php?rest_route=%2Fwp%2Fv2%2Ftags&post=47878"}],"curies":[{"name":"wp","href":"https:\/\/api.w.org\/{rel}","templated":true}]}}