{"id":47792,"date":"2024-03-20T11:07:51","date_gmt":"2024-03-20T11:07:51","guid":{"rendered":"https:\/\/mycielewo.pl\/?p=47792"},"modified":"2024-03-20T11:08:32","modified_gmt":"2024-03-20T11:08:32","slug":"pierwszy-dzien-kalendarzowej-wiosny-i-dzien-kolorowej-skarpetki","status":"publish","type":"post","link":"https:\/\/mycielewo.pl\/?p=47792","title":{"rendered":"Pierwszy Dzie\u0144 Kalendarzowej Wiosny i Dzie\u0144 Kolorowej Skarpetki"},"content":{"rendered":"<div class=\"wp-block-image is-style-rounded\">\n<figure class=\"alignleft size-thumbnail is-resized\"><img loading=\"lazy\" decoding=\"async\" width=\"250\" height=\"141\" src=\"https:\/\/mycielewo.pl\/wp-content\/uploads\/2024\/03\/image1-9-250x141.jpg\" alt=\"\" class=\"wp-image-47793\" style=\"width:309px;height:auto\" srcset=\"https:\/\/mycielewo.pl\/wp-content\/uploads\/2024\/03\/image1-9-250x141.jpg 250w, https:\/\/mycielewo.pl\/wp-content\/uploads\/2024\/03\/image1-9-850x478.jpg 850w, https:\/\/mycielewo.pl\/wp-content\/uploads\/2024\/03\/image1-9-1200x675.jpg 1200w\" sizes=\"auto, (max-width: 250px) 100vw, 250px\" \/><\/figure>\n<\/div>\n\n\n<p><strong>21 marca<\/strong>\u00a0obchodzimy: Pierwszy Dzie\u0144 Kalendarzowej Wiosny oraz \u015awiatowy Dzie\u0144 Zespo\u0142u Downa\/Dzie\u0144 Kolorowej Skarpetki. Data jest nieprzypadkowa \u2013 nawi\u0105zuje do obecno\u015bci trzeciego chromosomu w 21 parze chromosom\u00f3w.<br>Zach\u0119camy do przyj\u015bcia w tym dniu w dw\u00f3ch r\u00f3\u017cnokolorowych skarpetkach.<\/p>\n\n\n\n<p class=\"has-text-align-right\"><em>Samorz\u0105d Uczniowski<\/em><\/p>\n","protected":false},"excerpt":{"rendered":"<p>21 marca\u00a0obchodzimy: Pierwszy Dzie\u0144 Kalendarzowej Wiosny oraz \u015awiatowy Dzie\u0144 Zespo\u0142u Downa\/Dzie\u0144 Kolorowej Skarpetki. Data jest nieprzypadkowa \u2013 nawi\u0105zuje do obecno\u015bci trzeciego chromosomu w 21 parze chromosom\u00f3w.Zach\u0119camy do przyj\u015bcia w tym dniu w dw\u00f3ch r\u00f3\u017cnokolorowych skarpetkach. Samorz\u0105d Uczniowski<\/p>\n","protected":false},"author":1,"featured_media":0,"comment_status":"open","ping_status":"open","sticky":false,"template":"","format":"standard","meta":{"footnotes":""},"categories":[1],"tags":[],"class_list":["post-47792","post","type-post","status-publish","format-standard","hentry","category-bez-kategorii"],"_links":{"self":[{"href":"https:\/\/mycielewo.pl\/index.php?rest_route=\/wp\/v2\/posts\/47792","targetHints":{"allow":["GET"]}}],"collection":[{"href":"https:\/\/mycielewo.pl\/index.php?rest_route=\/wp\/v2\/posts"}],"about":[{"href":"https:\/\/mycielewo.pl\/index.php?rest_route=\/wp\/v2\/types\/post"}],"author":[{"embeddable":true,"href":"https:\/\/mycielewo.pl\/index.php?rest_route=\/wp\/v2\/users\/1"}],"replies":[{"embeddable":true,"href":"https:\/\/mycielewo.pl\/index.php?rest_route=%2Fwp%2Fv2%2Fcomments&post=47792"}],"version-history":[{"count":1,"href":"https:\/\/mycielewo.pl\/index.php?rest_route=\/wp\/v2\/posts\/47792\/revisions"}],"predecessor-version":[{"id":47794,"href":"https:\/\/mycielewo.pl\/index.php?rest_route=\/wp\/v2\/posts\/47792\/revisions\/47794"}],"wp:attachment":[{"href":"https:\/\/mycielewo.pl\/index.php?rest_route=%2Fwp%2Fv2%2Fmedia&parent=47792"}],"wp:term":[{"taxonomy":"category","embeddable":true,"href":"https:\/\/mycielewo.pl\/index.php?rest_route=%2Fwp%2Fv2%2Fcategories&post=47792"},{"taxonomy":"post_tag","embeddable":true,"href":"https:\/\/mycielewo.pl\/index.php?rest_route=%2Fwp%2Fv2%2Ftags&post=47792"}],"curies":[{"name":"wp","href":"https:\/\/api.w.org\/{rel}","templated":true}]}}