{"id":47755,"date":"2024-03-19T10:03:05","date_gmt":"2024-03-19T10:03:05","guid":{"rendered":"https:\/\/mycielewo.pl\/?p=47755"},"modified":"2024-03-19T10:03:08","modified_gmt":"2024-03-19T10:03:08","slug":"uwaga-wiosna","status":"publish","type":"post","link":"https:\/\/mycielewo.pl\/?p=47755","title":{"rendered":"UWAGA! Wiosna!"},"content":{"rendered":"<div class=\"wp-block-image is-style-rounded\">\n<figure class=\"alignleft size-thumbnail\"><img loading=\"lazy\" decoding=\"async\" width=\"250\" height=\"141\" src=\"https:\/\/mycielewo.pl\/wp-content\/uploads\/2024\/03\/wiosna-250x141.jpg\" alt=\"\" class=\"wp-image-47756\" srcset=\"https:\/\/mycielewo.pl\/wp-content\/uploads\/2024\/03\/wiosna-250x141.jpg 250w, https:\/\/mycielewo.pl\/wp-content\/uploads\/2024\/03\/wiosna-850x478.jpg 850w, https:\/\/mycielewo.pl\/wp-content\/uploads\/2024\/03\/wiosna-1200x675.jpg 1200w, https:\/\/mycielewo.pl\/wp-content\/uploads\/2024\/03\/wiosna-768x432.jpg 768w, https:\/\/mycielewo.pl\/wp-content\/uploads\/2024\/03\/wiosna-1536x864.jpg 1536w, https:\/\/mycielewo.pl\/wp-content\/uploads\/2024\/03\/wiosna.jpg 2048w\" sizes=\"auto, (max-width: 250px) 100vw, 250px\" \/><\/figure>\n<\/div>\n\n\n<p>W czwartek 21 marca\u00a02024 r. odb\u0119dzie si\u0119 uroczyste powitanie wiosny. Uczniowie zak\u0142adaj\u0105 z tej okazji zielone ubrania. W tym dniu b\u0119d\u0105 r\u00f3wnie\u017c sprzedawane babeczki w cenie 3 z\u0142 i 5 z\u0142, kt\u00f3re b\u0119dzie mo\u017cna zakupi\u0107 podczas przerw \u015br\u00f3dlekcyjnych\u00a02 sztuki na osob\u0119. <br>Zapraszamy do w\u0142\u0105czenia si\u0119 w akcj\u0119.<\/p>\n\n\n\n<p class=\"has-text-align-right\"><em>\u00a0\u00a0\u00a0\u00a0\u00a0\u00a0\u00a0\u00a0\u00a0\u00a0\u00a0\u00a0\u00a0\u00a0\u00a0\u00a0\u00a0\u00a0\u00a0\u00a0\u00a0\u00a0\u00a0\u00a0\u00a0\u00a0\u00a0\u00a0\u00a0\u00a0\u00a0\u00a0 \u00a0\u00a0\u00a0\u00a0\u00a0\u00a0\u00a0\u00a0\u00a0\u00a0\u00a0\u00a0\u00a0\u00a0\u00a0\u00a0\u00a0\u00a0\u00a0\u00a0\u00a0\u00a0\u00a0\u00a0\u00a0\u00a0\u00a0\u00a0\u00a0\u00a0\u00a0\u00a0 \u00a0Samorz\u0105d Uczniowski<\/em><\/p>\n","protected":false},"excerpt":{"rendered":"<p>W czwartek 21 marca\u00a02024 r. odb\u0119dzie si\u0119 uroczyste powitanie wiosny. Uczniowie zak\u0142adaj\u0105 z tej okazji zielone ubrania. W tym dniu b\u0119d\u0105 r\u00f3wnie\u017c sprzedawane babeczki w cenie 3 z\u0142 i 5 z\u0142, kt\u00f3re b\u0119dzie mo\u017cna zakupi\u0107 podczas przerw \u015br\u00f3dlekcyjnych\u00a02 sztuki na osob\u0119. Zapraszamy do w\u0142\u0105czenia si\u0119 w akcj\u0119. \u00a0\u00a0\u00a0\u00a0\u00a0\u00a0\u00a0\u00a0\u00a0\u00a0\u00a0\u00a0\u00a0\u00a0\u00a0\u00a0\u00a0\u00a0\u00a0\u00a0\u00a0\u00a0\u00a0\u00a0\u00a0\u00a0\u00a0\u00a0\u00a0\u00a0\u00a0\u00a0 \u00a0\u00a0\u00a0\u00a0\u00a0\u00a0\u00a0\u00a0\u00a0\u00a0\u00a0\u00a0\u00a0\u00a0\u00a0\u00a0\u00a0\u00a0\u00a0\u00a0\u00a0\u00a0\u00a0\u00a0\u00a0\u00a0\u00a0\u00a0\u00a0\u00a0\u00a0\u00a0 \u00a0Samorz\u0105d Uczniowski<\/p>\n","protected":false},"author":1,"featured_media":0,"comment_status":"open","ping_status":"open","sticky":false,"template":"","format":"standard","meta":{"footnotes":""},"categories":[1],"tags":[],"class_list":["post-47755","post","type-post","status-publish","format-standard","hentry","category-bez-kategorii"],"_links":{"self":[{"href":"https:\/\/mycielewo.pl\/index.php?rest_route=\/wp\/v2\/posts\/47755","targetHints":{"allow":["GET"]}}],"collection":[{"href":"https:\/\/mycielewo.pl\/index.php?rest_route=\/wp\/v2\/posts"}],"about":[{"href":"https:\/\/mycielewo.pl\/index.php?rest_route=\/wp\/v2\/types\/post"}],"author":[{"embeddable":true,"href":"https:\/\/mycielewo.pl\/index.php?rest_route=\/wp\/v2\/users\/1"}],"replies":[{"embeddable":true,"href":"https:\/\/mycielewo.pl\/index.php?rest_route=%2Fwp%2Fv2%2Fcomments&post=47755"}],"version-history":[{"count":1,"href":"https:\/\/mycielewo.pl\/index.php?rest_route=\/wp\/v2\/posts\/47755\/revisions"}],"predecessor-version":[{"id":47757,"href":"https:\/\/mycielewo.pl\/index.php?rest_route=\/wp\/v2\/posts\/47755\/revisions\/47757"}],"wp:attachment":[{"href":"https:\/\/mycielewo.pl\/index.php?rest_route=%2Fwp%2Fv2%2Fmedia&parent=47755"}],"wp:term":[{"taxonomy":"category","embeddable":true,"href":"https:\/\/mycielewo.pl\/index.php?rest_route=%2Fwp%2Fv2%2Fcategories&post=47755"},{"taxonomy":"post_tag","embeddable":true,"href":"https:\/\/mycielewo.pl\/index.php?rest_route=%2Fwp%2Fv2%2Ftags&post=47755"}],"curies":[{"name":"wp","href":"https:\/\/api.w.org\/{rel}","templated":true}]}}