{"id":47692,"date":"2024-03-16T14:48:00","date_gmt":"2024-03-16T14:48:00","guid":{"rendered":"https:\/\/mycielewo.pl\/?p=47692"},"modified":"2024-03-16T14:48:27","modified_gmt":"2024-03-16T14:48:27","slug":"mycielewo-5-druzyna-w-wojewodztwie-w-pilce-recznej-w-kat-igrzyska-mlodziezy-szkolnej","status":"publish","type":"post","link":"https:\/\/mycielewo.pl\/?p=47692","title":{"rendered":"Mycielewo pi\u0105t\u0105 dru\u017cyn\u0105 w wojew\u00f3dztwie w pi\u0142ce r\u0119cznej w kat. Igrzyska M\u0142odzie\u017cy Szkolnej"},"content":{"rendered":"\n<p><strong>Jako zwyci\u0119ska dru\u017cyna w \u0107wier\u0107finale wojew\u00f3dzkim 13 marca 2024 r. udali\u015bmy si\u0119 do\u00a0SP nr 48 w Bydgoszczy, gdzie odby\u0142 si\u0119 P\u00f3\u0142fina\u0142 Wojew\u00f3dzki w Pi\u0142ce R\u0119cznej Ch\u0142opc\u00f3w kat. Igrzyska M\u0142odzie\u017cy Szkolnej.<\/strong><\/p>\n\n\n\n<p>Dru\u017cyna z Mycielewa rozpocz\u0119\u0142a turniej od rywalizacji z gospodarzem turnieju. Mecz zako\u0144czy\u0142 si\u0119 wynikiem 20:15 dla zawodnik\u00f3w z Bydgoszczy.<\/p>\n\n\n\n<p>Kolejne&nbsp; spotkanie rozegrali\u015bmy z faworytem&nbsp;ca\u0142ego turnieju, mistrzem powiatu w\u0142oc\u0142awskiego SP Choce\u0144. Niestety nie uda\u0142o si\u0119 nam pokona\u0107 r\u00f3wie\u015bnik\u00f3w z Chocenia.&nbsp;<\/p>\n\n\n\n<p>Ch\u0142opcy z SP w Mycielewie osi\u0105gn\u0119li najwy\u017cszy jak do tej pory wynik w historii szko\u0142y w rywalizacji w pi\u0142ce r\u0119cznej.&nbsp;<\/p>\n\n\n\n<p>By\u0142 to r\u00f3wnie\u017c pierwszy rok, gdzie dru\u017cyna pi\u0142ki r\u0119cznej ch\u0142opc\u00f3w kat. Igrzyska Dzieci (kl. 4-6) oraz dru\u017cyna ch\u0142opc\u00f3w kat. Igrzyska M\u0142odzie\u017cy Szkolnej (kl. 7-8) r\u00f3wnocze\u015bnie rywalizuj\u0105 na szczeblu wojew\u00f3dzkim.&nbsp;<\/p>\n\n\n\n<p>SP w Mycielewie:&nbsp;<br>Oliwier Lewandowski &#8211; bramkarz, Remigiusz Senska \u2013 bramkarz, Jakub Pazderski, Wojtek Manikowski, Mateusz Przybylski, Franek Strzy\u017cewski, Wiktor Walczewski, Klaudiusz Walczewski, Remigiusz Socha, Hubert Obszy\u0144ski.<\/p>\n\n\n\n<p>Opiekun:&nbsp; Andrzej Kulczy\u0144ski&nbsp;<\/p>\n\n\n\n<p class=\"has-text-align-right\"><em>Tekst i foto Andrzej Kulczy\u0144ski<\/em><\/p>\n\n\n\n<figure class=\"wp-block-gallery has-nested-images columns-5 is-cropped wp-block-gallery-2 is-layout-flex wp-block-gallery-is-layout-flex\">\n<figure class=\"wp-block-image size-large\"><a href=\"https:\/\/mycielewo.pl\/wp-content\/uploads\/2024\/03\/images001-5.jpg\"><img loading=\"lazy\" decoding=\"async\" width=\"1200\" height=\"675\" data-id=\"47693\" src=\"https:\/\/mycielewo.pl\/wp-content\/uploads\/2024\/03\/images001-5-1200x675.jpg\" alt=\"\" class=\"wp-image-47693\" srcset=\"https:\/\/mycielewo.pl\/wp-content\/uploads\/2024\/03\/images001-5-1200x675.jpg 1200w, https:\/\/mycielewo.pl\/wp-content\/uploads\/2024\/03\/images001-5-850x478.jpg 850w, https:\/\/mycielewo.pl\/wp-content\/uploads\/2024\/03\/images001-5-250x141.jpg 250w\" sizes=\"auto, (max-width: 1200px) 100vw, 1200px\" \/><\/a><\/figure>\n\n\n\n<figure class=\"wp-block-image size-large\"><a href=\"https:\/\/mycielewo.pl\/wp-content\/uploads\/2024\/03\/images002-5.jpg\"><img loading=\"lazy\" decoding=\"async\" width=\"1200\" height=\"675\" data-id=\"47697\" src=\"https:\/\/mycielewo.pl\/wp-content\/uploads\/2024\/03\/images002-5-1200x675.jpg\" alt=\"\" class=\"wp-image-47697\" srcset=\"https:\/\/mycielewo.pl\/wp-content\/uploads\/2024\/03\/images002-5-1200x675.jpg 1200w, https:\/\/mycielewo.pl\/wp-content\/uploads\/2024\/03\/images002-5-850x478.jpg 850w, https:\/\/mycielewo.pl\/wp-content\/uploads\/2024\/03\/images002-5-250x141.jpg 250w\" sizes=\"auto, (max-width: 1200px) 100vw, 1200px\" \/><\/a><\/figure>\n\n\n\n<figure class=\"wp-block-image size-large\"><a href=\"https:\/\/mycielewo.pl\/wp-content\/uploads\/2024\/03\/images003-5.jpg\"><img loading=\"lazy\" decoding=\"async\" width=\"1200\" height=\"675\" data-id=\"47694\" src=\"https:\/\/mycielewo.pl\/wp-content\/uploads\/2024\/03\/images003-5-1200x675.jpg\" alt=\"\" class=\"wp-image-47694\" srcset=\"https:\/\/mycielewo.pl\/wp-content\/uploads\/2024\/03\/images003-5-1200x675.jpg 1200w, https:\/\/mycielewo.pl\/wp-content\/uploads\/2024\/03\/images003-5-850x478.jpg 850w, https:\/\/mycielewo.pl\/wp-content\/uploads\/2024\/03\/images003-5-250x141.jpg 250w\" sizes=\"auto, (max-width: 1200px) 100vw, 1200px\" \/><\/a><\/figure>\n\n\n\n<figure class=\"wp-block-image size-large\"><a href=\"https:\/\/mycielewo.pl\/wp-content\/uploads\/2024\/03\/images004-5.jpg\"><img loading=\"lazy\" decoding=\"async\" width=\"1200\" height=\"675\" data-id=\"47696\" src=\"https:\/\/mycielewo.pl\/wp-content\/uploads\/2024\/03\/images004-5-1200x675.jpg\" alt=\"\" class=\"wp-image-47696\" srcset=\"https:\/\/mycielewo.pl\/wp-content\/uploads\/2024\/03\/images004-5-1200x675.jpg 1200w, https:\/\/mycielewo.pl\/wp-content\/uploads\/2024\/03\/images004-5-850x478.jpg 850w, https:\/\/mycielewo.pl\/wp-content\/uploads\/2024\/03\/images004-5-250x141.jpg 250w\" sizes=\"auto, (max-width: 1200px) 100vw, 1200px\" \/><\/a><\/figure>\n\n\n\n<figure class=\"wp-block-image size-large\"><a href=\"https:\/\/mycielewo.pl\/wp-content\/uploads\/2024\/03\/images005-6.jpg\"><img loading=\"lazy\" decoding=\"async\" width=\"1200\" height=\"675\" data-id=\"47695\" src=\"https:\/\/mycielewo.pl\/wp-content\/uploads\/2024\/03\/images005-6-1200x675.jpg\" alt=\"\" class=\"wp-image-47695\" srcset=\"https:\/\/mycielewo.pl\/wp-content\/uploads\/2024\/03\/images005-6-1200x675.jpg 1200w, https:\/\/mycielewo.pl\/wp-content\/uploads\/2024\/03\/images005-6-850x478.jpg 850w, https:\/\/mycielewo.pl\/wp-content\/uploads\/2024\/03\/images005-6-250x141.jpg 250w\" sizes=\"auto, (max-width: 1200px) 100vw, 1200px\" \/><\/a><\/figure>\n<\/figure>\n","protected":false},"excerpt":{"rendered":"<p>Jako zwyci\u0119ska dru\u017cyna w \u0107wier\u0107finale wojew\u00f3dzkim 13 marca 2024 r. udali\u015bmy si\u0119 do\u00a0SP nr 48 w Bydgoszczy, gdzie odby\u0142 si\u0119 P\u00f3\u0142fina\u0142 Wojew\u00f3dzki w Pi\u0142ce R\u0119cznej Ch\u0142opc\u00f3w kat. Igrzyska M\u0142odzie\u017cy Szkolnej. Dru\u017cyna z Mycielewa rozpocz\u0119\u0142a turniej od rywalizacji z gospodarzem turnieju. Mecz zako\u0144czy\u0142 si\u0119 wynikiem 20:15 dla zawodnik\u00f3w z Bydgoszczy. Kolejne&nbsp; spotkanie rozegrali\u015bmy z faworytem&nbsp;ca\u0142ego turnieju,&hellip; <a class=\"continue\" href=\"https:\/\/mycielewo.pl\/?p=47692\">Kontynuuj czytanie<span> Mycielewo pi\u0105t\u0105 dru\u017cyn\u0105 w wojew\u00f3dztwie w pi\u0142ce r\u0119cznej w kat. Igrzyska M\u0142odzie\u017cy Szkolnej<\/span><\/a><\/p>\n","protected":false},"author":1,"featured_media":0,"comment_status":"open","ping_status":"open","sticky":false,"template":"","format":"standard","meta":{"footnotes":""},"categories":[1],"tags":[],"class_list":["post-47692","post","type-post","status-publish","format-standard","hentry","category-bez-kategorii"],"_links":{"self":[{"href":"https:\/\/mycielewo.pl\/index.php?rest_route=\/wp\/v2\/posts\/47692","targetHints":{"allow":["GET"]}}],"collection":[{"href":"https:\/\/mycielewo.pl\/index.php?rest_route=\/wp\/v2\/posts"}],"about":[{"href":"https:\/\/mycielewo.pl\/index.php?rest_route=\/wp\/v2\/types\/post"}],"author":[{"embeddable":true,"href":"https:\/\/mycielewo.pl\/index.php?rest_route=\/wp\/v2\/users\/1"}],"replies":[{"embeddable":true,"href":"https:\/\/mycielewo.pl\/index.php?rest_route=%2Fwp%2Fv2%2Fcomments&post=47692"}],"version-history":[{"count":2,"href":"https:\/\/mycielewo.pl\/index.php?rest_route=\/wp\/v2\/posts\/47692\/revisions"}],"predecessor-version":[{"id":47699,"href":"https:\/\/mycielewo.pl\/index.php?rest_route=\/wp\/v2\/posts\/47692\/revisions\/47699"}],"wp:attachment":[{"href":"https:\/\/mycielewo.pl\/index.php?rest_route=%2Fwp%2Fv2%2Fmedia&parent=47692"}],"wp:term":[{"taxonomy":"category","embeddable":true,"href":"https:\/\/mycielewo.pl\/index.php?rest_route=%2Fwp%2Fv2%2Fcategories&post=47692"},{"taxonomy":"post_tag","embeddable":true,"href":"https:\/\/mycielewo.pl\/index.php?rest_route=%2Fwp%2Fv2%2Ftags&post=47692"}],"curies":[{"name":"wp","href":"https:\/\/api.w.org\/{rel}","templated":true}]}}