{"id":47615,"date":"2024-03-11T15:57:28","date_gmt":"2024-03-11T15:57:28","guid":{"rendered":"https:\/\/mycielewo.pl\/?p=47615"},"modified":"2024-03-11T16:17:25","modified_gmt":"2024-03-11T16:17:25","slug":"trwaja-rekolekcje-wielkopostne","status":"publish","type":"post","link":"https:\/\/mycielewo.pl\/?p=47615","title":{"rendered":"Trwaj\u0105 rekolekcje wielkopostne"},"content":{"rendered":"\n<p>W dniach 11-13 marca (poniedzia\u0142ek, wtorek, \u015broda) dla wszystkich uczni\u00f3w Szko\u0142y Podstawowej w Mycielewie rekolekcje odbywaj\u0105 si\u0119 w ko\u015bciele pw. \u015awi\u0119tego Miko\u0142aja Biskupa w Szaradowie.<\/p>\n\n\n\n<p>Program rekolekcji i dojazdy <a href=\"https:\/\/mycielewo.pl\/?p=47503\" data-type=\"post\" data-id=\"47503\">tutaj<\/a>.<\/p>\n\n\n\n<p>Zapraszamy r\u00f3wnie\u017c na<a href=\"http:\/\/www.szaradowo.pl\"> stron\u0119 internetow\u0105 <\/a> oraz <a href=\"https:\/\/www.facebook.com\/parafia.szaradowo\">profil Facebook<\/a> parafii.<\/p>\n\n\n\n<figure class=\"wp-block-gallery has-nested-images columns-8 is-cropped wp-block-gallery-2 is-layout-flex wp-block-gallery-is-layout-flex\">\n<figure class=\"wp-block-image size-large\"><a href=\"https:\/\/mycielewo.pl\/wp-content\/uploads\/2024\/03\/images014.jpg\"><img loading=\"lazy\" decoding=\"async\" width=\"780\" height=\"675\" data-id=\"47616\" src=\"https:\/\/mycielewo.pl\/wp-content\/uploads\/2024\/03\/images014-780x675.jpg\" alt=\"\" class=\"wp-image-47616\"\/><\/a><\/figure>\n\n\n\n<figure class=\"wp-block-image size-large\"><a href=\"https:\/\/mycielewo.pl\/wp-content\/uploads\/2024\/03\/images001-3.jpg\"><img loading=\"lazy\" decoding=\"async\" width=\"1200\" height=\"675\" data-id=\"47617\" src=\"https:\/\/mycielewo.pl\/wp-content\/uploads\/2024\/03\/images001-3-1200x675.jpg\" alt=\"\" class=\"wp-image-47617\" srcset=\"https:\/\/mycielewo.pl\/wp-content\/uploads\/2024\/03\/images001-3-1200x675.jpg 1200w, https:\/\/mycielewo.pl\/wp-content\/uploads\/2024\/03\/images001-3-850x478.jpg 850w, https:\/\/mycielewo.pl\/wp-content\/uploads\/2024\/03\/images001-3-250x141.jpg 250w, https:\/\/mycielewo.pl\/wp-content\/uploads\/2024\/03\/images001-3-768x432.jpg 768w, https:\/\/mycielewo.pl\/wp-content\/uploads\/2024\/03\/images001-3.jpg 1387w\" sizes=\"auto, (max-width: 1200px) 100vw, 1200px\" \/><\/a><\/figure>\n\n\n\n<figure class=\"wp-block-image size-large\"><a href=\"https:\/\/mycielewo.pl\/wp-content\/uploads\/2024\/03\/images002-3.jpg\"><img loading=\"lazy\" decoding=\"async\" width=\"1200\" height=\"675\" data-id=\"47624\" src=\"https:\/\/mycielewo.pl\/wp-content\/uploads\/2024\/03\/images002-3-1200x675.jpg\" alt=\"\" class=\"wp-image-47624\" srcset=\"https:\/\/mycielewo.pl\/wp-content\/uploads\/2024\/03\/images002-3-1200x675.jpg 1200w, https:\/\/mycielewo.pl\/wp-content\/uploads\/2024\/03\/images002-3-850x478.jpg 850w, https:\/\/mycielewo.pl\/wp-content\/uploads\/2024\/03\/images002-3-250x141.jpg 250w, https:\/\/mycielewo.pl\/wp-content\/uploads\/2024\/03\/images002-3-768x432.jpg 768w, https:\/\/mycielewo.pl\/wp-content\/uploads\/2024\/03\/images002-3.jpg 1387w\" sizes=\"auto, (max-width: 1200px) 100vw, 1200px\" \/><\/a><\/figure>\n\n\n\n<figure class=\"wp-block-image size-large\"><a href=\"https:\/\/mycielewo.pl\/wp-content\/uploads\/2024\/03\/images003-3.jpg\"><img loading=\"lazy\" decoding=\"async\" width=\"1200\" height=\"675\" data-id=\"47621\" src=\"https:\/\/mycielewo.pl\/wp-content\/uploads\/2024\/03\/images003-3-1200x675.jpg\" alt=\"\" class=\"wp-image-47621\" srcset=\"https:\/\/mycielewo.pl\/wp-content\/uploads\/2024\/03\/images003-3-1200x675.jpg 1200w, https:\/\/mycielewo.pl\/wp-content\/uploads\/2024\/03\/images003-3-850x478.jpg 850w, https:\/\/mycielewo.pl\/wp-content\/uploads\/2024\/03\/images003-3-250x141.jpg 250w, https:\/\/mycielewo.pl\/wp-content\/uploads\/2024\/03\/images003-3-768x432.jpg 768w, https:\/\/mycielewo.pl\/wp-content\/uploads\/2024\/03\/images003-3.jpg 1387w\" sizes=\"auto, (max-width: 1200px) 100vw, 1200px\" \/><\/a><\/figure>\n\n\n\n<figure class=\"wp-block-image size-large\"><a href=\"https:\/\/mycielewo.pl\/wp-content\/uploads\/2024\/03\/images004-3.jpg\"><img loading=\"lazy\" decoding=\"async\" width=\"1200\" height=\"675\" data-id=\"47629\" src=\"https:\/\/mycielewo.pl\/wp-content\/uploads\/2024\/03\/images004-3-1200x675.jpg\" alt=\"\" class=\"wp-image-47629\" srcset=\"https:\/\/mycielewo.pl\/wp-content\/uploads\/2024\/03\/images004-3-1200x675.jpg 1200w, https:\/\/mycielewo.pl\/wp-content\/uploads\/2024\/03\/images004-3-850x478.jpg 850w, https:\/\/mycielewo.pl\/wp-content\/uploads\/2024\/03\/images004-3-250x141.jpg 250w, https:\/\/mycielewo.pl\/wp-content\/uploads\/2024\/03\/images004-3-768x432.jpg 768w, https:\/\/mycielewo.pl\/wp-content\/uploads\/2024\/03\/images004-3.jpg 1387w\" sizes=\"auto, (max-width: 1200px) 100vw, 1200px\" \/><\/a><\/figure>\n\n\n\n<figure class=\"wp-block-image size-large\"><a href=\"https:\/\/mycielewo.pl\/wp-content\/uploads\/2024\/03\/images005-4.jpg\"><img loading=\"lazy\" decoding=\"async\" width=\"1200\" height=\"675\" data-id=\"47620\" src=\"https:\/\/mycielewo.pl\/wp-content\/uploads\/2024\/03\/images005-4-1200x675.jpg\" alt=\"\" class=\"wp-image-47620\" srcset=\"https:\/\/mycielewo.pl\/wp-content\/uploads\/2024\/03\/images005-4-1200x675.jpg 1200w, https:\/\/mycielewo.pl\/wp-content\/uploads\/2024\/03\/images005-4-850x478.jpg 850w, https:\/\/mycielewo.pl\/wp-content\/uploads\/2024\/03\/images005-4-250x141.jpg 250w, https:\/\/mycielewo.pl\/wp-content\/uploads\/2024\/03\/images005-4-768x432.jpg 768w, https:\/\/mycielewo.pl\/wp-content\/uploads\/2024\/03\/images005-4.jpg 1387w\" sizes=\"auto, (max-width: 1200px) 100vw, 1200px\" \/><\/a><\/figure>\n\n\n\n<figure class=\"wp-block-image size-large\"><a href=\"https:\/\/mycielewo.pl\/wp-content\/uploads\/2024\/03\/images006-4.jpg\"><img loading=\"lazy\" decoding=\"async\" width=\"780\" height=\"675\" data-id=\"47618\" src=\"https:\/\/mycielewo.pl\/wp-content\/uploads\/2024\/03\/images006-4-780x675.jpg\" alt=\"\" class=\"wp-image-47618\"\/><\/a><\/figure>\n\n\n\n<figure class=\"wp-block-image size-large\"><a href=\"https:\/\/mycielewo.pl\/wp-content\/uploads\/2024\/03\/images007-4.jpg\"><img loading=\"lazy\" decoding=\"async\" width=\"780\" height=\"675\" data-id=\"47628\" src=\"https:\/\/mycielewo.pl\/wp-content\/uploads\/2024\/03\/images007-4-780x675.jpg\" alt=\"\" class=\"wp-image-47628\"\/><\/a><\/figure>\n\n\n\n<figure class=\"wp-block-image size-large\"><a href=\"https:\/\/mycielewo.pl\/wp-content\/uploads\/2024\/03\/images008-3.jpg\"><img loading=\"lazy\" decoding=\"async\" width=\"1200\" height=\"675\" data-id=\"47626\" src=\"https:\/\/mycielewo.pl\/wp-content\/uploads\/2024\/03\/images008-3-1200x675.jpg\" alt=\"\" class=\"wp-image-47626\" srcset=\"https:\/\/mycielewo.pl\/wp-content\/uploads\/2024\/03\/images008-3-1200x675.jpg 1200w, https:\/\/mycielewo.pl\/wp-content\/uploads\/2024\/03\/images008-3-850x478.jpg 850w, https:\/\/mycielewo.pl\/wp-content\/uploads\/2024\/03\/images008-3-250x141.jpg 250w, https:\/\/mycielewo.pl\/wp-content\/uploads\/2024\/03\/images008-3-768x432.jpg 768w, https:\/\/mycielewo.pl\/wp-content\/uploads\/2024\/03\/images008-3.jpg 1387w\" sizes=\"auto, (max-width: 1200px) 100vw, 1200px\" \/><\/a><\/figure>\n\n\n\n<figure class=\"wp-block-image size-large\"><a href=\"https:\/\/mycielewo.pl\/wp-content\/uploads\/2024\/03\/images009-3.jpg\"><img loading=\"lazy\" decoding=\"async\" width=\"1200\" height=\"675\" data-id=\"47627\" src=\"https:\/\/mycielewo.pl\/wp-content\/uploads\/2024\/03\/images009-3-1200x675.jpg\" alt=\"\" class=\"wp-image-47627\" srcset=\"https:\/\/mycielewo.pl\/wp-content\/uploads\/2024\/03\/images009-3-1200x675.jpg 1200w, https:\/\/mycielewo.pl\/wp-content\/uploads\/2024\/03\/images009-3-850x478.jpg 850w, https:\/\/mycielewo.pl\/wp-content\/uploads\/2024\/03\/images009-3-250x141.jpg 250w, https:\/\/mycielewo.pl\/wp-content\/uploads\/2024\/03\/images009-3-768x432.jpg 768w, https:\/\/mycielewo.pl\/wp-content\/uploads\/2024\/03\/images009-3.jpg 1387w\" sizes=\"auto, (max-width: 1200px) 100vw, 1200px\" \/><\/a><\/figure>\n\n\n\n<figure class=\"wp-block-image size-large\"><a href=\"https:\/\/mycielewo.pl\/wp-content\/uploads\/2024\/03\/images010-2.jpg\"><img loading=\"lazy\" decoding=\"async\" width=\"1200\" height=\"675\" data-id=\"47623\" src=\"https:\/\/mycielewo.pl\/wp-content\/uploads\/2024\/03\/images010-2-1200x675.jpg\" alt=\"\" class=\"wp-image-47623\" srcset=\"https:\/\/mycielewo.pl\/wp-content\/uploads\/2024\/03\/images010-2-1200x675.jpg 1200w, https:\/\/mycielewo.pl\/wp-content\/uploads\/2024\/03\/images010-2-850x478.jpg 850w, https:\/\/mycielewo.pl\/wp-content\/uploads\/2024\/03\/images010-2-250x141.jpg 250w, https:\/\/mycielewo.pl\/wp-content\/uploads\/2024\/03\/images010-2-768x432.jpg 768w, https:\/\/mycielewo.pl\/wp-content\/uploads\/2024\/03\/images010-2.jpg 1387w\" sizes=\"auto, (max-width: 1200px) 100vw, 1200px\" \/><\/a><\/figure>\n\n\n\n<figure class=\"wp-block-image size-large\"><a href=\"https:\/\/mycielewo.pl\/wp-content\/uploads\/2024\/03\/images011-1.jpg\"><img loading=\"lazy\" decoding=\"async\" width=\"780\" height=\"675\" data-id=\"47630\" src=\"https:\/\/mycielewo.pl\/wp-content\/uploads\/2024\/03\/images011-1-780x675.jpg\" alt=\"\" class=\"wp-image-47630\"\/><\/a><\/figure>\n\n\n\n<figure class=\"wp-block-image size-large\"><a href=\"https:\/\/mycielewo.pl\/wp-content\/uploads\/2024\/03\/images012-1.jpg\"><img loading=\"lazy\" decoding=\"async\" width=\"1200\" height=\"675\" data-id=\"47625\" src=\"https:\/\/mycielewo.pl\/wp-content\/uploads\/2024\/03\/images012-1-1200x675.jpg\" alt=\"\" class=\"wp-image-47625\" srcset=\"https:\/\/mycielewo.pl\/wp-content\/uploads\/2024\/03\/images012-1-1200x675.jpg 1200w, https:\/\/mycielewo.pl\/wp-content\/uploads\/2024\/03\/images012-1-850x478.jpg 850w, https:\/\/mycielewo.pl\/wp-content\/uploads\/2024\/03\/images012-1-250x141.jpg 250w, https:\/\/mycielewo.pl\/wp-content\/uploads\/2024\/03\/images012-1-768x432.jpg 768w, https:\/\/mycielewo.pl\/wp-content\/uploads\/2024\/03\/images012-1.jpg 1387w\" sizes=\"auto, (max-width: 1200px) 100vw, 1200px\" \/><\/a><\/figure>\n\n\n\n<figure class=\"wp-block-image size-large\"><a href=\"https:\/\/mycielewo.pl\/wp-content\/uploads\/2024\/03\/images013-1.jpg\"><img loading=\"lazy\" decoding=\"async\" width=\"1200\" height=\"675\" data-id=\"47622\" src=\"https:\/\/mycielewo.pl\/wp-content\/uploads\/2024\/03\/images013-1-1200x675.jpg\" alt=\"\" class=\"wp-image-47622\" srcset=\"https:\/\/mycielewo.pl\/wp-content\/uploads\/2024\/03\/images013-1-1200x675.jpg 1200w, https:\/\/mycielewo.pl\/wp-content\/uploads\/2024\/03\/images013-1-850x478.jpg 850w, https:\/\/mycielewo.pl\/wp-content\/uploads\/2024\/03\/images013-1-250x141.jpg 250w, https:\/\/mycielewo.pl\/wp-content\/uploads\/2024\/03\/images013-1-768x432.jpg 768w, https:\/\/mycielewo.pl\/wp-content\/uploads\/2024\/03\/images013-1.jpg 1387w\" sizes=\"auto, (max-width: 1200px) 100vw, 1200px\" \/><\/a><\/figure>\n\n\n\n<figure class=\"wp-block-image size-large\"><a href=\"https:\/\/mycielewo.pl\/wp-content\/uploads\/2024\/03\/images015-1.jpg\"><img loading=\"lazy\" decoding=\"async\" width=\"1200\" height=\"675\" data-id=\"47619\" src=\"https:\/\/mycielewo.pl\/wp-content\/uploads\/2024\/03\/images015-1-1200x675.jpg\" alt=\"\" class=\"wp-image-47619\" srcset=\"https:\/\/mycielewo.pl\/wp-content\/uploads\/2024\/03\/images015-1-1200x675.jpg 1200w, https:\/\/mycielewo.pl\/wp-content\/uploads\/2024\/03\/images015-1-850x478.jpg 850w, https:\/\/mycielewo.pl\/wp-content\/uploads\/2024\/03\/images015-1-250x141.jpg 250w, https:\/\/mycielewo.pl\/wp-content\/uploads\/2024\/03\/images015-1-768x432.jpg 768w, https:\/\/mycielewo.pl\/wp-content\/uploads\/2024\/03\/images015-1.jpg 1387w\" sizes=\"auto, (max-width: 1200px) 100vw, 1200px\" \/><\/a><\/figure>\n<\/figure>\n\n\n\n<p class=\"has-text-align-right\"><em>Foto WN<\/em><\/p>\n","protected":false},"excerpt":{"rendered":"<p>W dniach 11-13 marca (poniedzia\u0142ek, wtorek, \u015broda) dla wszystkich uczni\u00f3w Szko\u0142y Podstawowej w Mycielewie rekolekcje odbywaj\u0105 si\u0119 w ko\u015bciele pw. \u015awi\u0119tego Miko\u0142aja Biskupa w Szaradowie. Program rekolekcji i dojazdy tutaj. Zapraszamy r\u00f3wnie\u017c na stron\u0119 internetow\u0105 oraz profil Facebook parafii. Foto WN<\/p>\n","protected":false},"author":1,"featured_media":0,"comment_status":"open","ping_status":"open","sticky":false,"template":"","format":"standard","meta":{"footnotes":""},"categories":[1],"tags":[],"class_list":["post-47615","post","type-post","status-publish","format-standard","hentry","category-bez-kategorii"],"_links":{"self":[{"href":"https:\/\/mycielewo.pl\/index.php?rest_route=\/wp\/v2\/posts\/47615","targetHints":{"allow":["GET"]}}],"collection":[{"href":"https:\/\/mycielewo.pl\/index.php?rest_route=\/wp\/v2\/posts"}],"about":[{"href":"https:\/\/mycielewo.pl\/index.php?rest_route=\/wp\/v2\/types\/post"}],"author":[{"embeddable":true,"href":"https:\/\/mycielewo.pl\/index.php?rest_route=\/wp\/v2\/users\/1"}],"replies":[{"embeddable":true,"href":"https:\/\/mycielewo.pl\/index.php?rest_route=%2Fwp%2Fv2%2Fcomments&post=47615"}],"version-history":[{"count":4,"href":"https:\/\/mycielewo.pl\/index.php?rest_route=\/wp\/v2\/posts\/47615\/revisions"}],"predecessor-version":[{"id":47635,"href":"https:\/\/mycielewo.pl\/index.php?rest_route=\/wp\/v2\/posts\/47615\/revisions\/47635"}],"wp:attachment":[{"href":"https:\/\/mycielewo.pl\/index.php?rest_route=%2Fwp%2Fv2%2Fmedia&parent=47615"}],"wp:term":[{"taxonomy":"category","embeddable":true,"href":"https:\/\/mycielewo.pl\/index.php?rest_route=%2Fwp%2Fv2%2Fcategories&post=47615"},{"taxonomy":"post_tag","embeddable":true,"href":"https:\/\/mycielewo.pl\/index.php?rest_route=%2Fwp%2Fv2%2Ftags&post=47615"}],"curies":[{"name":"wp","href":"https:\/\/api.w.org\/{rel}","templated":true}]}}