{"id":47503,"date":"2024-03-08T10:46:54","date_gmt":"2024-03-08T10:46:54","guid":{"rendered":"https:\/\/mycielewo.pl\/?p=47503"},"modified":"2024-03-08T10:46:57","modified_gmt":"2024-03-08T10:46:57","slug":"rekolekcje-wielkopostne-3","status":"publish","type":"post","link":"https:\/\/mycielewo.pl\/?p=47503","title":{"rendered":"Rekolekcje wielkopostne"},"content":{"rendered":"\n<p><\/p>\n\n\n\n<p>W dniach 11,12,13 marca 2024 r. odbywa\u0107 si\u0119 b\u0119d\u0105 rekolekcje wielkopostne.<\/p>\n\n\n\n<p>10 marca, w niedziel\u0119, ksi\u0105dz proboszcz parafii Szaradowo zaprasza na Msze \u015awi\u0119te: o godz. 9.00 klasy 0-IV, o godz. 11.00 klasy V-VIII.<\/p>\n\n\n\n<p>W dniach 11 \u2013 13 marca (poniedzia\u0142ek, wtorek, \u015broda) dla wszystkich uczni\u00f3w Szko\u0142y Podstawowej w Mycielewie rekolekcje b\u0119d\u0105 w ko\u015bciele pw. \u015awi\u0119tego Miko\u0142aja Biskupa w Szaradowie (uzgodnienie ksi\u0119dza proboszcza parafii pw. \u015awi\u0119tego Micha\u0142a Archanio\u0142a w Kcyni z ksi\u0119dzem proboszczem parafii pw. \u015awi\u0119tego Miko\u0142aja Biskupa w Szaradowie).<\/p>\n\n\n\n<p><strong>Plan rekolekcji w dniach od 11 do 13 marca podany przez ksi\u0119dza proboszcza parafii pw. \u015awi\u0119tego Miko\u0142aja Biskupa w Szaradowie :<\/strong><\/p>\n\n\n\n<p><strong>8.00 \u2013 klasy: V \u2013 VIII<\/strong><\/p>\n\n\n\n<p><strong>11.00 \u2013 klasy: 0 \u2013 IV<\/strong><\/p>\n\n\n\n<p><strong>Zaj\u0119cia w ka\u017cdej grupie b\u0119d\u0105 trwa\u0107 ok. 2 godziny &nbsp;(2 x 45 min.+ przerwa na herbat\u0119 ok. 15 min.)<\/strong>.<\/p>\n\n\n\n<p>\u2026\u2026\u2026\u2026\u2026\u2026\u2026\u2026\u2026\u2026\u2026\u2026\u2026\u2026\u2026\u2026\u2026\u2026\u2026\u2026\u2026\u2026\u2026\u2026\u2026\u2026\u2026\u2026\u2026\u2026\u2026\u2026\u2026\u2026\u2026\u2026\u2026\u2026\u2026\u2026\u2026\u2026\u2026\u2026\u2026\u2026\u2026\u2026\u2026\u2026\u2026\u2026\u2026\u2026\u2026\u2026\u2026\u2026\u2026\u2026\u2026\u2026<\/p>\n\n\n\n<p><strong>Dowozy na rekolekcje wed\u0142ug poni\u017cszego planu:<\/strong><\/p>\n\n\n\n<p>Malice I 7.10<br>Malice II 7.13<br>Suchor\u0119cz skrzy\u017c. 7.16<br>Suchor\u0119cz 7.20<br>Suchor\u0119czek 7.23<br>Elizewo 7.27<br>Elizewo skrzy\u017c. 7.30<br>Szaradowo 7.33<br>S\u0142onawy 7.36<br>S\u0142onawy II 7.38<br>Szaradowo 7.40<br>Ko\u015bci\u00f3\u0142 7.43<br>Ameryczka 7.46<br>Zalesie ul. Kr\u00f3likowska 7.49<br>Szko\u0142a Mycielewo 7.51 ( st\u0105d zabieramy uczni\u00f3w, kt\u00f3rzy na co dzie\u0144 nie doje\u017cd\u017caj\u0105 do szko\u0142y autobusem, czyli mieszkaj\u0105cy w Turzynie, Mycielewie, Rzemieniewicach)<br>Zalesie 7.54<br>Ko\u015bci\u00f3\u0142 8.00<\/p>\n\n\n\n<p>\u2026\u2026\u2026\u2026\u2026\u2026\u2026\u2026\u2026\u2026\u2026\u2026\u2026\u2026\u2026\u2026\u2026\u2026\u2026\u2026\u2026\u2026\u2026\u2026\u2026\u2026\u2026\u2026\u2026\u2026\u2026\u2026\u2026\u2026\u2026\u2026\u2026\u2026\u2026\u2026\u2026\u2026\u2026\u2026\u2026\u2026\u2026\u2026\u2026\u2026\u2026\u2026\u2026\u2026\u2026\u2026\u2026\u2026\u2026\u2026\u2026\u2026\u2026<\/p>\n\n\n\n<p>Odwozy:<\/p>\n\n\n\n<p>Ameryczka 9.55- wysiadaj\u0105 uczniowie z I grupy rekolekcyjnej<br>Zalesie ul. Kr\u00f3likowska 10.00 -wysiadaj\u0105 uczniowie z I grupy rekolekcyjnej<br>Zalesie 10.03 \u2013 wysiadaj\u0105 uczniowie z I grupy rekolekcyjnej<br>Szko\u0142a Mycielewo 10.07 \u2013 wysiadaj\u0105 uczniowie z I grupy rekolekcyjnej<\/p>\n\n\n\n<p>\u2026\u2026\u2026\u2026\u2026\u2026\u2026\u2026\u2026\u2026\u2026\u2026\u2026\u2026\u2026\u2026\u2026\u2026\u2026\u2026\u2026\u2026\u2026\u2026\u2026\u2026\u2026\u2026\u2026\u2026\u2026\u2026\u2026\u2026\u2026\u2026\u2026\u2026\u2026\u2026\u2026\u2026\u2026\u2026\u2026\u2026\u2026\u2026\u2026\u2026\u2026\u2026\u2026\u2026\u2026\u2026\u2026\u2026\u2026\u2026\u2026\u2026\u2026\u2026\u2026\u2026\u2026\u2026\u2026\u2026\u2026.<\/p>\n\n\n\n<p>Kcynia 10.12 \u2013 wysiadaj\u0105 uczniowie z I grupy i wsiadaj\u0105 dzieci z II grupy<br>Malice 10.15- wysiadaj\u0105 uczniowie z I grupy i wsiadaj\u0105 dzieci z II grupy<br>Suchor\u0119cz skrzy\u017c. 10.17 -wysiadaj\u0105 uczniowie z I grupy i wsiadaj\u0105 dzieci z II grupy<br>Suchor\u0119cz 10.19 \u2013 wysiadaj\u0105 uczniowie z I grupy i wsiadaj\u0105 dzieci z II grupy<br>Suchor\u0119czek 10.23 \u2013 wysiadaj\u0105 uczniowie z I grupy i wsiadaj\u0105 dzieci z II grupy<br>Elizewo 10.26- wysiadaj\u0105 uczniowie z I grupy i wsiadaj\u0105 dzieci z II grupy<br>Elizewo skrzy\u017c. 10.29 \u2013 wysiadaj\u0105 uczniowie z I grupy i wsiadaj\u0105 dzieci z II grupy<br>Szaradowo 10.32 \u2013 wysiadaj\u0105 uczniowie z I grupy i wsiadaj\u0105 dzieci z II grupy<br>S\u0142onawy 10.34 -wysiadaj\u0105 uczniowie z I grupy i wsiadaj\u0105 dzieci z II grupy<br>S\u0142onawy 10.36 \u2013 wysiadaj\u0105 uczniowie z I grupy i wsiadaj\u0105 dzieci z II grupy<br>Szaradowo 10.39 \u2013 wysiadaj\u0105 uczniowie z I grupy i wsiadaj\u0105 dzieci z II grupy<br>Ko\u015bci\u00f3\u0142 10.43 \u2026\u2026\u2026\u2026\u2026\u2026\u2026\u2026\u2026\u2026\u2026\u2026\u2026\u2026\u2026\u2026\u2026\u2026\u2026\u2026\u2026\u2026\u2026\u2026\u2026\u2026\u2026\u2026\u2026\u2026\u2026\u2026\u2026\u2026\u2026\u2026\u2026\u2026\u2026\u2026\u2026\u2026\u2026\u2026\u2026\u2026\u2026\u2026\u2026\u2026\u2026\u2026\u2026\u2026\u2026\u2026\u2026\u2026\u2026\u2026\u2026\u2026<\/p>\n\n\n\n<p>Ameryczka 10.45 \u2013 wsiadaj\u0105 dzieci z II grupy<br>Zalesie ul. Kr\u00f3likowska 10.47 \u2013 wsiadaj\u0105 dzieci z II grupy<br>Szko\u0142a Mycielewo 10.50 \u2013 wsiadaj\u0105 dzieci z II grupy<br>Zalesie 10.55 -wsiadaj\u0105 dzieci z II grupy<br>Ko\u015bci\u00f3\u0142 11.00 \u2013 wsiadaj\u0105 dzieci z II grupy \u2026\u2026\u2026\u2026\u2026\u2026\u2026\u2026\u2026\u2026\u2026\u2026\u2026\u2026\u2026\u2026\u2026\u2026\u2026\u2026\u2026\u2026\u2026\u2026\u2026\u2026\u2026\u2026\u2026\u2026\u2026\u2026\u2026\u2026\u2026\u2026\u2026\u2026\u2026\u2026\u2026\u2026\u2026\u2026\u2026\u2026\u2026\u2026\u2026\u2026\u2026\u2026\u2026\u2026\u2026\u2026\u2026\u2026\u2026\u2026\u2026\u2026\u2026\u2026\u2026\u2026\u2026\u2026\u2026\u2026..<\/p>\n\n\n\n<p>Odwozy II grupy rekolekcyjnej:<br>Ameryczka 13.00<br>Zalesie ul. Kr\u00f3likowska 13.05<br>Zalesie 13.08<br>Szko\u0142a Mycielewo 13.10<br>Szaradowo 13.15<br>S\u0142onawy I 13.18<br>S\u0142onawy II 13.20<br>Elizewo skrzy\u017c. 13.23<br>Elizewo 13.27<br>Suchor\u0119czek 13.32<br>Suchor\u0119cz 13.38<br>Suchor\u0119cz skrzy\u017c. 13.40<br>Malice II 13.42<br>Malice 13.45<br>Kcynia 13.50<\/p>\n\n\n\n<p>\u2026\u2026\u2026\u2026\u2026\u2026\u2026\u2026\u2026\u2026\u2026\u2026\u2026\u2026\u2026\u2026\u2026\u2026\u2026\u2026\u2026\u2026\u2026\u2026\u2026\u2026\u2026\u2026\u2026\u2026\u2026\u2026\u2026\u2026\u2026\u2026\u2026\u2026\u2026\u2026\u2026\u2026\u2026\u2026\u2026\u2026\u2026\u2026\u2026\u2026\u2026\u2026\u2026\u2026\u2026\u2026\u2026\u2026\u2026\u2026\u2026\u2026\u2026<\/p>\n\n\n\n<p>Godziny dowoz\u00f3w i odwoz\u00f3w s\u0105 orientacyjne, dlatego prosimy przyby\u0107 na przystanek kilka minut wcze\u015bniej<\/p>\n","protected":false},"excerpt":{"rendered":"<p>W dniach 11,12,13 marca 2024 r. odbywa\u0107 si\u0119 b\u0119d\u0105 rekolekcje wielkopostne. 10 marca, w niedziel\u0119, ksi\u0105dz proboszcz parafii Szaradowo zaprasza na Msze \u015awi\u0119te: o godz. 9.00 klasy 0-IV, o godz. 11.00 klasy V-VIII. W dniach 11 \u2013 13 marca (poniedzia\u0142ek, wtorek, \u015broda) dla wszystkich uczni\u00f3w Szko\u0142y Podstawowej w Mycielewie rekolekcje b\u0119d\u0105 w ko\u015bciele pw. \u015awi\u0119tego&hellip; <a class=\"continue\" href=\"https:\/\/mycielewo.pl\/?p=47503\">Kontynuuj czytanie<span> Rekolekcje wielkopostne<\/span><\/a><\/p>\n","protected":false},"author":4,"featured_media":0,"comment_status":"open","ping_status":"open","sticky":false,"template":"","format":"standard","meta":{"footnotes":""},"categories":[1],"tags":[],"class_list":["post-47503","post","type-post","status-publish","format-standard","hentry","category-bez-kategorii"],"_links":{"self":[{"href":"https:\/\/mycielewo.pl\/index.php?rest_route=\/wp\/v2\/posts\/47503","targetHints":{"allow":["GET"]}}],"collection":[{"href":"https:\/\/mycielewo.pl\/index.php?rest_route=\/wp\/v2\/posts"}],"about":[{"href":"https:\/\/mycielewo.pl\/index.php?rest_route=\/wp\/v2\/types\/post"}],"author":[{"embeddable":true,"href":"https:\/\/mycielewo.pl\/index.php?rest_route=\/wp\/v2\/users\/4"}],"replies":[{"embeddable":true,"href":"https:\/\/mycielewo.pl\/index.php?rest_route=%2Fwp%2Fv2%2Fcomments&post=47503"}],"version-history":[{"count":1,"href":"https:\/\/mycielewo.pl\/index.php?rest_route=\/wp\/v2\/posts\/47503\/revisions"}],"predecessor-version":[{"id":47504,"href":"https:\/\/mycielewo.pl\/index.php?rest_route=\/wp\/v2\/posts\/47503\/revisions\/47504"}],"wp:attachment":[{"href":"https:\/\/mycielewo.pl\/index.php?rest_route=%2Fwp%2Fv2%2Fmedia&parent=47503"}],"wp:term":[{"taxonomy":"category","embeddable":true,"href":"https:\/\/mycielewo.pl\/index.php?rest_route=%2Fwp%2Fv2%2Fcategories&post=47503"},{"taxonomy":"post_tag","embeddable":true,"href":"https:\/\/mycielewo.pl\/index.php?rest_route=%2Fwp%2Fv2%2Ftags&post=47503"}],"curies":[{"name":"wp","href":"https:\/\/api.w.org\/{rel}","templated":true}]}}