{"id":47457,"date":"2024-03-05T11:45:43","date_gmt":"2024-03-05T11:45:43","guid":{"rendered":"https:\/\/mycielewo.pl\/?p=47457"},"modified":"2024-03-05T15:22:12","modified_gmt":"2024-03-05T15:22:12","slug":"urodziny-chopina","status":"publish","type":"post","link":"https:\/\/mycielewo.pl\/?p=47457","title":{"rendered":"Urodziny Chopina"},"content":{"rendered":"\n<p>Uczniowie z pi\u0105tej na lekcji muzyki zagrali z okazji 214 rocznicy urodzin Fryderyka Chopina na w\u0142asnor\u0119cznie wykonanych instrumentach. Mamy nadziej\u0119, \u017ce ten wybitny kompozytor i pianista, znany na ca\u0142ym \u015bwiecie by\u0142by z nas dumny <img loading=\"lazy\" decoding=\"async\" height=\"16\" width=\"16\" src=\"https:\/\/static.xx.fbcdn.net\/images\/emoji.php\/v9\/tea\/1\/16\/1f970.png\" alt=\"\ud83e\udd70\"><img loading=\"lazy\" decoding=\"async\" height=\"16\" width=\"16\" src=\"https:\/\/static.xx.fbcdn.net\/images\/emoji.php\/v9\/t1f\/1\/16\/1f3b6.png\" alt=\"\ud83c\udfb6\"><\/p>\n\n\n\n<p class=\"has-text-align-right\"><em>AKH<\/em><\/p>\n\n\n\n<figure class=\"wp-block-gallery has-nested-images columns-5 is-cropped wp-block-gallery-2 is-layout-flex wp-block-gallery-is-layout-flex\">\n<figure class=\"wp-block-image size-large\"><a href=\"https:\/\/mycielewo.pl\/wp-content\/uploads\/2024\/03\/image001.jpg\"><img loading=\"lazy\" decoding=\"async\" width=\"921\" height=\"675\" data-id=\"47459\" src=\"https:\/\/mycielewo.pl\/wp-content\/uploads\/2024\/03\/image001-921x675.jpg\" alt=\"\" class=\"wp-image-47459\"\/><\/a><\/figure>\n\n\n\n<figure class=\"wp-block-image size-large\"><a href=\"https:\/\/mycielewo.pl\/wp-content\/uploads\/2024\/03\/image002.jpg\"><img loading=\"lazy\" decoding=\"async\" width=\"1200\" height=\"675\" data-id=\"47462\" src=\"https:\/\/mycielewo.pl\/wp-content\/uploads\/2024\/03\/image002-1200x675.jpg\" alt=\"\" class=\"wp-image-47462\" srcset=\"https:\/\/mycielewo.pl\/wp-content\/uploads\/2024\/03\/image002-1200x675.jpg 1200w, https:\/\/mycielewo.pl\/wp-content\/uploads\/2024\/03\/image002-850x478.jpg 850w, https:\/\/mycielewo.pl\/wp-content\/uploads\/2024\/03\/image002-250x141.jpg 250w, https:\/\/mycielewo.pl\/wp-content\/uploads\/2024\/03\/image002-768x432.jpg 768w, https:\/\/mycielewo.pl\/wp-content\/uploads\/2024\/03\/image002-1536x864.jpg 1536w, https:\/\/mycielewo.pl\/wp-content\/uploads\/2024\/03\/image002.jpg 2048w\" sizes=\"auto, (max-width: 1200px) 100vw, 1200px\" \/><\/a><\/figure>\n\n\n\n<figure class=\"wp-block-image size-large\"><a href=\"https:\/\/mycielewo.pl\/wp-content\/uploads\/2024\/03\/image003.jpg\"><img loading=\"lazy\" decoding=\"async\" width=\"1200\" height=\"675\" data-id=\"47463\" src=\"https:\/\/mycielewo.pl\/wp-content\/uploads\/2024\/03\/image003-1200x675.jpg\" alt=\"\" class=\"wp-image-47463\" srcset=\"https:\/\/mycielewo.pl\/wp-content\/uploads\/2024\/03\/image003-1200x675.jpg 1200w, https:\/\/mycielewo.pl\/wp-content\/uploads\/2024\/03\/image003-850x478.jpg 850w, https:\/\/mycielewo.pl\/wp-content\/uploads\/2024\/03\/image003-250x141.jpg 250w, https:\/\/mycielewo.pl\/wp-content\/uploads\/2024\/03\/image003-768x432.jpg 768w, https:\/\/mycielewo.pl\/wp-content\/uploads\/2024\/03\/image003-1536x864.jpg 1536w, https:\/\/mycielewo.pl\/wp-content\/uploads\/2024\/03\/image003.jpg 2048w\" sizes=\"auto, (max-width: 1200px) 100vw, 1200px\" \/><\/a><\/figure>\n\n\n\n<figure class=\"wp-block-image size-large\"><a href=\"https:\/\/mycielewo.pl\/wp-content\/uploads\/2024\/03\/image004.jpg\"><img loading=\"lazy\" decoding=\"async\" width=\"1200\" height=\"675\" data-id=\"47461\" src=\"https:\/\/mycielewo.pl\/wp-content\/uploads\/2024\/03\/image004-1200x675.jpg\" alt=\"\" class=\"wp-image-47461\" srcset=\"https:\/\/mycielewo.pl\/wp-content\/uploads\/2024\/03\/image004-1200x675.jpg 1200w, https:\/\/mycielewo.pl\/wp-content\/uploads\/2024\/03\/image004-850x478.jpg 850w, https:\/\/mycielewo.pl\/wp-content\/uploads\/2024\/03\/image004-250x141.jpg 250w, https:\/\/mycielewo.pl\/wp-content\/uploads\/2024\/03\/image004-768x432.jpg 768w, https:\/\/mycielewo.pl\/wp-content\/uploads\/2024\/03\/image004-1536x864.jpg 1536w, https:\/\/mycielewo.pl\/wp-content\/uploads\/2024\/03\/image004.jpg 2048w\" sizes=\"auto, (max-width: 1200px) 100vw, 1200px\" \/><\/a><\/figure>\n\n\n\n<figure class=\"wp-block-image size-large\"><a href=\"https:\/\/mycielewo.pl\/wp-content\/uploads\/2024\/03\/image005.jpg\"><img loading=\"lazy\" decoding=\"async\" width=\"921\" height=\"675\" data-id=\"47460\" src=\"https:\/\/mycielewo.pl\/wp-content\/uploads\/2024\/03\/image005-921x675.jpg\" alt=\"\" class=\"wp-image-47460\"\/><\/a><\/figure>\n\n\n\n<figure class=\"wp-block-image size-large\"><a href=\"https:\/\/mycielewo.pl\/wp-content\/uploads\/2024\/03\/image006.jpg\"><img loading=\"lazy\" decoding=\"async\" width=\"1152\" height=\"675\" data-id=\"47464\" src=\"https:\/\/mycielewo.pl\/wp-content\/uploads\/2024\/03\/image006-1152x675.jpg\" alt=\"\" class=\"wp-image-47464\"\/><\/a><\/figure>\n\n\n\n<figure class=\"wp-block-image size-large\"><a href=\"https:\/\/mycielewo.pl\/wp-content\/uploads\/2024\/03\/image007.jpg\"><img loading=\"lazy\" decoding=\"async\" width=\"921\" height=\"675\" data-id=\"47465\" src=\"https:\/\/mycielewo.pl\/wp-content\/uploads\/2024\/03\/image007-921x675.jpg\" alt=\"\" class=\"wp-image-47465\"\/><\/a><\/figure>\n\n\n\n<figure class=\"wp-block-image size-large\"><a href=\"https:\/\/mycielewo.pl\/wp-content\/uploads\/2024\/03\/image008.jpg\"><img loading=\"lazy\" decoding=\"async\" width=\"1200\" height=\"675\" data-id=\"47466\" src=\"https:\/\/mycielewo.pl\/wp-content\/uploads\/2024\/03\/image008-1200x675.jpg\" alt=\"\" class=\"wp-image-47466\" srcset=\"https:\/\/mycielewo.pl\/wp-content\/uploads\/2024\/03\/image008-1200x675.jpg 1200w, https:\/\/mycielewo.pl\/wp-content\/uploads\/2024\/03\/image008-850x478.jpg 850w, https:\/\/mycielewo.pl\/wp-content\/uploads\/2024\/03\/image008-250x141.jpg 250w, https:\/\/mycielewo.pl\/wp-content\/uploads\/2024\/03\/image008-768x432.jpg 768w, https:\/\/mycielewo.pl\/wp-content\/uploads\/2024\/03\/image008-1536x864.jpg 1536w, https:\/\/mycielewo.pl\/wp-content\/uploads\/2024\/03\/image008.jpg 2048w\" sizes=\"auto, (max-width: 1200px) 100vw, 1200px\" \/><\/a><\/figure>\n\n\n\n<figure class=\"wp-block-image size-large\"><a href=\"https:\/\/mycielewo.pl\/wp-content\/uploads\/2024\/03\/image009.jpg\"><img loading=\"lazy\" decoding=\"async\" width=\"921\" height=\"675\" data-id=\"47467\" src=\"https:\/\/mycielewo.pl\/wp-content\/uploads\/2024\/03\/image009-921x675.jpg\" alt=\"\" class=\"wp-image-47467\"\/><\/a><\/figure>\n<\/figure>\n","protected":false},"excerpt":{"rendered":"<p>Uczniowie z pi\u0105tej na lekcji muzyki zagrali z okazji 214 rocznicy urodzin Fryderyka Chopina na w\u0142asnor\u0119cznie wykonanych instrumentach. Mamy nadziej\u0119, \u017ce ten wybitny kompozytor i pianista, znany na ca\u0142ym \u015bwiecie by\u0142by z nas dumny AKH<\/p>\n","protected":false},"author":1,"featured_media":0,"comment_status":"open","ping_status":"open","sticky":false,"template":"","format":"standard","meta":{"footnotes":""},"categories":[1],"tags":[],"class_list":["post-47457","post","type-post","status-publish","format-standard","hentry","category-bez-kategorii"],"_links":{"self":[{"href":"https:\/\/mycielewo.pl\/index.php?rest_route=\/wp\/v2\/posts\/47457","targetHints":{"allow":["GET"]}}],"collection":[{"href":"https:\/\/mycielewo.pl\/index.php?rest_route=\/wp\/v2\/posts"}],"about":[{"href":"https:\/\/mycielewo.pl\/index.php?rest_route=\/wp\/v2\/types\/post"}],"author":[{"embeddable":true,"href":"https:\/\/mycielewo.pl\/index.php?rest_route=\/wp\/v2\/users\/1"}],"replies":[{"embeddable":true,"href":"https:\/\/mycielewo.pl\/index.php?rest_route=%2Fwp%2Fv2%2Fcomments&post=47457"}],"version-history":[{"count":3,"href":"https:\/\/mycielewo.pl\/index.php?rest_route=\/wp\/v2\/posts\/47457\/revisions"}],"predecessor-version":[{"id":47470,"href":"https:\/\/mycielewo.pl\/index.php?rest_route=\/wp\/v2\/posts\/47457\/revisions\/47470"}],"wp:attachment":[{"href":"https:\/\/mycielewo.pl\/index.php?rest_route=%2Fwp%2Fv2%2Fmedia&parent=47457"}],"wp:term":[{"taxonomy":"category","embeddable":true,"href":"https:\/\/mycielewo.pl\/index.php?rest_route=%2Fwp%2Fv2%2Fcategories&post=47457"},{"taxonomy":"post_tag","embeddable":true,"href":"https:\/\/mycielewo.pl\/index.php?rest_route=%2Fwp%2Fv2%2Ftags&post=47457"}],"curies":[{"name":"wp","href":"https:\/\/api.w.org\/{rel}","templated":true}]}}