{"id":4317,"date":"2013-02-28T10:01:19","date_gmt":"2013-02-28T10:01:19","guid":{"rendered":"http:\/\/www.mycielewo.interman.com.pl\/?p=4317"},"modified":"2013-02-28T10:01:19","modified_gmt":"2013-02-28T10:01:19","slug":"renifer-niko-ratuje-swieta","status":"publish","type":"post","link":"https:\/\/mycielewo.pl\/?p=4317","title":{"rendered":"Renifer Niko Ratuje \u015awi\u0119ta"},"content":{"rendered":"<p>Uczniowie oddzia\u0142\u00f3w przedszkolnych i klas I-III mia\u0142y okazj\u0119 obejrze\u0107 film jak w tytule wpisu. Jak zwykle film emitowa\u0142o kino &#8222;Pelikan&#8221; z Szubina.<\/p>\n<div id='gallery-1' class='gallery galleryid-4317 gallery-columns-3 gallery-size-thumbnail'><figure class='gallery-item'>\n\t\t\t<div class='gallery-icon landscape'>\n\t\t\t\t<a href='https:\/\/mycielewo.pl\/wp-content\/uploads\/2013\/02\/110.jpg'><img loading=\"lazy\" decoding=\"async\" width=\"60\" height=\"60\" src=\"https:\/\/mycielewo.pl\/wp-content\/uploads\/2013\/02\/110-60x60.jpg\" class=\"attachment-thumbnail size-thumbnail\" alt=\"\" \/><\/a>\n\t\t\t<\/div><\/figure><figure class='gallery-item'>\n\t\t\t<div class='gallery-icon landscape'>\n\t\t\t\t<a href='https:\/\/mycielewo.pl\/wp-content\/uploads\/2013\/02\/23.jpg'><img loading=\"lazy\" decoding=\"async\" width=\"60\" height=\"60\" src=\"https:\/\/mycielewo.pl\/wp-content\/uploads\/2013\/02\/23-60x60.jpg\" class=\"attachment-thumbnail size-thumbnail\" alt=\"\" \/><\/a>\n\t\t\t<\/div><\/figure>\n\t\t<\/div>\n\n","protected":false},"excerpt":{"rendered":"<p>Uczniowie oddzia\u0142\u00f3w przedszkolnych i klas I-III mia\u0142y okazj\u0119 obejrze\u0107 film jak w tytule wpisu. Jak zwykle film emitowa\u0142o kino &#8222;Pelikan&#8221; z Szubina.<\/p>\n","protected":false},"author":1,"featured_media":0,"comment_status":"open","ping_status":"open","sticky":false,"template":"","format":"standard","meta":{"footnotes":""},"categories":[1],"tags":[],"class_list":["post-4317","post","type-post","status-publish","format-standard","hentry","category-bez-kategorii"],"_links":{"self":[{"href":"https:\/\/mycielewo.pl\/index.php?rest_route=\/wp\/v2\/posts\/4317","targetHints":{"allow":["GET"]}}],"collection":[{"href":"https:\/\/mycielewo.pl\/index.php?rest_route=\/wp\/v2\/posts"}],"about":[{"href":"https:\/\/mycielewo.pl\/index.php?rest_route=\/wp\/v2\/types\/post"}],"author":[{"embeddable":true,"href":"https:\/\/mycielewo.pl\/index.php?rest_route=\/wp\/v2\/users\/1"}],"replies":[{"embeddable":true,"href":"https:\/\/mycielewo.pl\/index.php?rest_route=%2Fwp%2Fv2%2Fcomments&post=4317"}],"version-history":[{"count":2,"href":"https:\/\/mycielewo.pl\/index.php?rest_route=\/wp\/v2\/posts\/4317\/revisions"}],"predecessor-version":[{"id":4321,"href":"https:\/\/mycielewo.pl\/index.php?rest_route=\/wp\/v2\/posts\/4317\/revisions\/4321"}],"wp:attachment":[{"href":"https:\/\/mycielewo.pl\/index.php?rest_route=%2Fwp%2Fv2%2Fmedia&parent=4317"}],"wp:term":[{"taxonomy":"category","embeddable":true,"href":"https:\/\/mycielewo.pl\/index.php?rest_route=%2Fwp%2Fv2%2Fcategories&post=4317"},{"taxonomy":"post_tag","embeddable":true,"href":"https:\/\/mycielewo.pl\/index.php?rest_route=%2Fwp%2Fv2%2Ftags&post=4317"}],"curies":[{"name":"wp","href":"https:\/\/api.w.org\/{rel}","templated":true}]}}