{"id":4314,"date":"2013-02-28T07:16:59","date_gmt":"2013-02-28T07:16:59","guid":{"rendered":"http:\/\/www.mycielewo.interman.com.pl\/?p=4314"},"modified":"2013-03-03T00:36:53","modified_gmt":"2013-03-03T00:36:53","slug":"rekolekcje-wielkopostne-2013","status":"publish","type":"post","link":"https:\/\/mycielewo.pl\/?p=4314","title":{"rendered":"Rekolekcje Wielkopostne 2013"},"content":{"rendered":"<p><img loading=\"lazy\" decoding=\"async\" class=\"alignright\" alt=\"\" src=\"https:\/\/encrypted-tbn2.gstatic.com\/images?q=tbn:ANd9GcRQHIQMIsuo7wfQTUlr5OkUOC0UizKEG6K-4-Cv-1BcsY2UTkYY1g\" width=\"103\" height=\"154\" name=\"uuuqn9hfrPJl2M:\" data-src=\"https:\/\/encrypted-tbn2.gstatic.com\/images?q=tbn:ANd9GcRQHIQMIsuo7wfQTUlr5OkUOC0UizKEG6K-4-Cv-1BcsY2UTkYY1g\" data-sz=\"f\" \/><\/p>\n<p><strong>Informujemy, \u017ce w dniach 11-13 marca 2013 roku odb\u0119d\u0105 si\u0119 Rekolekcje Wielkopostne.\u00a0<\/strong><\/p>\n<p>Prosimy zapozna\u0107 si\u0119 z harmonogramem przygotowanym przez proboszcz\u00f3w parafii Kcyni, Szaradowa i Sipior.<\/p>\n<p><img loading=\"lazy\" decoding=\"async\" class=\"aligncenter\" alt=\"\" src=\"https:\/\/encrypted-tbn2.gstatic.com\/images?q=tbn:ANd9GcTlwjc2Am7JPNfeCIRW816R_-hOew3CIykJ9JFpP4SPf-xSpxvH\" width=\"116\" height=\"128\" name=\"MdmCh3XC8TE2rM:\" data-src=\"https:\/\/encrypted-tbn2.gstatic.com\/images?q=tbn:ANd9GcTlwjc2Am7JPNfeCIRW816R_-hOew3CIykJ9JFpP4SPf-xSpxvH\" data-sz=\"f\" \/><\/p>\n","protected":false},"excerpt":{"rendered":"<p>Informujemy, \u017ce w dniach 11-13 marca 2013 roku odb\u0119d\u0105 si\u0119 Rekolekcje Wielkopostne.\u00a0 Prosimy zapozna\u0107 si\u0119 z harmonogramem przygotowanym przez proboszcz\u00f3w parafii Kcyni, Szaradowa i Sipior.<\/p>\n","protected":false},"author":1,"featured_media":0,"comment_status":"open","ping_status":"open","sticky":false,"template":"","format":"standard","meta":{"footnotes":""},"categories":[9],"tags":[],"class_list":["post-4314","post","type-post","status-publish","format-standard","hentry","category-ogloszenia"],"_links":{"self":[{"href":"https:\/\/mycielewo.pl\/index.php?rest_route=\/wp\/v2\/posts\/4314","targetHints":{"allow":["GET"]}}],"collection":[{"href":"https:\/\/mycielewo.pl\/index.php?rest_route=\/wp\/v2\/posts"}],"about":[{"href":"https:\/\/mycielewo.pl\/index.php?rest_route=\/wp\/v2\/types\/post"}],"author":[{"embeddable":true,"href":"https:\/\/mycielewo.pl\/index.php?rest_route=\/wp\/v2\/users\/1"}],"replies":[{"embeddable":true,"href":"https:\/\/mycielewo.pl\/index.php?rest_route=%2Fwp%2Fv2%2Fcomments&post=4314"}],"version-history":[{"count":3,"href":"https:\/\/mycielewo.pl\/index.php?rest_route=\/wp\/v2\/posts\/4314\/revisions"}],"predecessor-version":[{"id":4316,"href":"https:\/\/mycielewo.pl\/index.php?rest_route=\/wp\/v2\/posts\/4314\/revisions\/4316"}],"wp:attachment":[{"href":"https:\/\/mycielewo.pl\/index.php?rest_route=%2Fwp%2Fv2%2Fmedia&parent=4314"}],"wp:term":[{"taxonomy":"category","embeddable":true,"href":"https:\/\/mycielewo.pl\/index.php?rest_route=%2Fwp%2Fv2%2Fcategories&post=4314"},{"taxonomy":"post_tag","embeddable":true,"href":"https:\/\/mycielewo.pl\/index.php?rest_route=%2Fwp%2Fv2%2Ftags&post=4314"}],"curies":[{"name":"wp","href":"https:\/\/api.w.org\/{rel}","templated":true}]}}