{"id":4294,"date":"2013-02-27T12:35:11","date_gmt":"2013-02-27T12:35:11","guid":{"rendered":"http:\/\/www.mycielewo.interman.com.pl\/?p=4294"},"modified":"2024-03-04T12:04:23","modified_gmt":"2024-03-04T12:04:23","slug":"zapisy-do-punktu-przedszkolnego-oddzialow-przedszkolnych-i-klasy-i-szkoly-podstawowej","status":"publish","type":"post","link":"https:\/\/mycielewo.pl\/?p=4294","title":{"rendered":"Zapisy do Punktu Przedszkolnego, Oddzia\u0142\u00f3w Przedszkolnych i klasy I szko\u0142y podstawowej"},"content":{"rendered":"<p align=\"center\"><b>SZANOWNI PA\u0143STWO<img loading=\"lazy\" decoding=\"async\" class=\"alignright\" alt=\"\" src=\"https:\/\/encrypted-tbn3.gstatic.com\/images?q=tbn:ANd9GcTkVw6_XbbDpvzm0Jp6WYTGx3tL9-zZwSuMi9ozYEtORD3cg1R_\" width=\"153\" height=\"98\" name=\"IWmrwZESsemrUM:\" data-src=\"https:\/\/encrypted-tbn3.gstatic.com\/images?q=tbn:ANd9GcTkVw6_XbbDpvzm0Jp6WYTGx3tL9-zZwSuMi9ozYEtORD3cg1R_\" data-sz=\"f\" \/><\/b><\/p>\n<p align=\"center\">Dyrektor Zespo\u0142u Szk\u00f3\u0142 w Mycielewie<\/p>\n<p align=\"center\">informuje o ZAPISACH DO ODDZIA\u0141\u00d3W PRZEDSZKOLNYCH, PUNKTU PRZEDSZKOLNEGO I KLASY PIERWSZEJ\u00a0 Szko\u0142y Podstawowej w Mycielewie<\/p>\n<p align=\"center\">NA ROK SZKOLNY 2013\/2014 zapisy przyjmowane s\u0105 w sekretariacie szko\u0142y \u00a0\u00a0\u00a0\u00a0\u00a0\u00a0\u00a0\u00a0\u00a0\u00a0\u00a0\u00a0\u00a0\u00a0\u00a0\u00a0\u00a0\u00a0\u00a0\u00a0\u00a0\u00a0\u00a0\u00a0\u00a0\u00a0\u00a0\u00a0od poniedzia\u0142ku do pi\u0105tku w godz. <b>9:00-12.30<\/b> w terminie od 1 marca do 15 kwietnia 2013 r.<\/p>\n<p>Przy zapisie Rodzic\u00a0 zobowi\u0105zany jest posiada\u0107 nast\u0119puj\u0105ce dokumenty i informacje:<\/p>\n<p>\u2022 dow\u00f3d osobisty<\/p>\n<p>\u2022 nr PESEL dziecka<\/p>\n<p>\u2022 Rodzice dzieci zameldowanych poza obwodem szko\u0142y dodatkowo przedk\u0142adaj\u0105 akt urodzenia dziecka .<\/p>\n<p>Spotkanie informacyjne dla rodzic\u00f3w dzieci punktu przedszkolnego odb\u0119dzie si\u0119 04 czerwca 2013 r.( wtorek) o godz. 16:30 w budynku szko\u0142y.<\/p>\n<p>Kart\u0119 zg\u0142oszenia dziecka do szko\u0142y mo\u017cna pobra\u0107 w sekretariacie szko\u0142y lub ze strony internetowej szko\u0142y.<\/p>\n<p><a href=\"http:\/\/mycielewo.pl\/?attachment_id=4288\" rel=\"attachment wp-att-4288\">Karta zapisu do oddzia\u0142u przedsz.<\/a><\/p>\n<p><a href=\"http:\/\/mycielewo.pl\/?attachment_id=4289\" rel=\"attachment wp-att-4289\">Karta zapisu do klasy pierwszej SP<\/a><\/p>\n<p><a href=\"http:\/\/mycielewo.pl\/?attachment_id=4290\" rel=\"attachment wp-att-4290\">Karta zapisu do klasy I gimnazjum<\/a><\/p>\n<p><a href=\"http:\/\/mycielewo.pl\/?attachment_id=4291\" rel=\"attachment wp-att-4291\">Zasady rekrutacji do oddzia\u0142u przedszkolnego Zespo\u0142u Szk\u00f3\u0142 w Mycielewie<\/a><\/p>\n","protected":false},"excerpt":{"rendered":"<p>SZANOWNI PA\u0143STWO Dyrektor Zespo\u0142u Szk\u00f3\u0142 w Mycielewie informuje o ZAPISACH DO ODDZIA\u0141\u00d3W PRZEDSZKOLNYCH, PUNKTU PRZEDSZKOLNEGO I KLASY PIERWSZEJ\u00a0 Szko\u0142y Podstawowej w Mycielewie NA ROK SZKOLNY 2013\/2014 zapisy przyjmowane s\u0105 w sekretariacie szko\u0142y \u00a0\u00a0\u00a0\u00a0\u00a0\u00a0\u00a0\u00a0\u00a0\u00a0\u00a0\u00a0\u00a0\u00a0\u00a0\u00a0\u00a0\u00a0\u00a0\u00a0\u00a0\u00a0\u00a0\u00a0\u00a0\u00a0\u00a0\u00a0od poniedzia\u0142ku do pi\u0105tku w godz. 9:00-12.30 w terminie od 1 marca do 15 kwietnia 2013 r. Przy zapisie Rodzic\u00a0 zobowi\u0105zany jest posiada\u0107&hellip; <a class=\"continue\" href=\"https:\/\/mycielewo.pl\/?p=4294\">Kontynuuj czytanie<span> Zapisy do Punktu Przedszkolnego, Oddzia\u0142\u00f3w Przedszkolnych i klasy I szko\u0142y podstawowej<\/span><\/a><\/p>\n","protected":false},"author":1,"featured_media":0,"comment_status":"open","ping_status":"open","sticky":false,"template":"","format":"standard","meta":{"footnotes":""},"categories":[9,6],"tags":[],"class_list":["post-4294","post","type-post","status-publish","format-standard","hentry","category-ogloszenia","category-przedszkole"],"_links":{"self":[{"href":"https:\/\/mycielewo.pl\/index.php?rest_route=\/wp\/v2\/posts\/4294","targetHints":{"allow":["GET"]}}],"collection":[{"href":"https:\/\/mycielewo.pl\/index.php?rest_route=\/wp\/v2\/posts"}],"about":[{"href":"https:\/\/mycielewo.pl\/index.php?rest_route=\/wp\/v2\/types\/post"}],"author":[{"embeddable":true,"href":"https:\/\/mycielewo.pl\/index.php?rest_route=\/wp\/v2\/users\/1"}],"replies":[{"embeddable":true,"href":"https:\/\/mycielewo.pl\/index.php?rest_route=%2Fwp%2Fv2%2Fcomments&post=4294"}],"version-history":[{"count":11,"href":"https:\/\/mycielewo.pl\/index.php?rest_route=\/wp\/v2\/posts\/4294\/revisions"}],"predecessor-version":[{"id":42064,"href":"https:\/\/mycielewo.pl\/index.php?rest_route=\/wp\/v2\/posts\/4294\/revisions\/42064"}],"wp:attachment":[{"href":"https:\/\/mycielewo.pl\/index.php?rest_route=%2Fwp%2Fv2%2Fmedia&parent=4294"}],"wp:term":[{"taxonomy":"category","embeddable":true,"href":"https:\/\/mycielewo.pl\/index.php?rest_route=%2Fwp%2Fv2%2Fcategories&post=4294"},{"taxonomy":"post_tag","embeddable":true,"href":"https:\/\/mycielewo.pl\/index.php?rest_route=%2Fwp%2Fv2%2Ftags&post=4294"}],"curies":[{"name":"wp","href":"https:\/\/api.w.org\/{rel}","templated":true}]}}