{"id":41481,"date":"2024-02-07T19:07:33","date_gmt":"2024-02-07T19:07:33","guid":{"rendered":"http:\/\/www.mycielewo.pl\/?p=41481"},"modified":"2024-02-07T19:21:04","modified_gmt":"2024-02-07T19:21:04","slug":"mikolaj-pezacki-z-kl-v-zdobyl-42-punkty-na-45-w-ogolnopolskim-konkursie-jezyka-angielskiego-zostan-mistrzem-slowek","status":"publish","type":"post","link":"https:\/\/mycielewo.pl\/?p=41481","title":{"rendered":"Miko\u0142aj Pezacki z kl. V\u00a0zdoby\u0142\u00a042 punkty na 45 w Og\u00f3lnopolskim Konkursie J\u0119zyka Angielskiego \u201eZosta\u0144 Mistrzem S\u0142\u00f3wek\u201d"},"content":{"rendered":"\n<p><strong>W listopadzie 2023 r. w naszej szkole odby\u0142 si\u0119 Og\u00f3lnopolski Konkurs J\u0119zyka Angielskiego \u201eZosta\u0144 Mistrzem S\u0142\u00f3wek\u201d, w kt\u00f3rym wzi\u0119li udzia\u0142 uczniowie klas IV-VIII.<\/strong><\/p>\n\n\n\n<p>By\u0142o to wielkie wyzwanie dla uczni\u00f3w, poniewa\u017c konkurs nie by\u0142 \u0142atwy. Tym bardziej mi\u0142o nam jest poinformowa\u0107, \u017ce&nbsp;<strong>Miko\u0142aj Pezacki z kl. V<\/strong>&nbsp;zdoby\u0142&nbsp;<strong>42 punkty na 45<\/strong>. Tym razem nie uda\u0142o si\u0119 zosta\u0107 laureatem, natomiast jest to ogromne wyr\u00f3\u017cnienie dla naszej szko\u0142y, \u017ce mamy zdolnych uczni\u00f3w, kt\u00f3rzy reprezentuj\u0105 nasz\u0105 szko\u0142\u0119 na szczeblu og\u00f3lnopolskim i zdobywaj\u0105 bardzo wysokie wyniki. Gratulujemy r\u00f3wnie\u017c pozosta\u0142ym uczniom, kt\u00f3rzy brali udzia\u0142 w konkursie i trzymamy kciuki za sukcesy w kolejnej edycji!<\/p>\n\n\n\n<p>Dzi\u0119ki uczestnictwu w konkursie nasza szko\u0142a zyska\u0142a Certyfikat Innowacyjnej Szko\u0142y, a nauczyciel przygotowuj\u0105cy uczni\u00f3w do konkursu tytu\u0142 Innowacyjnego Nauczyciela. Koordynatorem konkursu by\u0142a Ma\u0142gorzata Sucharska.<\/p>\n\n\n\n<p class=\"has-text-align-right\"><em>MS<\/em><\/p>\n\n\n\n<figure class=\"wp-block-image size-full\"><img loading=\"lazy\" decoding=\"async\" width=\"1754\" height=\"1241\" src=\"https:\/\/mycielewo.pl\/wp-content\/uploads\/2024\/02\/certyfikat-9_page-0001.jpg\" alt=\"\" class=\"wp-image-41485\" srcset=\"https:\/\/mycielewo.pl\/wp-content\/uploads\/2024\/02\/certyfikat-9_page-0001.jpg 1754w, https:\/\/mycielewo.pl\/wp-content\/uploads\/2024\/02\/certyfikat-9_page-0001-250x177.jpg 250w, https:\/\/mycielewo.pl\/wp-content\/uploads\/2024\/02\/certyfikat-9_page-0001-300x212.jpg 300w, https:\/\/mycielewo.pl\/wp-content\/uploads\/2024\/02\/certyfikat-9_page-0001-768x543.jpg 768w, https:\/\/mycielewo.pl\/wp-content\/uploads\/2024\/02\/certyfikat-9_page-0001-1536x1087.jpg 1536w\" sizes=\"auto, (max-width: 1754px) 100vw, 1754px\" \/><\/figure>\n","protected":false},"excerpt":{"rendered":"<p>W listopadzie 2023 r. w naszej szkole odby\u0142 si\u0119 Og\u00f3lnopolski Konkurs J\u0119zyka Angielskiego \u201eZosta\u0144 Mistrzem S\u0142\u00f3wek\u201d, w kt\u00f3rym wzi\u0119li udzia\u0142 uczniowie klas IV-VIII. By\u0142o to wielkie wyzwanie dla uczni\u00f3w, poniewa\u017c konkurs nie by\u0142 \u0142atwy. Tym bardziej mi\u0142o nam jest poinformowa\u0107, \u017ce&nbsp;Miko\u0142aj Pezacki z kl. V&nbsp;zdoby\u0142&nbsp;42 punkty na 45. Tym razem nie uda\u0142o si\u0119 zosta\u0107 laureatem,&hellip; <a class=\"continue\" href=\"https:\/\/mycielewo.pl\/?p=41481\">Kontynuuj czytanie<span> Miko\u0142aj Pezacki z kl. V\u00a0zdoby\u0142\u00a042 punkty na 45 w Og\u00f3lnopolskim Konkursie J\u0119zyka Angielskiego \u201eZosta\u0144 Mistrzem S\u0142\u00f3wek\u201d<\/span><\/a><\/p>\n","protected":false},"author":1,"featured_media":0,"comment_status":"open","ping_status":"open","sticky":false,"template":"","format":"standard","meta":{"footnotes":""},"categories":[1],"tags":[],"class_list":["post-41481","post","type-post","status-publish","format-standard","hentry","category-bez-kategorii"],"_links":{"self":[{"href":"https:\/\/mycielewo.pl\/index.php?rest_route=\/wp\/v2\/posts\/41481","targetHints":{"allow":["GET"]}}],"collection":[{"href":"https:\/\/mycielewo.pl\/index.php?rest_route=\/wp\/v2\/posts"}],"about":[{"href":"https:\/\/mycielewo.pl\/index.php?rest_route=\/wp\/v2\/types\/post"}],"author":[{"embeddable":true,"href":"https:\/\/mycielewo.pl\/index.php?rest_route=\/wp\/v2\/users\/1"}],"replies":[{"embeddable":true,"href":"https:\/\/mycielewo.pl\/index.php?rest_route=%2Fwp%2Fv2%2Fcomments&post=41481"}],"version-history":[{"count":3,"href":"https:\/\/mycielewo.pl\/index.php?rest_route=\/wp\/v2\/posts\/41481\/revisions"}],"predecessor-version":[{"id":41486,"href":"https:\/\/mycielewo.pl\/index.php?rest_route=\/wp\/v2\/posts\/41481\/revisions\/41486"}],"wp:attachment":[{"href":"https:\/\/mycielewo.pl\/index.php?rest_route=%2Fwp%2Fv2%2Fmedia&parent=41481"}],"wp:term":[{"taxonomy":"category","embeddable":true,"href":"https:\/\/mycielewo.pl\/index.php?rest_route=%2Fwp%2Fv2%2Fcategories&post=41481"},{"taxonomy":"post_tag","embeddable":true,"href":"https:\/\/mycielewo.pl\/index.php?rest_route=%2Fwp%2Fv2%2Ftags&post=41481"}],"curies":[{"name":"wp","href":"https:\/\/api.w.org\/{rel}","templated":true}]}}