{"id":41409,"date":"2024-02-06T19:50:24","date_gmt":"2024-02-06T19:50:24","guid":{"rendered":"http:\/\/www.mycielewo.pl\/?p=41409"},"modified":"2024-02-07T21:53:21","modified_gmt":"2024-02-07T21:53:21","slug":"trwa-rekrutacja-zapraszamy","status":"publish","type":"post","link":"https:\/\/mycielewo.pl\/?p=41409","title":{"rendered":"REKRUTACJA na rok szkolny 2024\/2025 do oddzia\u0142\u00f3w przedszkolnych i klas pierwszych! Zapraszamy serdecznie"},"content":{"rendered":"\n<p>Wnioski do <a href=\"https:\/\/mycielewo.pl\/?page_id=7906\" data-type=\"page\" data-id=\"7906\">pobrania <\/a>ze strony internetowej szko\u0142y lub osobi\u015bcie w sekretariacie Szko\u0142y Podstawowej w Mycielewie.<\/p>\n\n\n\n<p><strong>Harmonogram czynno\u015bci w post\u0119powaniu rekrutacyjnym i post\u0119powaniu uzupe\u0142niaj\u0105cym oraz terminy post\u0119powania rekrutacyjnego i uzupe\u0142niaj\u0105cego okre\u015blone na rok szkolny 2024\/2025 dla przedszkoli samorz\u0105dowych i oddzia\u0142\u00f3w przedszkolnych w publicznych szko\u0142ach podstawowych, dla kt\u00f3rych organem prowadz\u0105cym jest Gmina Kcynia<\/strong><\/p>\n\n\n\n<figure class=\"wp-block-gallery has-nested-images columns-default is-cropped wp-block-gallery-2 is-layout-flex wp-block-gallery-is-layout-flex\">\n<figure class=\"wp-block-image size-full\"><img loading=\"lazy\" decoding=\"async\" width=\"1810\" height=\"2560\" data-id=\"41410\" src=\"https:\/\/mycielewo.pl\/wp-content\/uploads\/2024\/02\/przedszkolny-scaled.jpg\" alt=\"\" class=\"wp-image-41410\" srcset=\"https:\/\/mycielewo.pl\/wp-content\/uploads\/2024\/02\/przedszkolny-scaled.jpg 1810w, https:\/\/mycielewo.pl\/wp-content\/uploads\/2024\/02\/przedszkolny-177x250.jpg 177w, https:\/\/mycielewo.pl\/wp-content\/uploads\/2024\/02\/przedszkolny-212x300.jpg 212w, https:\/\/mycielewo.pl\/wp-content\/uploads\/2024\/02\/przedszkolny-768x1086.jpg 768w, https:\/\/mycielewo.pl\/wp-content\/uploads\/2024\/02\/przedszkolny-1086x1536.jpg 1086w, https:\/\/mycielewo.pl\/wp-content\/uploads\/2024\/02\/przedszkolny-1448x2048.jpg 1448w\" sizes=\"auto, (max-width: 1810px) 100vw, 1810px\" \/><\/figure>\n<\/figure>\n\n\n\n<div class=\"wp-block-file\"><a id=\"wp-block-file--media-7fb81bde-61f1-426e-9452-32a04eb9bb2c\" href=\"https:\/\/mycielewo.pl\/wp-content\/uploads\/2024\/02\/Zarzadzenie-nr-8.2024-przedszkola-rekrutacja-2024.docx\">Zarzadzenie-nr-8.2024-przedszkola-rekrutacja-2024<\/a><a href=\"https:\/\/mycielewo.pl\/wp-content\/uploads\/2024\/02\/Zarzadzenie-nr-8.2024-przedszkola-rekrutacja-2024.docx\" class=\"wp-block-file__button wp-element-button\" download aria-describedby=\"wp-block-file--media-7fb81bde-61f1-426e-9452-32a04eb9bb2c\">Pobierz<\/a><\/div>\n\n\n\n<p><strong>Harmonogram czynno\u015bci w post\u0119powaniu rekrutacyjnym na rok szkolny 2024\/2025 do klas pierwszych w szko\u0142ach podstawowych prowadzonych przez Gmin\u0119 Kcynia<\/strong><\/p>\n\n\n\n<figure class=\"wp-block-image size-full\"><img loading=\"lazy\" decoding=\"async\" width=\"1810\" height=\"2560\" src=\"https:\/\/mycielewo.pl\/wp-content\/uploads\/2024\/02\/rekrutacja-scaled.jpg\" alt=\"\" class=\"wp-image-41411\" srcset=\"https:\/\/mycielewo.pl\/wp-content\/uploads\/2024\/02\/rekrutacja-scaled.jpg 1810w, https:\/\/mycielewo.pl\/wp-content\/uploads\/2024\/02\/rekrutacja-177x250.jpg 177w, https:\/\/mycielewo.pl\/wp-content\/uploads\/2024\/02\/rekrutacja-212x300.jpg 212w, https:\/\/mycielewo.pl\/wp-content\/uploads\/2024\/02\/rekrutacja-768x1086.jpg 768w, https:\/\/mycielewo.pl\/wp-content\/uploads\/2024\/02\/rekrutacja-1086x1536.jpg 1086w, https:\/\/mycielewo.pl\/wp-content\/uploads\/2024\/02\/rekrutacja-1448x2048.jpg 1448w\" sizes=\"auto, (max-width: 1810px) 100vw, 1810px\" \/><\/figure>\n\n\n\n<div class=\"wp-block-file\"><a id=\"wp-block-file--media-400c8c32-1436-46ce-a96b-168aa2065a06\" href=\"https:\/\/mycielewo.pl\/wp-content\/uploads\/2024\/02\/Zarzadzenie-nr-9.2024-szkoly-podstawowe-rekrutacja-2024.docx\">Zarzadzenie-nr-9.2024-szkoly-podstawowe-rekrutacja-2024<\/a><a href=\"https:\/\/mycielewo.pl\/wp-content\/uploads\/2024\/02\/Zarzadzenie-nr-9.2024-szkoly-podstawowe-rekrutacja-2024.docx\" class=\"wp-block-file__button wp-element-button\" download aria-describedby=\"wp-block-file--media-400c8c32-1436-46ce-a96b-168aa2065a06\">Pobierz<\/a><\/div>\n","protected":false},"excerpt":{"rendered":"<p>Wnioski do pobrania ze strony internetowej szko\u0142y lub osobi\u015bcie w sekretariacie Szko\u0142y Podstawowej w Mycielewie. Harmonogram czynno\u015bci w post\u0119powaniu rekrutacyjnym i post\u0119powaniu uzupe\u0142niaj\u0105cym oraz terminy post\u0119powania rekrutacyjnego i uzupe\u0142niaj\u0105cego okre\u015blone na rok szkolny 2024\/2025 dla przedszkoli samorz\u0105dowych i oddzia\u0142\u00f3w przedszkolnych w publicznych szko\u0142ach podstawowych, dla kt\u00f3rych organem prowadz\u0105cym jest Gmina Kcynia Harmonogram czynno\u015bci w post\u0119powaniu&hellip; <a class=\"continue\" href=\"https:\/\/mycielewo.pl\/?p=41409\">Kontynuuj czytanie<span> REKRUTACJA na rok szkolny 2024\/2025 do oddzia\u0142\u00f3w przedszkolnych i klas pierwszych! Zapraszamy serdecznie<\/span><\/a><\/p>\n","protected":false},"author":1,"featured_media":0,"comment_status":"open","ping_status":"open","sticky":false,"template":"","format":"standard","meta":{"footnotes":""},"categories":[1],"tags":[],"class_list":["post-41409","post","type-post","status-publish","format-standard","hentry","category-bez-kategorii"],"_links":{"self":[{"href":"https:\/\/mycielewo.pl\/index.php?rest_route=\/wp\/v2\/posts\/41409","targetHints":{"allow":["GET"]}}],"collection":[{"href":"https:\/\/mycielewo.pl\/index.php?rest_route=\/wp\/v2\/posts"}],"about":[{"href":"https:\/\/mycielewo.pl\/index.php?rest_route=\/wp\/v2\/types\/post"}],"author":[{"embeddable":true,"href":"https:\/\/mycielewo.pl\/index.php?rest_route=\/wp\/v2\/users\/1"}],"replies":[{"embeddable":true,"href":"https:\/\/mycielewo.pl\/index.php?rest_route=%2Fwp%2Fv2%2Fcomments&post=41409"}],"version-history":[{"count":4,"href":"https:\/\/mycielewo.pl\/index.php?rest_route=\/wp\/v2\/posts\/41409\/revisions"}],"predecessor-version":[{"id":41491,"href":"https:\/\/mycielewo.pl\/index.php?rest_route=\/wp\/v2\/posts\/41409\/revisions\/41491"}],"wp:attachment":[{"href":"https:\/\/mycielewo.pl\/index.php?rest_route=%2Fwp%2Fv2%2Fmedia&parent=41409"}],"wp:term":[{"taxonomy":"category","embeddable":true,"href":"https:\/\/mycielewo.pl\/index.php?rest_route=%2Fwp%2Fv2%2Fcategories&post=41409"},{"taxonomy":"post_tag","embeddable":true,"href":"https:\/\/mycielewo.pl\/index.php?rest_route=%2Fwp%2Fv2%2Ftags&post=41409"}],"curies":[{"name":"wp","href":"https:\/\/api.w.org\/{rel}","templated":true}]}}